{"id":86731,"date":"2020-05-26T13:46:57","date_gmt":"2020-05-26T17:46:57","guid":{"rendered":"https:\/\/linitiative.ca\/International\/105443-foot-enregistrement-sonore-la-fifa-n-aura-pas-a-s-impliquer-directement\/"},"modified":"2020-05-26T13:46:57","modified_gmt":"2020-05-26T17:46:57","slug":"105443-foot-enregistrement-sonore-la-fifa-n-aura-pas-a-s-impliquer-directement","status":"publish","type":"post","link":"https:\/\/linitiative.ca\/International\/105443-foot-enregistrement-sonore-la-fifa-n-aura-pas-a-s-impliquer-directement\/","title":{"rendered":"Foot\/Enregistrement sonore: la Fifa n&rsquo;aura pas \u00e0 s&rsquo;impliquer directement"},"content":{"rendered":"<div readability=\"36\">\n<p><strong>ALGER &#8211; La F\u00e9d\u00e9ration internationale de football (Fifa) n&rsquo;aura pas \u00e0 s&rsquo;impliquer directement dans l&rsquo;affaire de l\u2019enregistrement sonore qui aurait impliqu\u00e9 le directeur g\u00e9n\u00e9ral de l&rsquo;ES S\u00e9tif et le manager de joueurs Nassim Sa\u00e2daoui pour le marchandage de matchs, a indiqu\u00e9 la F\u00e9d\u00e9ration alg\u00e9rienne (FAF) sur son site officiel.<\/strong><\/p>\n<\/div>\n<div readability=\"68\">\n<p>\u00ab\u00a0La Fifa n\u2019aura pas \u00e0 s\u2019impliquer directement car il s\u2019agit d\u2019une affaire interne qui devra \u00eatre trait\u00e9e par les instances et les juridictions alg\u00e9riennes. Les commissions juridictionnelles d\u00e9pendantes de la FAF et de la LFP devant traiter cette affaire, auront \u00e0 s\u2019appuyer sur leurs propres r\u00e8glements et code disciplinaire\u00a0\u00bb, a indiqu\u00e9 la FAF dans un communiqu\u00e9.<\/p>\n<p>Le sujet a \u00e9t\u00e9 trait\u00e9 au cours d&rsquo;une r\u00e9union tenue vendredi dernier entre la FAF, repr\u00e9sent\u00e9e par Salah-Bey Aboud, directeur de la communication et charg\u00e9 du dossier Int\u00e9grit\u00e9, et Ennio Bovolenta, responsable du d\u00e9partement Int\u00e9grit\u00e9 de l&rsquo;instance internationale, ainsi que Vincent Ven et Fran\u00e7ois Braun, tous deux Officiers Int\u00e9grit\u00e9 au sein de la Fifa.<\/p>\n<p>\u00ab\u00a0Le nouveau responsable du d\u00e9partement Int\u00e9grit\u00e9 de la FAF devrait assister d\u2019ores et d\u00e9j\u00e0 \u00e0 l\u2019audition de l\u2019interm\u00e9diaire des joueurs (port\u00e9 officiellement sur la liste des interm\u00e9diaires publi\u00e9e le mois de d\u00e9cembre 2019 sous le num\u00e9ro 126) convoqu\u00e9e pour le 7 juin 2020 par la commission de l\u2019\u00e9thique. Il a \u00e9t\u00e9 convenu d\u2019organiser une autre r\u00e9union la semaine prochaine, en pr\u00e9sence cette fois du nouveau responsable du d\u00e9partement Int\u00e9grit\u00e9 de la FAF afin de proc\u00e9der aux pr\u00e9sentations d\u2019usage et \u00e9changer sur le fonctionnement de cette nouvelle structure\u00a0\u00bb, pr\u00e9cise la FAF.<\/p>\n<p>Halfaya est accus\u00e9 d\u2019avoir sollicit\u00e9 ce manager pour arranger des rencontres et favoriser par cons\u00e9quent son \u00e9quipe afin qu&rsquo;elle remporte le titre de champion d\u2019Alg\u00e9rie au d\u00e9triment des autres concurrents.<\/p>\n<p>Absent lors de la premi\u00e8re s\u00e9ance de la commission de discipline de la Ligue de football professionnel (LFP) pour des \u00ab\u00a0raisons de sant\u00e9\u00a0\u00bb, le DG de l\u2019Entente a d\u00e9clar\u00e9 jeudi dernier, peu apr\u00e8s son audition, qu\u2019il avait d\u00e9pos\u00e9 plainte contre Nassim Sa\u00e2daoui et d\u2019autres personnes pour \u00ab\u00a0chantage\u00a0\u00bb, tout en insistant que l&rsquo;enregistrement sonore est un \u00ab\u00a0faux\u00a0\u00bb.<\/p>\n<\/div>\n<p>Auteur:<br \/>\n<a href=\"http:\/\/www.aps.dz\/sport\/105443-foot-enregistrement-sonore-la-fifa-n-aura-pas-a-s-impliquer-directement?utm_source=feedburner&#038;utm_medium=feed&#038;utm_campaign=Feed%3A+aps-sport+%28APS+-+SPORT%29\">Cliquez ici pour lire l&rsquo;article depuis sa source.<\/a><\/p>\n","protected":false},"excerpt":{"rendered":"<p>ALGER &#8211; La F\u00e9d\u00e9ration internationale de football (Fifa) n&rsquo;aura pas \u00e0 s&rsquo;impliquer directement dans l&rsquo;affaire de l\u2019enregistrement sonore qui aurait impliqu\u00e9 le directeur g\u00e9n\u00e9ral de l&rsquo;ES S\u00e9tif et le manager de joueurs Nassim Sa\u00e2daoui pour le marchandage de matchs, a indiqu\u00e9 la F\u00e9d\u00e9ration alg\u00e9rienne (FAF) sur son site officiel. \u00ab\u00a0La Fifa n\u2019aura pas \u00e0 s\u2019impliquer [&hellip;]<\/p>\n","protected":false},"author":1790,"featured_media":0,"comment_status":"closed","ping_status":"closed","sticky":false,"template":"","format":"standard","meta":{"fifu_image_url":"","fifu_image_alt":"","footnotes":""},"categories":[53,75],"tags":[],"class_list":["post-86731","post","type-post","status-publish","format-standard","hentry","category-algerie","category-sport"],"_links":{"self":[{"href":"https:\/\/linitiative.ca\/International\/wp-json\/wp\/v2\/posts\/86731","targetHints":{"allow":["GET"]}}],"collection":[{"href":"https:\/\/linitiative.ca\/International\/wp-json\/wp\/v2\/posts"}],"about":[{"href":"https:\/\/linitiative.ca\/International\/wp-json\/wp\/v2\/types\/post"}],"author":[{"embeddable":true,"href":"https:\/\/linitiative.ca\/International\/wp-json\/wp\/v2\/users\/1790"}],"replies":[{"embeddable":true,"href":"https:\/\/linitiative.ca\/International\/wp-json\/wp\/v2\/comments?post=86731"}],"version-history":[{"count":0,"href":"https:\/\/linitiative.ca\/International\/wp-json\/wp\/v2\/posts\/86731\/revisions"}],"wp:attachment":[{"href":"https:\/\/linitiative.ca\/International\/wp-json\/wp\/v2\/media?parent=86731"}],"wp:term":[{"taxonomy":"category","embeddable":true,"href":"https:\/\/linitiative.ca\/International\/wp-json\/wp\/v2\/categories?post=86731"},{"taxonomy":"post_tag","embeddable":true,"href":"https:\/\/linitiative.ca\/International\/wp-json\/wp\/v2\/tags?post=86731"}],"curies":[{"name":"wp","href":"https:\/\/api.w.org\/{rel}","templated":true}]}}