{"id":86732,"date":"2020-05-26T14:00:22","date_gmt":"2020-05-26T18:00:22","guid":{"rendered":"https:\/\/linitiative.ca\/International\/105446-football-belmadi-a-apporte-une-dynamique-a-l-equipe-algerienne\/"},"modified":"2020-05-26T14:00:22","modified_gmt":"2020-05-26T18:00:22","slug":"105446-football-belmadi-a-apporte-une-dynamique-a-l-equipe-algerienne","status":"publish","type":"post","link":"https:\/\/linitiative.ca\/International\/105446-football-belmadi-a-apporte-une-dynamique-a-l-equipe-algerienne\/","title":{"rendered":"Football: \u00ab\u00a0Belmadi a apport\u00e9 une dynamique \u00e0 l\u2019\u00e9quipe alg\u00e9rienne\u00a0\u00bb"},"content":{"rendered":"<p><span class=\"sp-nh-title\">L\u2019Alg\u00e9rie prend part mercredi \u00e0 une r\u00e9union consultative sur l&rsquo;impact du Covid-19 sur les \u00e9ch\u00e9ances \u00e9lectorales en Afrique<\/span> &#8211; <span class=\"sp-nh-date\">mardi 26 mai 2020 20:15<\/span><\/p>\n<p><span class=\"sp-nh-title\">PLFC 2020: mobiliser tous les moyens pour couvrir les d\u00e9penses suppl\u00e9mentaires<\/span> &#8211; <span class=\"sp-nh-date\">mardi 26 mai 2020 19:49<\/span><\/p>\n<p><span class=\"sp-nh-title\">Mascara: 6 malades gu\u00e9ris du Covid-19 quittent l\u2019h\u00f4pital<\/span> &#8211; <span class=\"sp-nh-date\">mardi 26 mai 2020 19:34<\/span><\/p>\n<p><span class=\"sp-nh-title\">Ouest: plus de 900 infractions au confinement sanitaire durant l\u2019A\u00efd El Fitr<\/span> &#8211; <span class=\"sp-nh-date\">mardi 26 mai 2020 19:31<\/span><\/p>\n<p><span class=\"sp-nh-title\">La BAD lance une publication scientifique sur la politique fonci\u00e8re en Afrique<\/span> &#8211; <span class=\"sp-nh-date\">mardi 26 mai 2020 19:27<\/span><\/p>\n<p><span class=\"sp-nh-title\">Afrique-Covid19: l\u2019ONU appelle au respect des pratiques d\u00e9mocratiques<\/span> &#8211; <span class=\"sp-nh-date\">mardi 26 mai 2020 19:20<\/span><\/p>\n<p><span class=\"sp-nh-title\">Covid-19\/Non-respect des mesures de pr\u00e9vention: proc\u00e9dures judiciaires contre 5.319 individus<\/span> &#8211; <span class=\"sp-nh-date\">mardi 26 mai 2020 19:13<\/span><\/p>\n<p><span class=\"sp-nh-title\">L&rsquo;UA attach\u00e9e au droit du peuple sahraoui \u00e0 l&rsquo;autod\u00e9termination<\/span> &#8211; <span class=\"sp-nh-date\">mardi 26 mai 2020 19:10<\/span><\/p>\n<p><span class=\"sp-nh-title\">Football: Belmadi a apport\u00e9 une dynamique \u00e0 l\u2019\u00e9quipe alg\u00e9rienne<\/span> &#8211; <span class=\"sp-nh-date\">mardi 26 mai 2020 19:00<\/span><\/p>\n<p><span class=\"sp-nh-title\">Le G\u00e9n\u00e9ral-major Said Chanegriha pr\u00e9sidera mercredi un colloque sur le Covid-19<\/span> &#8211; <span class=\"sp-nh-date\">mardi 26 mai 2020 18:53<\/span><\/p>\n<p><span class=\"sp-nh-title\">Alger-Protection civile: plus de 300 interventions enregistr\u00e9es au cours des 2 jours de l&rsquo;A\u00efd El Fitr<\/span> &#8211; <span class=\"sp-nh-date\">mardi 26 mai 2020 18:48<\/span><\/p>\n<p><span class=\"sp-nh-title\">Foot\/Enregistrement sonore: la Fifa n&rsquo;aura pas \u00e0 s&rsquo;impliquer directement<\/span> &#8211; <span class=\"sp-nh-date\">mardi 26 mai 2020 18:46<\/span><\/p>\n<p><span class=\"sp-nh-title\">Chlef: mise en \u00e9chec d\u2019une tentative d&rsquo;\u00e9migration clandestine de 17 personnes \u00e0 T\u00e9n\u00e9s<\/span> &#8211; <span class=\"sp-nh-date\">mardi 26 mai 2020 18:23<\/span><\/p>\n<p><span class=\"sp-nh-title\">L&rsquo;Universitaire Maougal met en garde contre des tentatives d&rsquo;infiltration du Hirak<\/span> &#8211; <span class=\"sp-nh-date\">mardi 26 mai 2020 17:55<\/span><\/p>\n<p><span class=\"sp-nh-title\">Journ\u00e9e de l\u2019Afrique-Sahara occidental: le Zimbabwe appelle \u00e0 la fin de l&rsquo;occupation sur le continent africain<\/span> &#8211; <span class=\"sp-nh-date\">mardi 26 mai 2020 17:51<\/span><\/p>\n<p><span class=\"sp-nh-title\">Le Parlement de Navarre appelle \u00e0 la lib\u00e9ration imm\u00e9diate des prisonniers politiques sahraouis<\/span> &#8211; <span class=\"sp-nh-date\">mardi 26 mai 2020 17:42<\/span><\/p>\n<p><span class=\"sp-nh-title\">Covid19: 194 nouveaux cas, 171 gu\u00e9risons et 8 d\u00e9c\u00e8s en Alg\u00e9rie durant les derni\u00e8res 24h<\/span> &#8211; <span class=\"sp-nh-date\">mardi 26 mai 2020 17:31<\/span><\/p>\n<p><span class=\"sp-nh-title\">Le ministre des Finances pr\u00e9sente le PLFC 2020 devant l&rsquo;APN<\/span> &#8211; <span class=\"sp-nh-date\">mardi 26 mai 2020 17:20<\/span><\/p>\n<p><span class=\"sp-nh-title\">Alger: les SMA comm\u00e9morent le 79e anniversaire de la mort du martyr Mohamed Bouras<\/span> &#8211; <span class=\"sp-nh-date\">mardi 26 mai 2020 17:10<\/span><\/p>\n<p><span class=\"sp-nh-title\">Corruption: report au 2 juin du proc\u00e8s d\u2019Abdelghani Hamel et de son fils<\/span> &#8211; <span class=\"sp-nh-date\">mardi 26 mai 2020 17:05<\/span><\/p>\n<p>Auteur:<br \/>\n<a href=\"http:\/\/www.aps.dz\/sport\/105446-football-belmadi-a-apporte-une-dynamique-a-l-equipe-algerienne?utm_source=feedburner&#038;utm_medium=feed&#038;utm_campaign=Feed%3A+aps-sport+%28APS+-+SPORT%29\">Cliquez ici pour lire l&rsquo;article depuis sa source.<\/a><\/p>\n","protected":false},"excerpt":{"rendered":"<p>L\u2019Alg\u00e9rie prend part mercredi \u00e0 une r\u00e9union consultative sur l&rsquo;impact du Covid-19 sur les \u00e9ch\u00e9ances \u00e9lectorales en Afrique &#8211; mardi 26 mai 2020 20:15 PLFC 2020: mobiliser tous les moyens pour couvrir les d\u00e9penses suppl\u00e9mentaires &#8211; mardi 26 mai 2020 19:49 Mascara: 6 malades gu\u00e9ris du Covid-19 quittent l\u2019h\u00f4pital &#8211; mardi 26 mai 2020 19:34 [&hellip;]<\/p>\n","protected":false},"author":1790,"featured_media":0,"comment_status":"closed","ping_status":"closed","sticky":false,"template":"","format":"standard","meta":{"fifu_image_url":"","fifu_image_alt":"","footnotes":""},"categories":[53,75],"tags":[],"class_list":["post-86732","post","type-post","status-publish","format-standard","hentry","category-algerie","category-sport"],"_links":{"self":[{"href":"https:\/\/linitiative.ca\/International\/wp-json\/wp\/v2\/posts\/86732","targetHints":{"allow":["GET"]}}],"collection":[{"href":"https:\/\/linitiative.ca\/International\/wp-json\/wp\/v2\/posts"}],"about":[{"href":"https:\/\/linitiative.ca\/International\/wp-json\/wp\/v2\/types\/post"}],"author":[{"embeddable":true,"href":"https:\/\/linitiative.ca\/International\/wp-json\/wp\/v2\/users\/1790"}],"replies":[{"embeddable":true,"href":"https:\/\/linitiative.ca\/International\/wp-json\/wp\/v2\/comments?post=86732"}],"version-history":[{"count":0,"href":"https:\/\/linitiative.ca\/International\/wp-json\/wp\/v2\/posts\/86732\/revisions"}],"wp:attachment":[{"href":"https:\/\/linitiative.ca\/International\/wp-json\/wp\/v2\/media?parent=86732"}],"wp:term":[{"taxonomy":"category","embeddable":true,"href":"https:\/\/linitiative.ca\/International\/wp-json\/wp\/v2\/categories?post=86732"},{"taxonomy":"post_tag","embeddable":true,"href":"https:\/\/linitiative.ca\/International\/wp-json\/wp\/v2\/tags?post=86732"}],"curies":[{"name":"wp","href":"https:\/\/api.w.org\/{rel}","templated":true}]}}