{"id":86733,"date":"2020-05-26T13:29:00","date_gmt":"2020-05-26T17:29:00","guid":{"rendered":"https:\/\/linitiative.ca\/International\/apoce-le-prix-du-masque-ne-doit-pas-depasser-15-da\/"},"modified":"2020-05-26T13:29:00","modified_gmt":"2020-05-26T17:29:00","slug":"apoce-le-prix-du-masque-ne-doit-pas-depasser-15-da","status":"publish","type":"post","link":"https:\/\/linitiative.ca\/International\/apoce-le-prix-du-masque-ne-doit-pas-depasser-15-da\/","title":{"rendered":"APOCE : Le prix du masque ne doit pas d\u00e9passer 15 DA"},"content":{"rendered":"<p><br id=\"sep_para_1\" class=\"sep_para access\"\/><\/p>\n<div id=\"para_1\" class=\"para_37154622 resize\">\n<div class=\"photo shadow left\"><a href=\"javascript:void(0)\" rel=\"https:\/\/www.reflexiondz.net\/photo\/art\/grande\/46563202-37154622.jpg?v=1590518988&amp;ibox\" title=\"APOCE : Le prix du masque ne doit pas d\u00e9passer 15 DA\"><img decoding=\"async\" class=\"responsive c9\" src=\"https:\/\/www.reflexiondz.net\/photo\/art\/grande\/46563202-37154622.jpg?v=1590518988\" alt=\"APOCE : Le prix du masque ne doit pas d\u00e9passer 15 DA\" title=\"APOCE : Le prix du masque ne doit pas d\u00e9passer 15 DA\"\/><img decoding=\"async\" class=\"not-responsive\" src=\"https:\/\/www.reflexiondz.net\/photo\/art\/default\/46563202-37154622.jpg?v=1590518989\" alt=\"APOCE : Le prix du masque ne doit pas d\u00e9passer 15 DA\" title=\"APOCE : Le prix du masque ne doit pas d\u00e9passer 15 DA\"\/><\/a><\/div>\n<div class=\"texte access firstletter\">Le pr\u00e9sident de l\u2019Organisation alg\u00e9rienne de protection et d\u2019orientation du consommateur et son environnement (Apoce), Mustapha Zebdi a indiqu\u00e9 que le prix r\u00e9el du masque de protection ne doit pas d\u00e9passer les 15 DA. Dans une d\u00e9claration \u00e0 la Radio nationale, le pr\u00e9sident de l\u2019APOCE estime que le port du masque de protection est une obligation compte tenu de l\u2019\u00e9volution de l\u2019\u00e9pid\u00e9mie du coronavirus dans le pays. Cependant, \u00ab le prix du masque ne doit pas d\u00e9passer les 15 DA \u00bb, souligne-t-il. Zebdi a insist\u00e9 sur la n\u00e9cessit\u00e9 d\u2019organiser les comportements du consommateur en ce temps de crise sanitaire que traverse le pays. Il ajoute dans ce sens que l\u2019engagement du citoyen au respect des mesures est un devoir national. Concernant l\u2019obligation du port du masque, le pr\u00e9sident de l\u2019APOCE affirme qu\u2019il n\u2019y a aucun pr\u00e9texte \u00e0 ne pas en porter un.\u00a0 \u00ab En cas de non-disponibilit\u00e9, le citoyen doit se d\u00e9brouiller, et ce en le confectionnant avec du tissu \u00bb, pr\u00e9conise-t-il. Mustapha Zebdi a consid\u00e9r\u00e9 que le prix du masque plafonn\u00e9 par le minist\u00e8re de la Sant\u00e9 \u00e0 40 DA est trop \u00e9lev\u00e9. Il insiste \u00e9galement sur la n\u00e9cessit\u00e9 de la commercialisation de ces masques au niveau des pharmacies. Rappelons que le prix du masque de protection a \u00e9t\u00e9 plafonn\u00e9 en Alg\u00e9rie, par le minist\u00e8re de la Sant\u00e9, \u00e0 40 DA l\u2019unit\u00e9.\u00a0\u00a0\u00a0\u00a0\u00a0\u00a0\u00a0<\/div>\n<\/div>\n<p>Auteur: Nadine<br \/>\n<a href=\"https:\/\/www.reflexiondz.net\/APOCE-Le-prix-du-masque-ne-doit-pas-depasser-15-DA_a62944.html\">Cliquez ici pour lire l&rsquo;article depuis sa source.<\/a><\/p>\n","protected":false},"excerpt":{"rendered":"<p>Le pr\u00e9sident de l\u2019Organisation alg\u00e9rienne de protection et d\u2019orientation du consommateur et son environnement (Apoce), Mustapha Zebdi a indiqu\u00e9 que le prix r\u00e9el du masque de protection ne doit pas d\u00e9passer les 15 DA. Dans une d\u00e9claration \u00e0 la Radio nationale, le pr\u00e9sident de l\u2019APOCE estime que le port du masque de protection est une [&hellip;]<\/p>\n","protected":false},"author":1740,"featured_media":0,"comment_status":"closed","ping_status":"closed","sticky":false,"template":"","format":"standard","meta":{"fifu_image_url":"","fifu_image_alt":"","footnotes":""},"categories":[53,76],"tags":[],"class_list":["post-86733","post","type-post","status-publish","format-standard","hentry","category-algerie","category-regions"],"_links":{"self":[{"href":"https:\/\/linitiative.ca\/International\/wp-json\/wp\/v2\/posts\/86733","targetHints":{"allow":["GET"]}}],"collection":[{"href":"https:\/\/linitiative.ca\/International\/wp-json\/wp\/v2\/posts"}],"about":[{"href":"https:\/\/linitiative.ca\/International\/wp-json\/wp\/v2\/types\/post"}],"author":[{"embeddable":true,"href":"https:\/\/linitiative.ca\/International\/wp-json\/wp\/v2\/users\/1740"}],"replies":[{"embeddable":true,"href":"https:\/\/linitiative.ca\/International\/wp-json\/wp\/v2\/comments?post=86733"}],"version-history":[{"count":0,"href":"https:\/\/linitiative.ca\/International\/wp-json\/wp\/v2\/posts\/86733\/revisions"}],"wp:attachment":[{"href":"https:\/\/linitiative.ca\/International\/wp-json\/wp\/v2\/media?parent=86733"}],"wp:term":[{"taxonomy":"category","embeddable":true,"href":"https:\/\/linitiative.ca\/International\/wp-json\/wp\/v2\/categories?post=86733"},{"taxonomy":"post_tag","embeddable":true,"href":"https:\/\/linitiative.ca\/International\/wp-json\/wp\/v2\/tags?post=86733"}],"curies":[{"name":"wp","href":"https:\/\/api.w.org\/{rel}","templated":true}]}}