{"id":86734,"date":"2020-05-26T13:29:00","date_gmt":"2020-05-26T17:29:00","guid":{"rendered":"https:\/\/linitiative.ca\/International\/asl-airlines-france-programmation-de-5-vols-vers-paris-a-partir-dalger\/"},"modified":"2020-05-26T13:29:00","modified_gmt":"2020-05-26T17:29:00","slug":"asl-airlines-france-programmation-de-5-vols-vers-paris-a-partir-dalger","status":"publish","type":"post","link":"https:\/\/linitiative.ca\/International\/asl-airlines-france-programmation-de-5-vols-vers-paris-a-partir-dalger\/","title":{"rendered":"ASL AIRLINES FRANCE : Programmation de  5 vols  vers Paris \u00e0 partir d\u2019Alger"},"content":{"rendered":"<p><br id=\"sep_para_1\" class=\"sep_para access\"\/><\/p>\n<div id=\"para_1\" class=\"para_37154632 resize\">\n<div class=\"texte access firstletter\">La compagnie arienne fran\u00e7aise, ASL Airlines, a programm\u00e9 l\u2019organisation de 5 vols retour \u00e0 partir d\u2019Alger vers la capitale fran\u00e7aise Paris, et cela d\u00e8s aujourd\u2019hui 27 mai. C\u2019est le consulat g\u00e9n\u00e9ral de France \u00e0 Alger, qui l\u2019a annonc\u00e9 mardi dans un communiqu\u00e9, ou il est pr\u00e9cis\u00e9 que ces vols sont r\u00e9alis\u00e9s en \u00ab \u00e9troite collaboration avec les autorit\u00e9s fran\u00e7aises et alg\u00e9riennes \u00bb. Ainsi, ASL Airlines France organise un vol sp\u00e9cial de retour au d\u00e9part d\u2019Alger vers Paris CDG les 27, 28, 29, 30 et 31 mai 2020. La compagnie ASL Airlines invite les passagers \u00e0 r\u00e9server leur billet au tarif unique de 390\u20ac TTC en se rendant sur son site internet. Ce d\u00e9ploiement, vient suite \u00e0 la grande demande pour le rapatriement des fran\u00e7ais ainsi que les binationaux bloqu\u00e9s en Alg\u00e9rie. Pour rappel, un vol de la m\u00eame compagnie est organis\u00e9 aussi pour aujourd\u2019hui, mais il est insuffisant pour r\u00e9pondre \u00e0 toute la demande.<\/div>\n<\/div>\n<p>Auteur: Nadine<br \/>\n<a href=\"https:\/\/www.reflexiondz.net\/ASL-AIRLINES-FRANCE-Programmation-de-5-vols-vers-Paris-a-partir-d-Alger_a62946.html\">Cliquez ici pour lire l&rsquo;article depuis sa source.<\/a><\/p>\n","protected":false},"excerpt":{"rendered":"<p>La compagnie arienne fran\u00e7aise, ASL Airlines, a programm\u00e9 l\u2019organisation de 5 vols retour \u00e0 partir d\u2019Alger vers la capitale fran\u00e7aise Paris, et cela d\u00e8s aujourd\u2019hui 27 mai. C\u2019est le consulat g\u00e9n\u00e9ral de France \u00e0 Alger, qui l\u2019a annonc\u00e9 mardi dans un communiqu\u00e9, ou il est pr\u00e9cis\u00e9 que ces vols sont r\u00e9alis\u00e9s en \u00ab \u00e9troite collaboration [&hellip;]<\/p>\n","protected":false},"author":1740,"featured_media":0,"comment_status":"closed","ping_status":"closed","sticky":false,"template":"","format":"standard","meta":{"fifu_image_url":"","fifu_image_alt":"","footnotes":""},"categories":[53,76],"tags":[],"class_list":["post-86734","post","type-post","status-publish","format-standard","hentry","category-algerie","category-regions"],"_links":{"self":[{"href":"https:\/\/linitiative.ca\/International\/wp-json\/wp\/v2\/posts\/86734","targetHints":{"allow":["GET"]}}],"collection":[{"href":"https:\/\/linitiative.ca\/International\/wp-json\/wp\/v2\/posts"}],"about":[{"href":"https:\/\/linitiative.ca\/International\/wp-json\/wp\/v2\/types\/post"}],"author":[{"embeddable":true,"href":"https:\/\/linitiative.ca\/International\/wp-json\/wp\/v2\/users\/1740"}],"replies":[{"embeddable":true,"href":"https:\/\/linitiative.ca\/International\/wp-json\/wp\/v2\/comments?post=86734"}],"version-history":[{"count":0,"href":"https:\/\/linitiative.ca\/International\/wp-json\/wp\/v2\/posts\/86734\/revisions"}],"wp:attachment":[{"href":"https:\/\/linitiative.ca\/International\/wp-json\/wp\/v2\/media?parent=86734"}],"wp:term":[{"taxonomy":"category","embeddable":true,"href":"https:\/\/linitiative.ca\/International\/wp-json\/wp\/v2\/categories?post=86734"},{"taxonomy":"post_tag","embeddable":true,"href":"https:\/\/linitiative.ca\/International\/wp-json\/wp\/v2\/tags?post=86734"}],"curies":[{"name":"wp","href":"https:\/\/api.w.org\/{rel}","templated":true}]}}