{"id":86735,"date":"2020-05-26T13:29:00","date_gmt":"2020-05-26T17:29:00","guid":{"rendered":"https:\/\/linitiative.ca\/International\/crime-au-premier-jour-de-laid-un-trentenaire-tue-a-larme-blanche-a-batna\/"},"modified":"2020-05-26T13:29:00","modified_gmt":"2020-05-26T17:29:00","slug":"crime-au-premier-jour-de-laid-un-trentenaire-tue-a-larme-blanche-a-batna","status":"publish","type":"post","link":"https:\/\/linitiative.ca\/International\/crime-au-premier-jour-de-laid-un-trentenaire-tue-a-larme-blanche-a-batna\/","title":{"rendered":"CRIME AU PREMIER JOUR DE L\u2019A\u00cfD : Un trentenaire tu\u00e9 \u00e0 l\u2019arme blanche \u00e0 Batna"},"content":{"rendered":"<p><br id=\"sep_para_1\" class=\"sep_para access\"\/><\/p>\n<div id=\"para_1\" class=\"para_37154628 resize\">\n<div class=\"texte access firstletter\">La commune de Barika, situ\u00e9e \u00e0 quelques 85 km \u00e0 l\u2019ouest du chef-lieu de la wilaya de Batna, a \u00e9t\u00e9 secou\u00e9e par un crime odieux au cours duquel, un jeune trentenaire y a laiss\u00e9 la vie. Les faits remontent au premier jour de l\u2019A\u00efd-El-Fitr, soit au cours de la journ\u00e9e du dimanche, au niveau de la cit\u00e9 des 200 logements o\u00f9 un jeune d\u2019une trentaine d\u2019ann\u00e9es a \u00e9t\u00e9 mortellement poignard\u00e9, rapporte ce lundi le quotidien El Khabar. Les six pr\u00e9sum\u00e9s auteurs du crime ont \u00e9t\u00e9 arr\u00eat\u00e9s, au niveau de l\u2019h\u00f4pital Mohamed Boudiaf, alors qu\u2019ils \u00e9taient en pleine bagarre avec un ami de la victime. C\u2019\u00e9tait ce dernier qui a transport\u00e9 la victime au service des urgences. La bagarre \u00e9clat\u00e9e au niveau de l\u2019h\u00f4pital a cr\u00e9\u00e9 une grande panique au niveau de cette structure de sant\u00e9, indique la m\u00eame source. Les services de s\u00e9curit\u00e9 ont ouvert une enqu\u00eate pour d\u00e9terminer les circonstances exactes de ce drame. Les d\u00e9tails et la cause du crime ne sont pas encore connus.\u00a0\u00a0\u00a0\u00a0\u00a0\u00a0\u00a0\u00a0<\/div>\n<\/div>\n<p>Auteur: Ismain<br \/>\n<a href=\"https:\/\/www.reflexiondz.net\/CRIME-AU-PREMIER-JOUR-DE-L-AID-Un-trentenaire-tue-a-l-arme-blanche-a-Batna_a62945.html\">Cliquez ici pour lire l&rsquo;article depuis sa source.<\/a><\/p>\n","protected":false},"excerpt":{"rendered":"<p>La commune de Barika, situ\u00e9e \u00e0 quelques 85 km \u00e0 l\u2019ouest du chef-lieu de la wilaya de Batna, a \u00e9t\u00e9 secou\u00e9e par un crime odieux au cours duquel, un jeune trentenaire y a laiss\u00e9 la vie. Les faits remontent au premier jour de l\u2019A\u00efd-El-Fitr, soit au cours de la journ\u00e9e du dimanche, au niveau de [&hellip;]<\/p>\n","protected":false},"author":1740,"featured_media":0,"comment_status":"closed","ping_status":"closed","sticky":false,"template":"","format":"standard","meta":{"fifu_image_url":"","fifu_image_alt":"","footnotes":""},"categories":[53,76],"tags":[],"class_list":["post-86735","post","type-post","status-publish","format-standard","hentry","category-algerie","category-regions"],"_links":{"self":[{"href":"https:\/\/linitiative.ca\/International\/wp-json\/wp\/v2\/posts\/86735","targetHints":{"allow":["GET"]}}],"collection":[{"href":"https:\/\/linitiative.ca\/International\/wp-json\/wp\/v2\/posts"}],"about":[{"href":"https:\/\/linitiative.ca\/International\/wp-json\/wp\/v2\/types\/post"}],"author":[{"embeddable":true,"href":"https:\/\/linitiative.ca\/International\/wp-json\/wp\/v2\/users\/1740"}],"replies":[{"embeddable":true,"href":"https:\/\/linitiative.ca\/International\/wp-json\/wp\/v2\/comments?post=86735"}],"version-history":[{"count":0,"href":"https:\/\/linitiative.ca\/International\/wp-json\/wp\/v2\/posts\/86735\/revisions"}],"wp:attachment":[{"href":"https:\/\/linitiative.ca\/International\/wp-json\/wp\/v2\/media?parent=86735"}],"wp:term":[{"taxonomy":"category","embeddable":true,"href":"https:\/\/linitiative.ca\/International\/wp-json\/wp\/v2\/categories?post=86735"},{"taxonomy":"post_tag","embeddable":true,"href":"https:\/\/linitiative.ca\/International\/wp-json\/wp\/v2\/tags?post=86735"}],"curies":[{"name":"wp","href":"https:\/\/api.w.org\/{rel}","templated":true}]}}