{"id":86736,"date":"2020-05-26T13:29:00","date_gmt":"2020-05-26T17:29:00","guid":{"rendered":"https:\/\/linitiative.ca\/International\/tribunal-de-boumerdes-le-proces-dabdelghani-hamel-reporte-au-2-juin\/"},"modified":"2020-05-26T13:29:00","modified_gmt":"2020-05-26T17:29:00","slug":"tribunal-de-boumerdes-le-proces-dabdelghani-hamel-reporte-au-2-juin","status":"publish","type":"post","link":"https:\/\/linitiative.ca\/International\/tribunal-de-boumerdes-le-proces-dabdelghani-hamel-reporte-au-2-juin\/","title":{"rendered":"TRIBUNAL DE BOUMERDES : Le proc\u00e8s d\u2019Abdelghani Hamel report\u00e9 au 2 juin"},"content":{"rendered":"<p><br id=\"sep_para_1\" class=\"sep_para access\"\/><\/p>\n<div id=\"para_1\" class=\"para_37154607 resize\">\n<div class=\"texte access firstletter\">Le tribunal de Boumerdes a report\u00e9,\u00a0 mardi, le proc\u00e8s de l\u2019ancien DGSN, Abdelghani Hamel, au 2 juin prochain, selon une source judiciaire. Li\u00e9 au d\u00e9tournement du foncier agricole, dilapidation des deniers publics et trafic d\u2019influence, ce proc\u00e8s s\u2019annonce d\u2019autant plus retentissant encore qu\u2019il implique les anciens ministres des finances et des travaux\u00a0 publics, respectivement Hadji\u00a0 Baba Ammi et Abdelader Kadi ainsi que plusieurs walis et Chafik Hamel, fils du principal accus\u00e9. Ils devront r\u00e9pondre des chefs d&rsquo;accusation de d\u00e9tournement et dilapidation du foncier agricole ainsi que de deniers publics et trafic d&rsquo;influence \u00e0 des fins d&rsquo;activit\u00e9s ill\u00e9gales. Pour leur part, le fr\u00e8re de l\u2019ancien Pr\u00e9sident, Sa\u00efd Bouteflika et les deux anciens Premiers ministres, Abdelmalek Sellal et Noureddine Bedoui, sont appel\u00e9s comme t\u00e9moins dans l\u2019affaire.\u00a0\u00a0<\/div>\n<\/div>\n<p>Auteur: Nadine<br \/>\n<a href=\"https:\/\/www.reflexiondz.net\/TRIBUNAL-DE-BOUMERDES-Le-proces-d-Abdelghani-Hamel-reporte-au-2-juin_a62942.html\">Cliquez ici pour lire l&rsquo;article depuis sa source.<\/a><\/p>\n","protected":false},"excerpt":{"rendered":"<p>Le tribunal de Boumerdes a report\u00e9,\u00a0 mardi, le proc\u00e8s de l\u2019ancien DGSN, Abdelghani Hamel, au 2 juin prochain, selon une source judiciaire. Li\u00e9 au d\u00e9tournement du foncier agricole, dilapidation des deniers publics et trafic d\u2019influence, ce proc\u00e8s s\u2019annonce d\u2019autant plus retentissant encore qu\u2019il implique les anciens ministres des finances et des travaux\u00a0 publics, respectivement Hadji\u00a0 [&hellip;]<\/p>\n","protected":false},"author":1740,"featured_media":0,"comment_status":"closed","ping_status":"closed","sticky":false,"template":"","format":"standard","meta":{"fifu_image_url":"","fifu_image_alt":"","footnotes":""},"categories":[53,76],"tags":[],"class_list":["post-86736","post","type-post","status-publish","format-standard","hentry","category-algerie","category-regions"],"_links":{"self":[{"href":"https:\/\/linitiative.ca\/International\/wp-json\/wp\/v2\/posts\/86736","targetHints":{"allow":["GET"]}}],"collection":[{"href":"https:\/\/linitiative.ca\/International\/wp-json\/wp\/v2\/posts"}],"about":[{"href":"https:\/\/linitiative.ca\/International\/wp-json\/wp\/v2\/types\/post"}],"author":[{"embeddable":true,"href":"https:\/\/linitiative.ca\/International\/wp-json\/wp\/v2\/users\/1740"}],"replies":[{"embeddable":true,"href":"https:\/\/linitiative.ca\/International\/wp-json\/wp\/v2\/comments?post=86736"}],"version-history":[{"count":0,"href":"https:\/\/linitiative.ca\/International\/wp-json\/wp\/v2\/posts\/86736\/revisions"}],"wp:attachment":[{"href":"https:\/\/linitiative.ca\/International\/wp-json\/wp\/v2\/media?parent=86736"}],"wp:term":[{"taxonomy":"category","embeddable":true,"href":"https:\/\/linitiative.ca\/International\/wp-json\/wp\/v2\/categories?post=86736"},{"taxonomy":"post_tag","embeddable":true,"href":"https:\/\/linitiative.ca\/International\/wp-json\/wp\/v2\/tags?post=86736"}],"curies":[{"name":"wp","href":"https:\/\/api.w.org\/{rel}","templated":true}]}}