{"id":86737,"date":"2020-05-26T13:29:00","date_gmt":"2020-05-26T17:29:00","guid":{"rendered":"https:\/\/linitiative.ca\/International\/durant-les-deux-jours-de-laid-el-fitr-rezig-confirme-la-permanence-respectee-a-9944\/"},"modified":"2020-05-26T13:29:00","modified_gmt":"2020-05-26T17:29:00","slug":"durant-les-deux-jours-de-laid-el-fitr-rezig-confirme-la-permanence-respectee-a-9944","status":"publish","type":"post","link":"https:\/\/linitiative.ca\/International\/durant-les-deux-jours-de-laid-el-fitr-rezig-confirme-la-permanence-respectee-a-9944\/","title":{"rendered":"DURANT LES DEUX JOURS DE L\u2019A\u00cfD EL FITR : Rezig confirme : \u2018\u2019la permanence respect\u00e9e \u00e0 99,44%\u2019\u2019"},"content":{"rendered":"<p><br id=\"sep_para_1\" class=\"sep_para access\"\/><\/p>\n<div id=\"para_1\" class=\"para_37154620 resize\">\n<div class=\"texte access firstletter\">Le deuxi\u00e8me jour de l\u2019A\u00efd a enregistr\u00e9 une couverture de 99,45% contre 99,44% au premier jour. Selon la m\u00eame source, le taux de suivi du programme de permanence au deuxi\u00e8me jour de l\u2019A\u00efd \u00e9tait tr\u00e8s \u00e9lev\u00e9, en d\u00e9pit de la situation sanitaire que conna\u00eet le pays et des mesures rigoureuses de confinement impos\u00e9es, dont la suspension du trafic routier pour tout type de v\u00e9hicule \u00bb, ajoute le communiqu\u00e9. Les taux de suivi sont r\u00e9partis comme suit: 99,50% au niveau de la Direction r\u00e9gionale (DR) d\u2019Alger, 100% au niveau de\u00a0 la DR de Annaba, 100 % au niveau de la DR de Ouargla, 95.74% au niveau de la DR de B\u00e9char et 99.93% \u00e0 la DR de Blida, pr\u00e9cise la m\u00eame source. Ce taux a, \u00e9galement, atteint 100% au niveau des DR des wilaya de Batna et Oran alors qu\u2019il \u00e9tait de 99,97% \u00e0 Sa\u00efda et 99,98 \u00e0 la DR de S\u00e9tif. Dans son communiqu\u00e9, le minist\u00e8re du commerce, a salu\u00e9 l\u2019ensemble des commer\u00e7ants, ceux r\u00e9quisitionn\u00e9s et d&rsquo;autres qui n&rsquo;\u00e9taient pas concern\u00e9s par la permanence, les remerciant d\u2019avoir assur\u00e9 le service public au profit des citoyens notamment en cette p\u00e9riode de crise sanitaire. Le ministre du Commerce, Kamel Rezig avait annonc\u00e9 jeudi dernier la r\u00e9quisition de pr\u00e8s de 43.000 commer\u00e7ants pour assurer la permanence les deux jours de l\u2019A\u00efd avec obligation de respecter les mesures de confinement impos\u00e9es derni\u00e8rement par le gouvernement. Lors d\u2019une r\u00e9union au si\u00e8ge du minist\u00e8re du Commerce \u00e0 Alger, le ministre avait d\u00e9clar\u00e9 que les horaires de la permanence seraient cette ann\u00e9e de 7h00 jusqu\u2019\u00e0 13H00, en raison du confinement impos\u00e9e dans toutes les willayas du pays \u00bb.<\/div>\n<\/div>\n<p>Auteur: Ismain<br \/>\n<a href=\"https:\/\/www.reflexiondz.net\/DURANT-LES-DEUX-JOURS-DE-L-AID-EL-FITR-Rezig-confirme-la-permanence-respectee-a-9944_a62943.html\">Cliquez ici pour lire l&rsquo;article depuis sa source.<\/a><\/p>\n","protected":false},"excerpt":{"rendered":"<p>Le deuxi\u00e8me jour de l\u2019A\u00efd a enregistr\u00e9 une couverture de 99,45% contre 99,44% au premier jour. Selon la m\u00eame source, le taux de suivi du programme de permanence au deuxi\u00e8me jour de l\u2019A\u00efd \u00e9tait tr\u00e8s \u00e9lev\u00e9, en d\u00e9pit de la situation sanitaire que conna\u00eet le pays et des mesures rigoureuses de confinement impos\u00e9es, dont la [&hellip;]<\/p>\n","protected":false},"author":1740,"featured_media":0,"comment_status":"closed","ping_status":"closed","sticky":false,"template":"","format":"standard","meta":{"fifu_image_url":"","fifu_image_alt":"","footnotes":""},"categories":[53,76],"tags":[],"class_list":["post-86737","post","type-post","status-publish","format-standard","hentry","category-algerie","category-regions"],"_links":{"self":[{"href":"https:\/\/linitiative.ca\/International\/wp-json\/wp\/v2\/posts\/86737","targetHints":{"allow":["GET"]}}],"collection":[{"href":"https:\/\/linitiative.ca\/International\/wp-json\/wp\/v2\/posts"}],"about":[{"href":"https:\/\/linitiative.ca\/International\/wp-json\/wp\/v2\/types\/post"}],"author":[{"embeddable":true,"href":"https:\/\/linitiative.ca\/International\/wp-json\/wp\/v2\/users\/1740"}],"replies":[{"embeddable":true,"href":"https:\/\/linitiative.ca\/International\/wp-json\/wp\/v2\/comments?post=86737"}],"version-history":[{"count":0,"href":"https:\/\/linitiative.ca\/International\/wp-json\/wp\/v2\/posts\/86737\/revisions"}],"wp:attachment":[{"href":"https:\/\/linitiative.ca\/International\/wp-json\/wp\/v2\/media?parent=86737"}],"wp:term":[{"taxonomy":"category","embeddable":true,"href":"https:\/\/linitiative.ca\/International\/wp-json\/wp\/v2\/categories?post=86737"},{"taxonomy":"post_tag","embeddable":true,"href":"https:\/\/linitiative.ca\/International\/wp-json\/wp\/v2\/tags?post=86737"}],"curies":[{"name":"wp","href":"https:\/\/api.w.org\/{rel}","templated":true}]}}