{"id":86740,"date":"2020-05-26T10:30:00","date_gmt":"2020-05-26T14:30:00","guid":{"rendered":"https:\/\/linitiative.ca\/International\/soyez-laureats-du-growth-stage-impact-ventures-au-sommet-finance-de-geneve-lappel-du-pnud\/"},"modified":"2020-05-26T10:30:00","modified_gmt":"2020-05-26T14:30:00","slug":"soyez-laureats-du-growth-stage-impact-ventures-au-sommet-finance-de-geneve-lappel-du-pnud","status":"publish","type":"post","link":"https:\/\/linitiative.ca\/International\/soyez-laureats-du-growth-stage-impact-ventures-au-sommet-finance-de-geneve-lappel-du-pnud\/","title":{"rendered":"Soyez laur\u00e9ats du Growth Stage Impact Ventures au Sommet Finance de Gen\u00e8ve : l&rsquo;appel du PNUD"},"content":{"rendered":"<p>Le PNUD, en partenariat avec l\u2019EPFL Tech4Impact, Orange et SAP, lance son second Appel \u00e0 Nominations pour l&rsquo;initiative\u00a0\u00ab\u00a0Growth Stage Impact Ventures (GSIV) for SDGs\u00a0\u00bb, visant \u00e0 identifier\u00a012 entrepreneurs issus de\u00a0pays en d\u00e9veloppement pour pitcher lors de notre\u00a0<a href=\"https:\/\/www.sgsgeneva.org\/?utm_source=Cision&amp;utm_medium=Email&amp;utm_campaign=LaunchCtM_FR\" target=\"_blank\" rel=\"noopener noreferrer\">SDG Finance Geneva \u00a0Summit<\/a>\u00a0(SGSGeneva), au premier trimestre 2021.<\/p>\n<p>Pour plus d&rsquo;informations, merci de t\u00e9l\u00e9charger notre\u00a0<a href=\"https:\/\/www.sgsgeneva.org\/page\/1534062\/press-release-20-fr?utm_source=Cision&amp;utm_medium=Email&amp;utm_campaign=LaunchCtM_FR\" target=\"_blank\" rel=\"noopener noreferrer\">Communiqu\u00e9 de Presse\u00a0officiel.<\/a><\/p>\n<p>Nous voulons identifier\u00a0des entreprises qui ont boucl\u00e9 leur S\u00e9rie A de financement et qui d\u00e9livrent des produits et services pour\u00a0les Objectifs de d\u00e9veloppement durable (ODD). Ils contribuent \u00e0 r\u00e9duire les in\u00e9galit\u00e9s (notamment celles de genre) en fournissant aux plus pauvres des solutions d\u2019acc\u00e8s \u00e0 la sant\u00e9 de qualit\u00e9, l\u2019\u00e9nergie propre et abordable, et de r\u00e9duction et recyclage des d\u00e9chets. Seules les entreprises ayant leur si\u00e8ge, leurs employ\u00e9s et leurs services dans les pays en d\u00e9veloppement sont consid\u00e9r\u00e9es.\u2028\u2028En raison de la crise actuelle d\u00fbe au coronavirus (COVID-19), il est devenu imp\u00e9ratif que des solutions soient d\u00e9velopp\u00e9es et mises \u00e0 disposition pour \u00eatre pr\u00eat et\u00a0faire face aux pand\u00e9mies. Par cons\u00e9quent, l&rsquo;\u00e9dition 2020 de la s\u00e9lection GSIV encouragera tout\u00a0particuli\u00e8rement la nomination d&rsquo;entreprises \u00e0 impact d\u00e9veloppant des solutions sp\u00e9cifiques pouvant aider \u00e0 pr\u00e9venir, traiter, tester et \/ ou surveiller les maladies infectieuses.<\/p>\n<p>Les nominations s&rsquo;effectuent via\u00a0<a href=\"https:\/\/docs.google.com\/forms\/d\/e\/1FAIpQLSeVAO39c9NcI-ad4VnJGYeTdMT-ZKJspNOsLOR2zIU8HaSrzg\/viewform\" target=\"_blank\" rel=\"noopener noreferrer\">un formulaire en ligne<\/a>\u00a0et la date limite est <span class=\"c2\"><strong>le 15 Juillet 2020, \u00e0 23h59 CET.\u2028<\/strong><\/span><\/p>\n<p>Voici\u00a0<a href=\"https:\/\/www.sgsgeneva.org\/page\/1506728\/gsiv-?utm_source=Cision&amp;utm_medium=Email&amp;utm_campaign=LaunchCtM_FR\" target=\"_blank\" rel=\"noopener noreferrer\">la liste compl\u00e8te des crit\u00e8res d&rsquo;\u00e9ligibilit\u00e9<\/a>. Ces entrepreneurs soutenus par le PNUD peuvent prouver que les entreprises \u00e0 impact social sont d\u00e9j\u00e0 florissantes dans les pays en d\u00e9veloppement.\u00a0\u2028<\/p>\n<p>Pour plus d&rsquo;information sur nos finalistes de 2019, rendez-vous sur\u00a0le site <a href=\"https:\/\/www.sgsgeneva.org\/page\/1506722\/entrepreneurs-2019?utm_source=Cision&amp;utm_medium=Email&amp;utm_campaign=LaunchCtM_FR\" target=\"_blank\" rel=\"noopener noreferrer\">SGS<\/a>.<\/p>\n<p><em>(Communiqu\u00e9)<\/em><\/p>\n<p>Auteur:<br \/>\n<a href=\"https:\/\/www.leaders.com.tn\/article\/29996-soyez-laureats-du-growth-stage-impact-ventures-au-sommet-finance-de-geneve-l-appel-du-pnud\">Cliquez ici pour lire l&rsquo;article depuis sa source.<\/a><\/p>\n","protected":false},"excerpt":{"rendered":"<p>Le PNUD, en partenariat avec l\u2019EPFL Tech4Impact, Orange et SAP, lance son second Appel \u00e0 Nominations pour l&rsquo;initiative\u00a0\u00ab\u00a0Growth Stage Impact Ventures (GSIV) for SDGs\u00a0\u00bb, visant \u00e0 identifier\u00a012 entrepreneurs issus de\u00a0pays en d\u00e9veloppement pour pitcher lors de notre\u00a0SDG Finance Geneva \u00a0Summit\u00a0(SGSGeneva), au premier trimestre 2021. Pour plus d&rsquo;informations, merci de t\u00e9l\u00e9charger notre\u00a0Communiqu\u00e9 de Presse\u00a0officiel. Nous voulons [&hellip;]<\/p>\n","protected":false},"author":1772,"featured_media":0,"comment_status":"closed","ping_status":"closed","sticky":false,"template":"","format":"standard","meta":{"fifu_image_url":"","fifu_image_alt":"","footnotes":""},"categories":[73,55],"tags":[],"class_list":["post-86740","post","type-post","status-publish","format-standard","hentry","category-actualite","category-tunisie"],"_links":{"self":[{"href":"https:\/\/linitiative.ca\/International\/wp-json\/wp\/v2\/posts\/86740","targetHints":{"allow":["GET"]}}],"collection":[{"href":"https:\/\/linitiative.ca\/International\/wp-json\/wp\/v2\/posts"}],"about":[{"href":"https:\/\/linitiative.ca\/International\/wp-json\/wp\/v2\/types\/post"}],"author":[{"embeddable":true,"href":"https:\/\/linitiative.ca\/International\/wp-json\/wp\/v2\/users\/1772"}],"replies":[{"embeddable":true,"href":"https:\/\/linitiative.ca\/International\/wp-json\/wp\/v2\/comments?post=86740"}],"version-history":[{"count":0,"href":"https:\/\/linitiative.ca\/International\/wp-json\/wp\/v2\/posts\/86740\/revisions"}],"wp:attachment":[{"href":"https:\/\/linitiative.ca\/International\/wp-json\/wp\/v2\/media?parent=86740"}],"wp:term":[{"taxonomy":"category","embeddable":true,"href":"https:\/\/linitiative.ca\/International\/wp-json\/wp\/v2\/categories?post=86740"},{"taxonomy":"post_tag","embeddable":true,"href":"https:\/\/linitiative.ca\/International\/wp-json\/wp\/v2\/tags?post=86740"}],"curies":[{"name":"wp","href":"https:\/\/api.w.org\/{rel}","templated":true}]}}