{"id":86741,"date":"2020-05-26T11:13:00","date_gmt":"2020-05-26T15:13:00","guid":{"rendered":"https:\/\/linitiative.ca\/International\/saadeddine-zmerli-la-ligue-tunisienne-pour-la-defense-des-droits-de-lhomme-ltdh-a-50-ans\/"},"modified":"2020-05-26T11:13:00","modified_gmt":"2020-05-26T15:13:00","slug":"saadeddine-zmerli-la-ligue-tunisienne-pour-la-defense-des-droits-de-lhomme-ltdh-a-50-ans","status":"publish","type":"post","link":"https:\/\/linitiative.ca\/International\/saadeddine-zmerli-la-ligue-tunisienne-pour-la-defense-des-droits-de-lhomme-ltdh-a-50-ans\/","title":{"rendered":"Saadeddine Zmerli : La Ligue Tunisienne pour la D\u00e9fense des droits de  l&rsquo;Homme (LTDH) a 50 ans"},"content":{"rendered":"<p>La Ligue Tunisienne des Droits de l&rsquo;Homme\u00a0 f\u00eatera bient\u00f4t son cinquanti\u00e8me anniversaire. C\u2019est la premi\u00e8re organisation des droits de l\u2019Homme en Tunisie, le monde arabe et en Afrique.<\/p>\n<p>D\u00e8s sa naissance, la\u00a0 LTDH a diffus\u00e9 les droits de l\u2019Homme inconnus des Tunisiens jusqu\u2019\u00e0 l\u2019arriv\u00e9e \u00e0 Tunis en 1974 de James Baker qui a \u00e9t\u00e9 le premier \u00e0 en parler quand il a d\u00e9clar\u00e9 qu\u2019il n\u2019apporterait son soutien financier qu\u2019aux organisations soucieuses de diffuser les droits de l&rsquo;Homme.<\/p>\n<p>Ses d\u00e9buts allaient conna\u00eetre de s\u00e9rieuses difficult\u00e9s major\u00e9es par l\u2019incompr\u00e9hension du r\u00f4le de la LTDH par l\u2019opinion publique et surtout par la crainte des autorit\u00e9s officielles de la voir prendre une place importante dans la soci\u00e9t\u00e9 civile.<\/p>\n<p>Nombre de citoyens la confondant avec une association de juristes lui adressaient leurs affaires litigieuses relevant d\u2019un cabinet d\u2019avocats ou d\u2019un tribunal. Consid\u00e9r\u00e9e comme un parti d\u2019opposition ou un parti d\u2019opposants, la LTDH a mis du temps \u00e0 effacer cette \u00e9tiquette politique malgr\u00e9 la composition vari\u00e9e de son comit\u00e9.<\/p>\n<p>D\u00e8s notre demande d\u2019affiliation pour la cr\u00e9ation de notre association, Bourguiba et nombre de ceux qui l\u2019entouraient \u00e9taient hostiles \u00e0 son existence et ont finalement exig\u00e9, pour nous octroyer l\u2019autorisation, que notre groupe de 15 soit compl\u00e9t\u00e9 par 7 personnes proches du pouvoir que nous avons choisies de concert. Ces 22 membres ont alors constitu\u00e9 le comit\u00e9 directeur fondateur de la LTDH.<\/p>\n<p>La Ligue a gagn\u00e9 ses premiers galons d\u2019association humanitaire en apportant son assistance juridique \u00e0 la d\u00e9fense des pr\u00e9venus au proc\u00e8s de militants du M.U.P. en 1977, de syndicalistes en 1978, d\u2019\u00e9tudiants et d\u2019islamistes en 1981, et \u00e0 l\u2019 occasion de ce dernier proc\u00e8s, une premi\u00e8re : l\u2019enregistrement par la Cour d\u2019un m\u00e9morandum de la Ligue, concernant les s\u00e9vices subis par les d\u00e9tenus. La d\u00e9fense des libert\u00e9s syndicales et le plaidoyer en faveur d\u2019un syndicat fort, attach\u00e9 \u00e0 am\u00e9liorer les conditions de travail, loin de toute consid\u00e9ration politique, explique les liens privil\u00e9gi\u00e9s qu\u2019entretenaient l\u2019UGTT et la Ligue.<\/p>\n<p>Nos communiqu\u00e9s, \u00e9taient publi\u00e9s par intermittence dans les journaux de la place. La radio et la t\u00e9l\u00e9vision tunisienne, monopole de l\u2019Etat, \u00e9taient pratiquement ferm\u00e9es \u00e0 la Ligue ainsi qu\u2019\u00e0 tous les mouvements\u00a0 d\u2019opposition.<\/p>\n<p>Bourguiba, contrari\u00e9 par notre ind\u00e9pendance, a commandit\u00e9 la cr\u00e9ation d\u2019une Association tunisienne pour les droits de l\u2019Homme et les libert\u00e9s, pr\u00e9sid\u00e9e par un ancien ministre de l\u2019Int\u00e9rieur, le Dr Dhaoui Hannablia. De stricte ob\u00e9dience gouvernementale, elle est rapidement tomb\u00e9e en d\u00e9su\u00e9tude.<\/p>\n<p>Dans la m\u00eame lign\u00e9e, Ben Ali a multipli\u00e9 les menaces et les proc\u00e9dures pour emp\u00eacher la Ligue de poursuivre ses activit\u00e9s.<\/p>\n<p class=\"c3\"><span class=\"c2\"><strong>\u2022<\/strong><\/span> Ministre de l\u2019Int\u00e9rieur, le 8 avril 1987 dans une lettre adress\u00e9s \u00e0 la Ligue, il tente la modification des modalit\u00e9s d\u2019adh\u00e9sions \u00e0 la Ligue pour permette une adh\u00e9sion automatique<\/p>\n<p class=\"c3\"><span class=\"c2\"><strong>\u2022<\/strong><\/span> Pr\u00e9sident de la R\u00e9publique, il modifie en 1992 la loi sur les associations, qui introduisant le \u00ab gel des cumuls \u00bb et l\u2019adh\u00e9sion d\u2019office vise tout sp\u00e9cialement la Ligue, et entra\u00eene sa premi\u00e8re dissolution.<\/p>\n<p class=\"c3\"><span class=\"c2\"><strong>\u2022<\/strong><\/span> Apr\u00e8s les interventions de Daniel Jacoby (pr\u00e9sident de la F\u00e9d\u00e9ration internationale des ligues des droits de l\u2019Homme) et d\u2019Adama Dieng (secr\u00e9taire g\u00e9n\u00e9ral de la Commission internationale des juristes), la Ligue reprend ses activit\u00e9s.<\/p>\n<p class=\"c3\"><span class=\"c2\"><strong>\u2022<\/strong><\/span> En 1993, des militants et des responsables sont accus\u00e9s d\u2019\u00eatre des \u00ab supp\u00f4ts de l\u2019\u00e9tranger \u00bb.<\/p>\n<p class=\"c3\"><span class=\"c2\"><strong>\u2022<\/strong><\/span> En 2000, lors du Congr\u00e8s de la Ligue, le comit\u00e9 directeur issu de l\u2019\u00e9lection d\u00e9mocratique n\u2019est pas reconnu par des congressistes proches du pouvoir, dirig\u00e9s par l\u2019un d\u2019eux, Chedly Ben Younes. Commencent alors une s\u00e9rie d\u2019attaques, de proc\u00e8s (30 en tout), sous des pr\u00e9textes fabriqu\u00e9s et honteux. La LTDH est trait\u00e9e comme une soci\u00e9t\u00e9 commerciale. Elle est mise sous s\u00e9questre et son comit\u00e9 \u00e9lu dissous! Appuy\u00e9 par quatorze anciens dirigeants dont quatre anciens pr\u00e9sidents, le Comit\u00e9 refuse de se soumettre \u00e0 ce jugement.<\/p>\n<p class=\"c3\"><span class=\"c2\"><strong>\u2022<\/strong><\/span> Le Congr\u00e8s qui devait avoir lieu en septembre 2005 est interdit, la Ligue, chass\u00e9e de son si\u00e8ge, n\u2019avait plus aucune activit\u00e9.<\/p>\n<p class=\"c3\"><span class=\"c2\"><strong>\u2022<\/strong><\/span> Depuis, toutes les tentatives de r\u00e9conciliation ont \u00e9t\u00e9 infructueuses, notamment celle de la Commission des bons offices (mai-ao\u00fbt 2006) compos\u00e9e de S. Zmerli, M. Charfi, T. Bouderbala, M. Naceur, A. Ouna\u00efes et A. Fourati qui garantissait aux plaignants, \u00e0 la condition de retirer leur plainte, leur participation au Congr\u00e8s et leur acc\u00e8s \u00e0 la tribune pour d\u00e9fendre leur th\u00e8se.<\/p>\n<p class=\"c3\"><span class=\"c2\"><strong>\u2022<\/strong><\/span> Avec le recul, on est en droit de penser que le probl\u00e8me est ailleurs. C\u2019est la prise en main pure et simple de la Ligue qui est envisag\u00e9e. N\u00e9anmoins, sa r\u00e9alisation s\u2019av\u00e8re difficile.<\/p>\n<p class=\"c3\"><span class=\"c2\"><strong>\u2022<\/strong><\/span> D\u2019abord parce que la Ligue, qui s\u2019est impos\u00e9e par ses activit\u00e9s, occupe une place importante dans l\u2019imaginaire du Tunisien.<\/p>\n<p class=\"c3\"><span class=\"c2\"><strong>\u2022<\/strong><\/span> Ensuite parce que la Ligue conna\u00eet sur le plan international une r\u00e9putation continuellement ascendante, couronn\u00e9e par l\u2019\u00e9lection r\u00e9cente de Souheir Belhassen \u00e0 la pr\u00e9sidence de la FIDH, Pour la premi\u00e8re fois la FIDH est pr\u00e9sid\u00e9e par une femme non europ\u00e9enne une tunisienne.<\/p>\n<p class=\"c3\"><span class=\"c2\"><strong>\u2022<\/strong><\/span> La Ligue doit ces acquis au courage et \u00e0 la d\u00e9termination de ses militants dont l\u2019action et le comportement ont \u00e9tabli la cr\u00e9dibilit\u00e9 de notre association en pr\u00e9servant son ind\u00e9pendance. Leur action et leur comportement \u00e9taient d\u2019autant plus m\u00e9ritoire que l\u2019\u00e9poque \u00e9tait domin\u00e9e par le silence et les interdits impos\u00e9s \u00e0 tous ceux qui ne vantaient pas le pouvoir.<br \/>Les \u00e9v\u00e9nements des ann\u00e9es 80 que la LTDH a affront\u00e9s avec lucidit\u00e9 traduisent le r\u00f4le de notre association: La cr\u00e9ation d\u2019une commission d\u2019enqu\u00eate ind\u00e9pendante apr\u00e8s les \u00e9meutes du pain en 1984 qui ont constitu\u00e9 l\u2019\u00e9v\u00e9nement le plus dramatique de l\u2019\u00e9poque tranchait par la composition pluridisciplinaire de ses membres, responsables d\u2019associations professionnelles, par les qualit\u00e9s de son rapporteur M. Charfi et par l\u2019analyse s\u00e9rieuse des causes politiques, \u00e9conomiques et sociales de ces \u00e9meutes. Son rapport a fait autorit\u00e9 tant en Tunisie qu\u2019\u00e0 l\u2019\u00e9tranger.<\/p>\n<p class=\"c3\"><span class=\"c2\"><strong>\u2022<\/strong><\/span> L\u2019amendement du Code du statut personnel en cas de st\u00e9rilit\u00e9 de l\u2019\u00e9pouse r\u00e9clam\u00e9 par les islamistes publiquement, \u00e0 la presse, \u00e0 la radio et au parlement n\u2019a entra\u00een\u00e9 aucune r\u00e9action gouvernementale, partisane ou associative. L\u2019association des femmes tunisiennes s\u2019est distingu\u00e9e par son mutisme. Seuls nos militants, toutes cat\u00e9gories confondues, comit\u00e9 directeur, sections locales, ont d\u00e9nonc\u00e9 ce projet qui vidait le Code de son essence. Ils en\u00a0 ont r\u00e9clam\u00e9 l\u2019inscription dans la Constitution tunisienne. Le Code du statut personnel figure depuis dans la charte de notre association. J\u2019ai interpel\u00e9 \u00e0 la chambre des d\u00e9put\u00e9s Chadli Naifar pour condamner cet amendement\u00a0 contraire au protocole facultatif de\u00a0 discrimination \u00e0 l\u2019\u00e9gard des femmes, agr\u00e9\u00e9 par le gouvernement tunisien le 23 septembre 2008.<\/p>\n<p>Avec le repli des islamistes, la Ligue a gagn\u00e9 en consid\u00e9ration, m\u00eame les officiels du pouvoir et du parti qui n\u2019admettaient pas son existence ont applaudi son action.<\/p>\n<p>La d\u00e9nonciation publique, en 1987, malgr\u00e9 les risques majeurs de la situation, des cas de torture et de morts suspectes dans les locaux de la police constituait une premi\u00e8re en Tunisie.<\/p>\n<p>La Ligue a d\u00e8s sa cr\u00e9ation, mis l\u2019accent sur la n\u00e9cessit\u00e9 de lier son action avec les mouvements des Droits de l\u2019Homme dans le monde et aupr\u00e8s des pays colonis\u00e9s.<\/p>\n<p>En 1979, la F\u00e9d\u00e9ration Internationale des Ligues des Droits de l\u2019Homme FIDH nous adresse une invitation \u00e0 son Congr\u00e8s \u00e0 Florence. Prenant la parole j\u2019ai soulign\u00e9 les difficult\u00e9s qui ont marqu\u00e9 notre action \u00e0 ses d\u00e9buts, l\u2019antagonisme des pouvoirs publiques, le harc\u00e8lement de ses militants. J\u2019ai fait \u00e9galement \u00e9tat de notre volont\u00e9 d\u2019avoir cr\u00e9\u00e9 une Ligue forte de ses 4000 membres et de ses 20 filiales provinciales et soulign\u00e9 notre attachement \u00e0 la lutte du peuple palestinien et de Nelson Mandela. J\u2019ai termin\u00e9 mon intervention sous une salve d\u2019applaudissements d\u2019un public debout en standing ovation. Je fus \u00e9lu \u00e0 la vice-pr\u00e9sidence de la F\u00e9d\u00e9ration dont le bureau ne comptait que 5 membres tous europ\u00e9ens. Quelle \u00e9motion ! Pour moi, mes amis et mes parents. Ce fut le d\u00e9but de l\u2019internationalisation de la FIDH.<\/p>\n<p>En 1980, apr\u00e8s l\u2019\u00e9largissement du nombre des vices pr\u00e9sidents \u00e0 15 membres en majorit\u00e9 africains et asiatiques, la FIDH, avec mon soutien, sera pr\u00e9sid\u00e9e pour la premi\u00e8re fois de son histoire par un non europ\u00e9en Sediki Kaba, un s\u00e9n\u00e9galais, une premi\u00e8re et une r\u00e9volution!!<\/p>\n<p>En 1987 la FIDH sera pr\u00e9sid\u00e9e pour la premi\u00e8re fois de son histoire par une femme, souheir Belhassen, une femme musulmane, une Tunisienne.\u00a0\u00a0 La FIDH est devenue une grande organisation internationale capable de rivaliser avec Amnistie Internationale.\u00a0<\/p>\n<p>En 2019, pendant le 40e congr\u00e8s de TAIPAI, 16 nouvelles organisations ont rejoint la FIDH, devenue une F\u00e9d\u00e9ration de 192 organisations membres. Le terme d\u2019universalisation de la FIDH a \u00e9t\u00e9 d\u00e9s lors \u00e9voqu\u00e9. Le Bureau international est d\u00e9sormais compos\u00e9 de 22 militants des droits humains, provenant de 21 pays diff\u00e9rents.<\/p>\n<p>Le 14 janvier 2011, la Ligue Tunisienne pour la d\u00e9fense des Droits de l\u2019Homme (LTDH) en\u00a0 r\u00e9cup\u00e9rant\u00a0 d\u2019un coup ses droits a pu d\u00e9sormais s\u2019exprimer et agir dans un climat marqu\u00e9 par la libert\u00e9 d\u2019expression, la multiplicit\u00e9 des partis qui se proclament tous d\u00e9fenseurs des droits de l\u2019Homme. Lors de son congr\u00e8s dans les prochains jours elle d\u00e9finira son nouveau r\u00f4le, en lui pr\u00e9servant ses acquis et son ind\u00e9pendance.<\/p>\n<p>Le quartet du dialogue national, l&rsquo;association de quatre organisations tunisiennes dont celle de la Ligue tunisienne des droits de l&rsquo;homme1 ayant r\u00e9ussi la transition la transition politique, \u00e9conomique sociale et s\u00e9curitaire du pays se verra attribuer en 2015 le prix Nobel de la Paix, le premier Nobel attribu\u00e9 \u00e0 un ressortissant ou organisation de la Tunisie apr\u00e8s son ind\u00e9pendance.<\/p>\n<p>En conclusion, je voudrais remercier tous ceux qui, avec leur foi et leur enthousiasme, nous ont accueillis dans tous les coins de la Tunisie o\u00f9 nous nous sommes rendus pour leur ouvrir les portes de notre Ligue, pour les f\u00e9liciter de leurs actions souvent dans des conditions difficiles.<\/p>\n<p>Ils ont continu\u00e9 malgr\u00e9 les menaces. Des jeunes ont \u00e9t\u00e9 form\u00e9s que nous retrouvons aujourd\u2019hui. Que tous poursuivent leur \u0153uvre avec vigilance, pour la d\u00e9fense de nos libert\u00e9s conquises, de nos droits inali\u00e9nables. Je pense \u00e0 ceux qui ont \u00e9t\u00e9 emprisonn\u00e9s : Sihem Ben Sedrine, Kh\u00e9mais Chammari et Moncef Marzouki, \u00e0 celles et \u00e0 ceux qui ont \u00e9t\u00e9 violent\u00e9s : Kh\u00e9dija Ch\u00e9rif, Sihem Ben S\u00e9drine, Belkhir Mechri et Souheir Belhassen, Moktar Trifi, Abderrhamene Hedhili, Hatem Chaabouni, Adel Arfaoui. J\u2019ai toujours une pens\u00e9e \u00e9mue pour ceux qui nous ont quitt\u00e9s: Hachemi Ayari, Fadhel Ghedamsi, Dali Jazi, Mohamed Charfi et Hichem Gribaa. Tous souhaitaient que la LTDH poursuive, avec constance et libert\u00e9, la protection et le respect des droits. Tous ont su pr\u00e9server l\u2019ind\u00e9pendance de la Ligue.<\/p>\n<p><span class=\"c2\"><span class=\"c4\"><strong>Comit\u00e9 directeur fondateur Du 7 mai 1977 au 14 f\u00e9vrier 1982<\/strong><\/span><\/span><\/p>\n<p><span class=\"c5\"><strong>Pr\u00e9sident<\/strong><\/span><\/p>\n<p class=\"c3\"><span class=\"c2\"><strong>\u2022<\/strong><\/span> M. Saadeddine Zmerli, <em>professeur \u00e0 la facult\u00e9 de M\u00e9decine de Tunis<\/em><\/p>\n<p><span class=\"c5\"><strong>Vice-pr\u00e9sident<\/strong><\/span><\/p>\n<p class=\"c3\"><span class=\"c2\"><strong>\u2022<\/strong><\/span> M. Ta\u00efeb Miladi, <em>avocat \u00e0 la Cour de cassation<\/em><\/p>\n<p class=\"c3\"><span class=\"c2\"><strong>\u2022<\/strong><\/span> M. Abderrahmane El Hila, <em>avocat \u00e0 la Cour de cassation<\/em><\/p>\n<p class=\"c3\"><span class=\"c2\"><strong>\u2022<\/strong><\/span> M Sadok Allouche, <em>fonctionnaire, syndicaliste<\/em><\/p>\n<p class=\"c3\">Secr\u00e9taire g\u00e9n\u00e9ral<\/p>\n<p class=\"c3\"><span class=\"c2\"><strong>\u2022<\/strong><\/span> M. Abdelwahab Bouhdiba, <em>professeur \u00e0 la facult\u00e9 des Lettres et des Sciences Humaines de Tunis<\/em><\/p>\n<p><span class=\"c5\"><strong>Secr\u00e9taire g\u00e9n\u00e9ral adjoint<\/strong><\/span><\/p>\n<p class=\"c3\"><span class=\"c2\"><strong>\u2022<\/strong><\/span> M. Ch\u00e9rif El Matri, <em>avocat \u00e0 la Cour de cassation Tr\u00e9sorier<\/em><\/p>\n<p class=\"c3\"><span class=\"c2\"><strong>\u2022<\/strong><\/span> M. Dali Jazi, <em>avocat \u00e0 la Cour de cassation<\/em><\/p>\n<p><span class=\"c5\"><strong>Membres<\/strong><\/span><\/p>\n<p class=\"c3\"><span class=\"c2\"><strong>\u2022<\/strong><\/span> Mme Aziza El Ouahchi, <em>pharmacienne<\/em><\/p>\n<p class=\"c3\"><span class=\"c2\"><strong>\u2022<\/strong><\/span> M. Hachemi El Ayari, <em>m\u00e9decin<\/em><\/p>\n<p class=\"c3\"><span class=\"c2\"><strong>\u2022<\/strong><\/span> M. Hamouda Ben Slama, <em>m\u00e9decin<\/em><\/p>\n<p class=\"c3\"><span class=\"c2\"><strong>\u2022<\/strong><\/span> M. Mongi Chemli, <em>professeur \u00e0 la facult\u00e9 des Lettres et des Sciences Humaines de Tunis<\/em><\/p>\n<p class=\"c3\"><span class=\"c2\"><strong>\u2022<\/strong><\/span> M. Midani Ben Salah, <em>professeur<\/em><\/p>\n<p class=\"c3\"><span class=\"c2\"><strong>\u2022<\/strong><\/span> M. Fethi Hafsia, <em>m\u00e9decin<\/em><\/p>\n<p class=\"c3\"><span class=\"c2\"><strong>\u2022<\/strong><\/span> M. Mounir El Beji, <em>avocat<\/em><\/p>\n<p class=\"c3\"><span class=\"c2\"><strong>\u2022<\/strong><\/span> M. Hichem Bougamra, <em>ma\u00eetre de recherches au C.E.R.E.S<\/em><\/p>\n<p class=\"c3\"><span class=\"c2\"><strong>\u2022<\/strong><\/span> M. Farouk Ben Milad, <em>architecte<\/em><\/p>\n<p class=\"c3\"><span class=\"c2\"><strong>\u2022<\/strong><\/span> M. Abdelhamid Lamouri, <em>avocat<\/em><\/p>\n<p class=\"c3\"><span class=\"c2\"><strong>\u2022<\/strong><\/span> Mme A\u00efcha Bellagha, <em>professeur<\/em><\/p>\n<p class=\"c3\"><span class=\"c2\"><strong>\u2022<\/strong><\/span> M. B\u00e9chir Ben Zineb, <em>ing\u00e9nieur<\/em><\/p>\n<p class=\"c3\"><span class=\"c2\"><strong>\u2022<\/strong><\/span> M. Mustapha Ayed, <em>agriculteur<\/em><\/p>\n<p class=\"c3\"><span class=\"c2\"><strong>\u2022<\/strong><\/span> M. Mohamed Ben Abdallah, <em>industriel<\/em><\/p>\n<p class=\"c3\"><span class=\"c2\"><strong>\u2022<\/strong><\/span> M. Ahmed Khaled, <em>professeur<\/em><\/p>\n<p class=\"c6\"><strong>Saadeddine Zmerli<\/strong><\/p>\n<p>Auteur:<br \/>\n<a href=\"https:\/\/www.leaders.com.tn\/article\/29997-saadeddine-zmerli-la-ligue-tunisienne-pour-la-defense-des-droits-de-l-homme-ltdh-a-50-ans\">Cliquez ici pour lire l&rsquo;article depuis sa source.<\/a><\/p>\n","protected":false},"excerpt":{"rendered":"<p>La Ligue Tunisienne des Droits de l&rsquo;Homme\u00a0 f\u00eatera bient\u00f4t son cinquanti\u00e8me anniversaire. C\u2019est la premi\u00e8re organisation des droits de l\u2019Homme en Tunisie, le monde arabe et en Afrique. D\u00e8s sa naissance, la\u00a0 LTDH a diffus\u00e9 les droits de l\u2019Homme inconnus des Tunisiens jusqu\u2019\u00e0 l\u2019arriv\u00e9e \u00e0 Tunis en 1974 de James Baker qui a \u00e9t\u00e9 le [&hellip;]<\/p>\n","protected":false},"author":1772,"featured_media":0,"comment_status":"closed","ping_status":"closed","sticky":false,"template":"","format":"standard","meta":{"fifu_image_url":"","fifu_image_alt":"","footnotes":""},"categories":[73,55],"tags":[],"class_list":["post-86741","post","type-post","status-publish","format-standard","hentry","category-actualite","category-tunisie"],"_links":{"self":[{"href":"https:\/\/linitiative.ca\/International\/wp-json\/wp\/v2\/posts\/86741","targetHints":{"allow":["GET"]}}],"collection":[{"href":"https:\/\/linitiative.ca\/International\/wp-json\/wp\/v2\/posts"}],"about":[{"href":"https:\/\/linitiative.ca\/International\/wp-json\/wp\/v2\/types\/post"}],"author":[{"embeddable":true,"href":"https:\/\/linitiative.ca\/International\/wp-json\/wp\/v2\/users\/1772"}],"replies":[{"embeddable":true,"href":"https:\/\/linitiative.ca\/International\/wp-json\/wp\/v2\/comments?post=86741"}],"version-history":[{"count":0,"href":"https:\/\/linitiative.ca\/International\/wp-json\/wp\/v2\/posts\/86741\/revisions"}],"wp:attachment":[{"href":"https:\/\/linitiative.ca\/International\/wp-json\/wp\/v2\/media?parent=86741"}],"wp:term":[{"taxonomy":"category","embeddable":true,"href":"https:\/\/linitiative.ca\/International\/wp-json\/wp\/v2\/categories?post=86741"},{"taxonomy":"post_tag","embeddable":true,"href":"https:\/\/linitiative.ca\/International\/wp-json\/wp\/v2\/tags?post=86741"}],"curies":[{"name":"wp","href":"https:\/\/api.w.org\/{rel}","templated":true}]}}