{"id":86743,"date":"2020-05-26T15:00:00","date_gmt":"2020-05-26T19:00:00","guid":{"rendered":"https:\/\/linitiative.ca\/International\/palestine-aux-origines-etaient-les-philistins\/"},"modified":"2020-05-26T15:00:00","modified_gmt":"2020-05-26T19:00:00","slug":"palestine-aux-origines-etaient-les-philistins","status":"publish","type":"post","link":"https:\/\/linitiative.ca\/International\/palestine-aux-origines-etaient-les-philistins\/","title":{"rendered":"Palestine : aux origines \u00e9taient les Philistins"},"content":{"rendered":"<p><span class=\"c2\"><em><strong><span class=\"c2\"><em><strong><span class=\"c2\"><em><strong><span class=\"c2\"><em><strong><img decoding=\"async\" src=\"\/uploads\/FCK_files\/Samir-Gharbi(10).jpg\" alt=\"\" width=\"30%\" vspace=\"5\" hspace=\"5\" align=\"right\"\/><\/strong><\/em><\/span><\/strong><\/em><\/span><\/strong><\/em><\/span>Par Samir Gharbi &#8211;<\/strong><\/em><\/span> Le nom \u00abIsra\u00ebl\u00bb est un nom biblique attribu\u00e9 \u00e0 Jacob, petit-fils d\u2019Abraham. Ses descendants sont appel\u00e9s les \u00abenfants d\u2019Isra\u00ebl\u00bb ou \u00abIsra\u00e9lites\u00bb. Ce n\u2019est donc pas un pays \u00e0 l\u2019origine. Il l\u2019est devenu apr\u00e8s avec Eretz Israel (Terre d\u2019Isra\u00ebl), devenu ensuite \u00abTerre promise\u00bb\u2026 G\u00e9ographiquement, selon les arch\u00e9ologues et les historiens, cette terre \u00e9tait celle des Philistins, les peuples de la mer. Ils sont mentionn\u00e9s pour la premi\u00e8re fois vers 1208 avant notre \u00e8re par des textes \u00e9gyptiens. Ils sont nomm\u00e9ment d\u00e9sign\u00e9s comme \u00abPhilistins\u00bb dans une tablette du temple de Medinet Habou, o\u00f9 Rams\u00e8s III (-1186 \u00e0 &#8211; 1155) c\u00e9l\u00e9bra une victoire maritime et terrestre sur les Philistins, \u00abpeuples de la mer\u00bb.<\/p>\n<p>Selon la narration biblique, les Isra\u00e9lites avaient quitt\u00e9 la Philistine, o\u00f9 ils vivaient dans la mis\u00e8re, pour rejoindre la riche \u00c9gypte o\u00f9 les a d\u00e9j\u00e0 devanc\u00e9s le proph\u00e8te Joseph (descendant d\u2019Abraham).<\/p>\n<p>Apr\u00e8s la mort de celui-ci et le changement de pharaon, les Isra\u00e9lites auraient \u00e9t\u00e9 asservis par les \u00c9gyptiens pendant plusieurs si\u00e8cles, jusqu\u2019\u00e0 l\u2019av\u00e8nement de Mo\u00efse qui les ramena au pays de Canaan, autre nom biblique de la \u00abTerre promise\u00bb par Dieu \u00e0 Abraham\u2026 Ils y fond\u00e8rent une douzaine de tribus r\u00e9parties en deux royaumes\u2026Celui d\u2019Isra\u00ebl au nord (capitale Samarie) et au sud celui de Juda (capitale J\u00e9rusalem). Les Philistins avaient une portion du territoire. Les deux royaumes ne v\u00e9curent que deux si\u00e8cles avant d\u2019\u00eatre envahis par les Assyriens (-722) puis par les Babyloniens (-587). D\u2019apr\u00e8s la Bible, Dieu avait puni les Juifs \u00e0 cause de leurs p\u00e9ch\u00e9s et il les a dispers\u00e9s dans la r\u00e9gion\u2026 Dieu avait d\u00e9j\u00e0 puni Mo\u00efse en personne en lui interdisant, \u00e0 la fin de son p\u00e9riple, de p\u00e9n\u00e9trer en Terre promise. Il l\u2019avait simplement \u00abvue\u00bb du mont Nebo avant de mourir, laissant \u00e0 son disciple Josu\u00e9 le soin de conqu\u00e9rir la Terre promise\u2026<\/p>\n<p>\u00c0 ce jour, aucune trace arch\u00e9ologique de Mo\u00efse n\u2019a \u00e9t\u00e9 retrouv\u00e9e ni en \u00c9gypte, ni en Palestine, alors que l\u2019on conna\u00eet les principaux notables de l\u2019entourage des pharaons. En dehors de la Bible, la connaissance historique des Isra\u00e9lites est donc tr\u00e8s faible.<br \/>La Terre promise n\u2019est qu\u2019une des histoires de la mythologie biblique qui demeure fortement ancr\u00e9e \u00e0 ce jour. Impossible de la contester sans \u00eatre accus\u00e9 d\u2019antis\u00e9mitisme.<\/p>\n<p class=\"c3\"><img decoding=\"async\" src=\"\/uploads\/FCK_files\/Qods.jpg\" alt=\"\" width=\"100%\" vspace=\"5\" hspace=\"5\" align=\"middle\"\/><\/p>\n<p>Il est l\u00e9gitime de s\u2019interroger sur le fait que si Dieu avait promis la Palestine \u00e0 Abraham, pourquoi seul Jacob en b\u00e9n\u00e9ficia \u00e0 l\u2019exclusion des autres descendants du premier des proph\u00e8tes, \u00e0 savoir les Chr\u00e9tiens et les Musulmans ? Les Juifs ont une r\u00e9ponse \u00e0 cette question: ils sont le seul \u00abpeuple\u00bb \u00e9lu de Dieu\u2026 De Gaulle, alors pr\u00e9sident de la R\u00e9publique fran\u00e7aise, avait une certaine raison de lancer cette phrase sibylline au cours d\u2019une conf\u00e9rence de presse en qualifiant de peuple juif de \u00abpeuple d\u2019\u00e9lite, s\u00fbr de lui et dominateur\u00bb, le 17 novembre 1967, cinq mois apr\u00e8s sa victoire \u00e9crasante sur toutes les arm\u00e9es arabes lors de la guerre des Six- Jours (juin 1967).L\u2019histoire atteste seulement que des tribus isra\u00e9lites existaient bien dans la r\u00e9gion et qu\u2019elles \u00e9taient constamment en conflit avec leurs voisins et entre elles. Ces tribus avaient \u00e9t\u00e9 vaincues et dispers\u00e9es avant la naissance du Christianisme et de l\u2019Islam.<\/p>\n<p><span class=\"c5\"><span class=\"c4\"><strong>Chronologie en bref: 2 600 ans d\u2019une histoire mouvement\u00e9e<\/strong><\/span><\/span><\/p>\n<p><span class=\"c2\"><strong>\u2022<\/strong><\/span> <span class=\"c2\"><strong>&#8211; 586<\/strong><\/span> : Dispersion des Juifs palestiniens par Nabuchodonosor II (roi babylonien).<\/p>\n<p><span class=\"c2\"><strong>\u2022 &#8211; 538 :<\/strong><\/span> Apr\u00e8s la prise de Babylone par les Perses, l\u2019empereur Cyrus II lib\u00e8re les Juifs et autorise ceux qui le veulent \u00e0 retourner en Palestine.<\/p>\n<p><span class=\"c2\"><strong>\u2022 &#8211; 65 :<\/strong><\/span> La Palestine est conquise par les Romains.<\/p>\n<p><span class=\"c2\"><strong>\u2022 D\u00e9but de l\u2019\u00e8re chr\u00e9tienne :<\/strong><\/span> La population de Palestine est compos\u00e9e en majorit\u00e9 d\u2019habitants d\u2019origine grecque, en partie juda\u00efs\u00e9s, d\u2019un tiers de juifs autochtones et de quelques groupes de Nabat\u00e9ens.<\/p>\n<p><span class=\"c2\"><strong>\u2022 &#8211; 134 :<\/strong><\/span> L\u2019empereur Hadrien r\u00e9prime s\u00e9v\u00e8rement les soul\u00e8vements juifs contre son autorit\u00e9. Il prend J\u00e9rusalem, \u00e9vacue les Juifs de la ville et disperse les Juifs. J\u00e9rusalem change de nom (Aelia Capitolina) et toute la province romaine est unifi\u00e9e sous le nom de Palestine, englobant la Ph\u00e9nicie et les territoires voisins (Syrie, Jordanie).La plupart des Juifs se regroupent au nord de la Palestine, en Galil\u00e9e autour du lac de Tib\u00e9riade.<\/p>\n<p><span class=\"c2\"><strong>\u2022 3e et 4e si\u00e8cles :<\/strong><\/span> Sous l\u2019influence des Chr\u00e9tiens, devenus de plus en plus puissants, apr\u00e8s la conversion de l\u2019empereur Constantin Ier, la Palestine prend un statut important comme la Terre sainte des Chr\u00e9tiens.<\/p>\n<p><span class=\"c2\"><strong>\u2022 426 :<\/strong><\/span> Mort de Gamaliel VI, dernier patriarche juif. Toute autorit\u00e9 religieuse juive dispara\u00eet de Palestine.<\/p>\n<p><span class=\"c2\"><strong>\u2022 6e si\u00e8cle :<\/strong><\/span> Les Chr\u00e9tiens deviennent largement majoritaires en Palestine, en pr\u00e9sence de quelques minorit\u00e9s juive, arabe (pa\u00efens) et samaritaine.<\/p>\n<p><span class=\"c2\"><strong>\u2022 622 :<\/strong><\/span> Av\u00e8nement de l\u2019Islam avec le Proph\u00e8te Mohamed (571-632).<\/p>\n<p><span class=\"c2\"><strong>\u2022 638 :<\/strong><\/span> Le calife Omar annexe les territoires palestiniens, y compris J\u00e9rusalem, qui devient ainsi un lieu sacr\u00e9 de l\u2019Islam (c\u2019est de J\u00e9rusalem que Mohamed a fait son ascension au paradis). Juifs et Chr\u00e9tiens \u00e9taient autoris\u00e9s \u00e0 rester dans J\u00e9rusalem.<\/p>\n<p><span class=\"c2\"><strong>\u2022 1244 :<\/strong><\/span> A la fin des Croisades, la communaut\u00e9 juive est redevenue nombreuse, surtout dans les villes c\u00f4ti\u00e8res (plusieurs juifs sont venus d\u2019Europe). Les musulmans reprennent le contr\u00f4le de J\u00e9rusalem et toute la Palestine.<\/p>\n<p><span class=\"c2\"><strong>\u2022 1250 :<\/strong><\/span> Les Mamelouks \u00e9gyptiens prennent le pouvoir en \u00c9gypte et en Palestine qui devient une terre d\u2019accueil pour les r\u00e9fugi\u00e9s arabes chass\u00e9s par l\u2019avanc\u00e9e des Mongols sur l\u2019Irak et la Syrie.<\/p>\n<p><span class=\"c2\"><strong>\u2022 Fin du 15e si\u00e8cle :<\/strong><\/span> la Palestine accueille aussi des r\u00e9fugi\u00e9s juifs chass\u00e9s d\u2019Espagne.<\/p>\n<p><span class=\"c2\"><strong>\u2022 1516 :<\/strong><\/span> Le sultan turc S\u00e9lim Ier conquiert la Palestine qui restera sous contr\u00f4le ottoman quatre si\u00e8cles durant jusqu\u2019en 1917. Int\u00e9gr\u00e9e dans l\u2019empire Ottoman, la Palestine conna\u00eet au 16e si\u00e8cle un bon d\u00e9veloppement \u00e9conomique, au contraire de l\u2019\u00c9gypte. Les cit\u00e9s et lieux de culte sont r\u00e9nov\u00e9s, toutes les communaut\u00e9s voient leurs populations cro\u00eetre. Les Ottomans autorisent les juifs \u00e0 se r\u00e9installer en Palestine, fuyant les pers\u00e9cutions en Europe (pogroms).<\/p>\n<p><span class=\"c2\"><strong>\u2022 1852 :<\/strong><\/span> Cr\u00e9ation \u00e0 Londres d\u2019une Association pour la promotion d\u2019implantations juives en Palestine.<\/p>\n<p><span class=\"c2\"><strong>\u2022 1880 :<\/strong><\/span> La population juive en Palestine est estim\u00e9e \u00e0 24 000.<\/p>\n<p><span class=\"c2\"><strong>\u2022 1881 :<\/strong><\/span> L\u2019assassinat du tsar Alexandre II par des terroristes russes entra\u00eene un exode massif des juifs de Russie. Cette vague sera consid\u00e9r\u00e9e comme la premi\u00e8re \u00abAliyah\u00bb moderne (Ascension, retour en Palestine). Elle fait suite aux pogroms \u00e0 l\u2019encontre des Juifs dans tout l\u2019Empire russe, en Roumanie, en Pologne\u2026<\/p>\n<p><span class=\"c2\"><strong>\u2022 1881 :<\/strong><\/span> Le banquier fran\u00e7ais le baron Edmond de Rothschild\u00a0 (1845-1934) se met \u00e0 acheter des terres en Palestine (vendues notamment par les Turcs). Il finance le voyage et l\u2019\u00e9tablissement des juifs en Palestine (Eretz Isra\u00ebl) sous forme de colonies agricoles.<\/p>\n<p><span class=\"c2\"><strong>\u2022 1884 :<\/strong><\/span> Cr\u00e9ation en Pologne du mouvement des Amants de Sion,<\/p>\n<p><span class=\"c2\"><strong>\u2022 1886 :<\/strong><\/span> Le terme sionisme est employ\u00e9 pour la premi\u00e8re fois par l\u2019\u00e9crivain juif autrichien Nathan Birnbaum.<\/p>\n<p><span class=\"c2\"><strong>\u2022 1895 :<\/strong><\/span> Theodor Herzl (1860-1904), \u00e9crivain austro-hongrois, se convertit \u00e0 l\u2019id\u00e9ologie du sionisme : Retour \u00e0 Sion (le mont Sion est\u00a0 est une des collines de J\u00e9rusalem).<\/p>\n<p><span class=\"c2\"><strong>\u2022 1896 :<\/strong><\/span> Il publie L\u2019\u00c9tat des Juifs.<\/p>\n<p><span class=\"c2\"><strong>\u2022 1897 :<\/strong><\/span> Il fonde le mouvement sioniste mondial au congr\u00e8s de B\u00e2le et le dote d\u2019un fonds pour l\u2019implantation juive pour l\u2019achat de terres en Palestine. Il lance l\u2019id\u00e9e d\u2019un \u00c9tat autonome juif et commence \u00e0 la mettre en pratique. D\u00e9cision : le congr\u00e8s se tiendra tous les ans.<\/p>\n<p><span class=\"c2\"><strong>\u2022 1898 :<\/strong><\/span> Cr\u00e9ation de la Banque coloniale juive destin\u00e9e \u00e0 financer l\u2019achat de terres en Palestine.<\/p>\n<p><span class=\"c2\"><strong>\u2022 1900 :<\/strong><\/span> La ville de J\u00e9rusalem compte environ 40 000 Juifs, deux tiers des habitants.<\/p>\n<p><span class=\"c2\"><strong>\u2022 1901 :<\/strong><\/span> Cr\u00e9ation du Fonds national juif, charg\u00e9 de l\u2019achat des terres en Palestine.<\/p>\n<p><span class=\"c2\"><strong>\u2022 1902 :<\/strong><\/span> Dans un nouveau livre \u00ab Terre ancienne, terre nouvelle\u00bb, Theodor Herzl, \u00e9voque la vie dans le futur \u00c9tat et d\u00e9crit le sionisme comme \u00ab un poste avanc\u00e9 de la civilisation, un rempart de l\u2019Europe contre l\u2019Asie, s\u2019opposant \u00e0 la barbarie \u00bb.<\/p>\n<p><span class=\"c2\"><strong>\u2022 1903 :<\/strong><\/span> Le 6e Congr\u00e8s sioniste d\u00e9cide d\u2019acc\u00e9l\u00e9rer l\u2019immigration \u00aben masse\u00bb des Juifs vers la Palestine et d\u2019y multiplier les implantations agricoles sous le slogan : \u00abUne terre sans peuple pour un peuple sans terre\u00bb.<\/p>\n<p><span class=\"c2\"><strong>\u2022 1903 :<\/strong><\/span> Face aux nouveaux pogroms en Europe de l\u2019est, le gouvernement britannique propose \u00e0 Theodor Herzl de lui donner l\u2019Ouganda pour y cr\u00e9er un foyer juif. Deuxi\u00e8me vague de pogroms dans l\u2019Empire russe qui dure jusqu\u2019en 1906.<\/p>\n<p><span class=\"c2\"><strong>\u2022 1904 :<\/strong><\/span> D\u00e9c\u00e8s de T. Herzl. Son successeur lance la troisi\u00e8me vague d\u2019immigration des juifs (Aliyah) vers la Palestine.<\/p>\n<p><span class=\"c2\"><strong>\u2022 1905 :<\/strong><\/span> Le congr\u00e8s sioniste d\u00e9cide de repousser d\u00e9finitivement la proposition de l\u2019Ouganda.<\/p>\n<p><span class=\"c2\"><strong>\u2022 1906 :<\/strong><\/span> David Ben Gourion (1886-1973) quitte son pays natal (la Pologne) et s\u2019installe en Palestine. Il fonde le premier lyc\u00e9e h\u00e9bra\u00efque \u00e0 Jaffa.<\/p>\n<p><span class=\"c2\"><strong>\u2022 1908 :<\/strong><\/span> Inauguration pr\u00e8s de Jaffa d\u2019un \u00ab Bureau palestinien\u00bb pour l\u2019achat de terres et de Palestine Land Development Company (PDLC).<\/p>\n<p><span class=\"c2\"><strong>\u2022 1908 :<\/strong><\/span> Premiers accrochages entre Juifs et Arabes. Cr\u00e9ation d\u2019une milice d\u2019autod\u00e9fense juive, la Haganah.<\/p>\n<p><span class=\"c2\"><strong>\u2022 1909 :<\/strong><\/span> Fondation de la ville de Tel-Aviv (1er bourg).<\/p>\n<p><span class=\"c2\"><strong>\u2022 1910 :<\/strong><\/span> Emergence d\u2019un mouvement ind\u00e9pendantiste arabe.<\/p>\n<p><span class=\"c2\"><strong>\u2022 1911 :<\/strong><\/span> Lancement du journal nationaliste arabe \u00abFalastin\u00bb \u00e0 Jaffa.<\/p>\n<p><span class=\"c2\"><strong>\u2022 1914 :<\/strong><\/span> La population juive de Palestine est estim\u00e9e \u00e0 60 000 personnes, contre 570 000 Arabes musulmans et 75 000 Arabes chr\u00e9tiens.<\/p>\n<p><span class=\"c2\"><strong>\u2022 1914 :<\/strong><\/span> Ao\u00fbt, d\u00e9but de la Premi\u00e8re Guerre mondiale. Novembre: les pays de l\u2019Entente (Royaume-Uni, France et Empire russe) d\u00e9clarent la guerre \u00e0 l\u2019empire Ottoman. Le Royaume-Uni prend le contr\u00f4le de l\u2019Egypte.<\/p>\n<p><span class=\"c2\"><strong>\u2022 1915 :<\/strong><\/span> Les pays de l\u2019Entente se partagent le Proche-Orient en laissant la Palestine \u00e0 part. Pour obtenir leur aide dans leur guerre contre les Ottomans, les Britanniques font des promesses d\u2019ind\u00e9pendance \u00e0 tous les peuples de Palestine (Juifs et Arabes). Avec Hussein, le Ch\u00e9rif de La Mecque, ils acceptent la mise en place d\u2019une entit\u00e9 musulmane ind\u00e9pendante de la Turquie. En ao\u00fbt, ex\u00e9cution des nationalistes arabes par les Ottomans.<\/p>\n<p><span class=\"c2\"><strong>\u2022 1916 :<\/strong><\/span> En mars, d\u00e9but du soul\u00e8vement arabe contre les Turcs. Le 5 juin, Hussein d\u00e9clenche la r\u00e9volte arabe et se proclame roi des Arabes le 29 octobre. Son fils Faysal combat aux c\u00f4t\u00e9s de l\u2019officier britannique Lawrence d\u2019Arabie contre les Turcs. Le 16 mai, l\u2019accord Sykes-Picot (franco-britannique) red\u00e9finit la nouvelle carte du Moyen-Orient. La Palestine est d\u00e9finie comme zone internationale\u2026<\/p>\n<p><span class=\"c2\"><strong>\u2022 1917 :<\/strong><\/span> Le 2 novembre, Arthur James Balfour, ministre britannique des Affaires \u00e9trang\u00e8res, adresse une \u00abd\u00e9claration\u00bb au Baron Edmond de Rothschild, promet au peuple Juif la cr\u00e9ation d\u2019un \u00ab Foyer national juif \u00bb en Palestine. Le 9 d\u00e9cembre: chute de l\u2019empire Ottoman et conqu\u00eate de la Palestine par l\u2019arm\u00e9e britannique. Le g\u00e9n\u00e9ral Allenby entre \u00e0 J\u00e9rusalem. Fin de la domination ottomane sur la ville sainte.<\/p>\n<p class=\"c3\"><img decoding=\"async\" src=\"\/uploads\/FCK_files\/Darphor.jpg\" alt=\"\" width=\"100%\" vspace=\"5\" hspace=\"5\" align=\"middle\"\/><\/p>\n<div class=\"c6\" readability=\"58\"><span class=\"c2\"><strong>\u2022 1919 :<\/strong><\/span> Mars : d\u00e9c\u00e8s de l\u2019un des artisans de l\u2019implantation juive en Palestine, <img decoding=\"async\" src=\"\/uploads\/FCK_files\/Albert-Abraham-Ant\u00e9bi.jpg\" alt=\"\" width=\"30%\" vspace=\"5\" hspace=\"5\" align=\"left\"\/>Albert Abraham Ant\u00e9bi (n\u00e9 en 1873 \u00e0 Damas). Parmi ses notes, il laissa ce texte :<\/p>\n<p>\u00a0\u00abLe monde est \u00e0 la r\u00e9alisation des r\u00eaves. Le principe des nationalit\u00e9s devient la charte de l\u2019Europe, pourquoi donc le peuple juif ne r\u00e9ussirait-il pas comme son contemporain, le grec ? &#8211; Il est dispers\u00e9 ? Mais l\u2019on transplanterait vite quelques millions de la Russie. L\u2019\u00e9tendue de la terre palestinienne est minime, elle n\u2019atteindrait pas 30 000 km\u00b2 ? (en fait 27 000 km\u00b2, ndlr).On n\u2019a qu\u2019\u00e0 lui adjoindre la Transjordanie, la presqu\u2019\u00eele du Sina\u00ef, le d\u00e9sert de la Syrie&#8230;<\/p>\n<p>Que ferait-on d\u2019un million d\u2019Arabes qui y r\u00e9sident ? On les transf\u00e8rerait progressivement dans les territoires libres de la M\u00e9sopotamie et de la Caramanie (en Turquie, ndlr). Mais pour cette transplantation, il faut du temps et de l\u2019argent? Les Juifs sont riches, ils ont connu trois exils, ils sont dispers\u00e9s depuis deux mille ans, ils mettraient cent ans pour se rassembler<\/p>\n<p>Oui, les Juifs triompheront par la reconnaissance de leur nationalit\u00e9 ; jouissant d\u2019une autonomie administrative, partout o\u00f9 ils forment des agglom\u00e9rations compactes comme dans certains secteurs en Galicie, Ukraine, Pologne, Boh\u00eame, etc., poss\u00e9dant droit de cit\u00e9 en Palestine avec une immigration illimit\u00e9e et organis\u00e9e, une colonisation \u00e9largie, une autonomie administrative et une coop\u00e9ration politique favoris\u00e9e, sans sacrifier pour cela le droit des habitants indig\u00e8nes actuels, Chr\u00e9tiens levantins ou Arabes musulmans, et les privil\u00e8ges des Lieux Saints.<\/p>\n<p>Le syst\u00e8me cantonal suisse, avec un conseil f\u00e9d\u00e9ral, sous le protectorat interalli\u00e9 ou un condominium franco-anglais attribuant aux immigrants juifs les terres sans propri\u00e9taires, sans donner libre passage aux bolchevistes germano-russes, constituera la formule diplomatique conciliant tous les int\u00e9r\u00eats.\u00bb<\/p>\n<\/div>\n<p><span class=\"c2\"><strong>\u2022 1919 :<\/strong><\/span> Ao\u00fbt. Le 1er Congr\u00e8s des associations islamo-chr\u00e9tiennes de Palestine se tient \u00e0 J\u00e9rusalem. Il proteste contre la d\u00e9claration Balfour. En vain.<\/p>\n<p><span class=\"c2\"><strong>\u2022 1920 :<\/strong><\/span> 25 avril, la Conf\u00e9rence de San Remo, en Italie, fixe le sort des provinces arabes de l\u2019empire Ottoman : la Palestine est plac\u00e9e sous un mandat britannique, la Syrie et le Liban sous mandat fran\u00e7ais. La d\u00e9claration Balfour est incluse dans les attendus du mandat britannique sur la Palestine qui sera approuv\u00e9 par la Soci\u00e9t\u00e9 des Nations (SDN) en 1922. Par cet acte, Londres confirme son soutien au sionisme et la trahison des Arabes.<\/p>\n<p><span class=\"c2\"><strong>\u2022 1921 :<\/strong><\/span> De passage \u00e0 J\u00e9rusalem, le secr\u00e9taire d\u2019\u00c9tat britannique aux Colonies, Winston Churchill, re\u00e7oit une d\u00e9l\u00e9gation islamo-chr\u00e9tienne qui lui d\u00e9clare : \u00abSi les sionistes n\u2019\u00e9taient venus en Palestine que comme des h\u00f4tes, ou si les choses en \u00e9taient rest\u00e9es \u00e0 ce qu\u2019elles \u00e9taient avant la guerre, il n\u2019y aurait pas de probl\u00e8me Juifs et de non-Juifs. Mais c\u2019est l\u2019id\u00e9e d\u2019une Palestine transform\u00e9e en un Foyer national juif que les Arabes (Chr\u00e9tiens et Musulmans) rejettent et combattent.\u00bb<\/p>\n<p><span class=\"c2\"><strong>\u2022 1922 :<\/strong><\/span> La Transjordanie (partie orientale du territoire palestinien) devient un \u00e9mirat autonome (Jordanie actuelle). Elle est soustraite \u00e0 l\u2019immigration juive.<\/p>\n<p><span class=\"c2\"><strong>\u2022 1924 :<\/strong><\/span> Vague d\u2019immigration des Juifs vers la Palestine, en provenance essentiellement de la Pologne.<\/p>\n<p><span class=\"c2\"><strong>\u2022 1928 :<\/strong><\/span> De nombreux incidents entre Arabes et Juifs ont lieu pr\u00e8s du mur des Lamentations. Cr\u00e9ation du mouvement des Fr\u00e8res musulmans en \u00c9gypte.<\/p>\n<p><span class=\"c2\"><strong>\u2022 1929 :<\/strong><\/span> Face \u00e0 la mont\u00e9e du nazisme en Allemagne, de nombreux Juifs fuient en Palestine. Des capitaux affluent pour l\u2019achat de plus en plus de terres arabes.<\/p>\n<p><span class=\"c2\"><strong>\u2022 1931 :<\/strong><\/span> Estimation de la population juive en Palestine: 174 000.<\/p>\n<p><span class=\"c2\"><strong>\u2022 1933 :<\/strong><\/span> Le 30 janvier, Adolf Hitler acc\u00e8de au pouvoir en Allemagne. C\u2019est le d\u00e9but d\u2019une nouvelle vague d\u2019immigration vers la Palestine. Octobre, \u00e0 Ha\u00effa, des Arabes s\u2019en prennent aux autorit\u00e9s britanniques qu\u2019ils consid\u00e8rent comme responsables des progr\u00e8s du sionisme.<\/p>\n<p><span class=\"c2\"><strong>\u2022 1934 :<\/strong><\/span> D\u00e9but de la \u00abHa\u2019apalah\u00bb, entreprise d\u2019immigration ill\u00e9gale de r\u00e9fugi\u00e9s juifs au-del\u00e0 des quotas fix\u00e9s par les Britanniques.<\/p>\n<p><span class=\"c2\"><strong>\u2022 1935 :<\/strong><\/span> Estimation de la population juive en Palestine :<br \/>335 000.<\/p>\n<p><span class=\"c2\"><strong>\u2022 1936 :<\/strong><\/span> D\u00e9but de l\u2019op\u00e9ration \u00abHoma Oumigdal\u00bb (murailles et tour), une entreprise d\u2019implantations express : 51 nouvelles localit\u00e9s seront ainsi cr\u00e9\u00e9es chacune en une seule nuit.<\/p>\n<p><span class=\"c2\"><strong>\u2022 1937 :<\/strong><\/span> Le 7 juillet, la commission royale britannique \u00abPeel\u00bb propose, apr\u00e8s six mois d\u2019enqu\u00eate, le premier projet de partition de la Palestine entre un Etat juif et un Etat arabe. A l\u2019exception de J\u00e9rusalem. S\u2019ensuit une grande r\u00e9volte arabe contre les Britanniques, les Juifs et les \u00abtra\u00eetres arabes\u00bb. La r\u00e9volte est s\u00e9v\u00e8rement r\u00e9prim\u00e9e par les Britanniques. Les chefs de file de la r\u00e9volte sont tous \u00e9limin\u00e9s (1939). Le mouvement national palestinien mettra longtemps avant de rena\u00eetre en 1959 avec la cr\u00e9ation du Fatah par Yasser Arafat.<\/p>\n<p><span class=\"c2\"><strong>\u2022 1939 :<\/strong><\/span> Le 1er septembre, d\u00e9but de la Seconde Guerre mondiale, qui prendra fin le 2 septembre 1945.<\/p>\n<p><span class=\"c2\"><strong>\u2022 1943 :<\/strong><\/span> La Brigade juive de Palestine, forte de 30 000 combattants, participe \u00e0 la guerre, au sein de l\u2019arm\u00e9e britannique. Les riches Juifs britanniques participent au financement de l\u2019effort de guerre \u00e0 la demande de Churchill.<\/p>\n<p><span class=\"c2\"><strong>\u2022 1945 :<\/strong><\/span> On compte environ 600 000 Juifs pour 1 200 000 Arabes chr\u00e9tiens et musulmans en Palestine.<\/p>\n<p><span class=\"c2\"><strong>\u2022 1946 :<\/strong><\/span> Les Britanniques limitent l\u2019afflux massifs des Juifs venant par bateaux entiers d\u2019Europe (250 000 \u00e9taient en attente dans les ports europ\u00e9ens). En repr\u00e9sailles, le mouvement terroriste \u00ab Irgoun \u00bb fait sauter, le 22 juillet, l\u2019H\u00f4tel King David \u00e0 J\u00e9rusalem qui abritait l\u2019\u00e9tat-major du Mandat britannique: 91 morts et 46 bless\u00e9s.<\/p>\n<p><span class=\"c2\"><strong>\u2022 1947 :<\/strong><\/span> Le 29 novembre, un plan de partage de la Palestine est approuv\u00e9 par l\u2019\u2019ONU comme solution au conflit entre les Juifs et les Arabes. Il accorde \u00e0 l\u2019\u00c9tat juif 55 % du territoire et \u00e0 l\u2019Etat de Palestine 45%. Il est approuv\u00e9 par l\u2019Assembl\u00e9e g\u00e9n\u00e9rale des Nations unies le 29 novembre 1947. Et par les Juifs. Il est rejet\u00e9 par les Arabes. Le lendemain, la guerre \u00e9clate en Palestine. Pour les mouvements sionistes, ce plan est une \u00e9norme victoire, car ce partage est la reconnaissance de la fondation du nouvel \u00c9tat d\u2019Isra\u00ebl et un point de d\u00e9part pour des expansions ult\u00e9rieures. \u00c0 l\u2019expiration du mandat britannique sur la Palestine, la guerre a d\u00e9j\u00e0 permis de vider la Palestine de 400 000 Palestiniens (partis en exil). Plusieurs villes arabes ont \u00e9galement \u00e9t\u00e9 conquises par les forces juives.<\/p>\n<p><span class=\"c2\"><strong>\u2022 1948 :<\/strong><\/span> Le 14 mai 1948, \u00e0 peine l\u2019administration britannique s\u2019est- elle retir\u00e9e que l\u2019Etat juif proclame \u00e0 la premi\u00e8re minute de la journ\u00e9e son ind\u00e9pendance sous le nom d\u2019\u00c9tat d\u2019Isra\u00ebl. La 1\u00e8re guerre isra\u00e9lo-arabe commence. Isra\u00ebl l\u2019emporte ais\u00e9ment.<\/p>\n<p><span class=\"c2\"><strong>\u2022 1948 :<\/strong><\/span> Entre mai et octobre, plus de 600 000 Palestiniens sont chass\u00e9s de leurs terres et de leurs maisons. Une aubaine pour les Juifs qui n\u2019attendaient que \u00e7a pour d\u00e9buter la nouvelle vie. Pour les Palestiniens, c\u2019est la \u00abNakba\u00bb (catastrophe). La Palestine, qui comptait 1 200.000 d\u2019habitants musulmans et chr\u00e9tiens, se vide de 90 % de sa population arabe. L\u2019envers de la pi\u00e8ce : pr\u00e8s de 900 000 Juifs seront oblig\u00e9s de quitter eux aussi les pays arabes (1948-1950) pour rejoindre Isra\u00ebl, l\u2019Europe et les Am\u00e9riques.<\/p>\n<p><span class=\"c2\"><strong>\u2022 1967 :<\/strong><\/span> 5-10 juin, la guerre des Six-Jours oppose Isra\u00ebl \u00e0 l\u2019\u00c9gypte, la Jordanie, la Syrie et au Liban. Victoire isra\u00e9lienne. Elle se termine avec l\u2019occupation par Isra\u00ebl du Sina\u00ef, du plateau du Golan, de la Cisjordanie et de la Bande de Gaza.<\/p>\n<p><span class=\"c2\"><strong>\u2022 1973 :<\/strong><\/span> 6-24 octobre, la 2e guerre isra\u00e9lo-arabe (guerre du Ramadan ou du Kippour. Principale cons\u00e9quence : l\u2019embargo p\u00e9trolier arabe (d\u00e9cr\u00e9t\u00e9 par le roi Fay\u00e7al d\u2019Arabie saoudite) qui durera quatre mois et provoquera le quadruplement prix du baril. Et une crise mondiale.<\/p>\n<p><span class=\"c2\"><strong>\u2022 1977 :<\/strong><\/span> Le 19 novembre, \u00e0 20 heures, le pr\u00e9sident \u00e9gyptien Anouar al-Sadate arrive \u00e0 l\u2019a\u00e9roport de Tel-Aviv. Il est accueilli en h\u00e9ros par tous les responsables politiques et militaires d\u2019Isra\u00ebl avant de gagner J\u00e9rusalem pour faire un discours\u00a0 devant la Knesset (parlement isra\u00e9lien) le lendemain. \u00ab Je suis venu \u00e0 vous aujourd\u2019hui sur deux pieds assur\u00e9s, afin que nous puissions construire une vie nouvelle, afin que nous puissions \u00e9tablir la paix pour nous tous sur cette terre, la terre de Dieu &#8211; nous tous, musulmans, chr\u00e9tiens et juifs&#8230; \u00bb. Qu\u2019en reste-il? Rien.<\/p>\n<p><span class=\"c2\"><strong>\u2022 1978 :<\/strong><\/span> le 17 septembre, l\u2019Egypte et Isra\u00ebl signent les \u00abaccords de Camp David\u00bb et enterrent la hache de guerre. Le monde arabe craqu\u00e8le de bout en bout et le conflit isra\u00e9lo-palestinien s\u2019enlise et s\u2019envenime\u2026<\/p>\n<p><span class=\"c2\"><strong>\u2022 1987 :<\/strong><\/span> Le 9 d\u00e9cembre, la premi\u00e8re \u00abintifada\u00bb, appel\u00e9e aussi \u00abguerre des pierres\u00bb, marque le d\u00e9but du soul\u00e8vement populaire palestinien contre Isra\u00ebl. Elle prendra fin avec les \u00abaccords dits d\u2019Oslo\u00bb. L\u2019ann\u00e9e sera marqu\u00e9e aussi par la cr\u00e9ation du mouvement islamiste palestinien, le Hamas.<\/p>\n<p><span class=\"c2\"><strong>\u2022 1991-1995 :<\/strong><\/span> Les n\u00e9gociations isra\u00e9lo-palestiniennes (Madrid, Oslo, Washington, Taba) d\u00e9bouchent sur la cr\u00e9ation d\u2019une Autorit\u00e9 nationale palestinienne (couvrant la Cisjordanie et Gaza) aux pouvoirs tr\u00e8s limit\u00e9s. Au lieu de progresser vers la cr\u00e9ation d\u2019un Etat palestinien, le processus d\u2019Oslo s\u2019arr\u00eate apr\u00e8s l\u2019assassinat par un extr\u00e9miste isra\u00e9lien du Premier ministre isra\u00e9lien signataire des accords, Yitzhak Rabin, le 4 novembre 1995, \u00e0 Tel-Aviv.<\/p>\n<p><span class=\"c2\"><strong>\u2022 2000 &#8211; 2006 :<\/strong><\/span> Le 28 septembre, la 2e Intifada commence. Yasser Arafat d\u00e9c\u00e8de le 11 novembre 2004. L\u2019ann\u00e9e 2005 marque l\u2019\u00e9vacuation par l\u2019arm\u00e9e isra\u00e9lienne de la Bande de Gaza. Mais la r\u00e9volte se poursuit jusqu\u2019en 2006 pour s\u2019effilocher et se terminer en queue de poisson. Le pouvoir isra\u00e9lien durcit davantage son emprise sur Gaza (blocus \u00e9conomique, maritime et terrestre) et la Cisjordanie, avec la poursuite des implantations (colonies) en territoire palestinien.<\/p>\n<p><span class=\"c2\"><strong>\u2022 2009 -2016 :<\/strong><\/span> Retour au pouvoir de Benyamin Netanyahou et renforcement des partis de la droite et de l\u2019extr\u00eame droite, partisans d\u2019une annexion autant que possible des territoires de la Cisjordanie. La pr\u00e9sidence am\u00e9ricaine sous Barack Obama (2009-2016) n\u2019apporte rien malgr\u00e9 les promesses de d\u00e9part.<\/p>\n<p><span class=\"c2\"><strong>\u2022 2017-2020 :<\/strong><\/span> Le 20 janvier, son successeur, Donald Trump, apportera son soutien total \u00e0 Isra\u00ebl et \u00e0 Benyamin Netanyahou. Le 28 janvier 2020, ce soutien se concr\u00e9tise avec le \u00abplan Trump\u00bb (\u00abDeal du si\u00e8cle\u00bb, \u00e0 prendre ou \u00e0 laisser), un plan qui efface d\u2019un trait de gomme toutes les r\u00e9solutions des Nations unies sur la solution des deux Etats et tue d\u00e9finitivement le processus d\u2019Oslo. Ce plan est officiellement rejet\u00e9 par Mahmoud Abbas, le 11 f\u00e9vrier, devant le Conseil de s\u00e9curit\u00e9 de l\u2019ONU. Son appel \u00e0 de nouvelles n\u00e9gociations n\u2019a pas \u00e9t\u00e9 entendu. Lire les extraits de son intervention.<\/p>\n<p class=\"c7\"><strong>Samir Gharbi<\/strong><\/p>\n<p class=\"c8\"><strong>Lire aussi<\/strong><\/p>\n<p class=\"c8\"><strong>\u2022 <a href=\"https:\/\/www.leaders.com.tn\/article\/29977-les-populations-a-la-loupe-celles-des-palestiniens-et-des-israeliens\" target=\"_blank\" rel=\"noopener noreferrer\">Une population \u00e0 la loupe&#8230; celles des Palestiniens et des Isra\u00e9liens<\/a><\/strong><a href=\"https:\/\/www.leaders.com.tn\/article\/29977-les-populations-a-la-loupe-celles-des-palestiniens-et-des-israeliens\" target=\"_blank\" rel=\"noopener noreferrer\"><br \/><\/a><\/p>\n<p class=\"c8\"><strong>\u2022 <a href=\"https:\/\/www.leaders.com.tn\/article\/29975-palestine-israel-un-conflit-de-100-ans\" target=\"_blank\" rel=\"noopener noreferrer\">Dossier \u2022 Palestine &#8211; Isra\u00ebl: Un conflit de 100 ans<\/a><br \/><\/strong><\/p>\n<p><strong>\u2022<\/strong> <a href=\"https:\/\/www.leaders.com.tn\/article\/29983-jerusalem-mutilee-par-les-guerres\" target=\"_blank\" rel=\"noopener noreferrer\"><strong>J\u00e9rusalem mutil\u00e9e par les guerres\u2026<\/strong><\/a><\/p>\n<p><strong>\u2022 <a href=\"https:\/\/www.leaders.com.tn\/article\/29985-tom-segev-en-fait-nous-sommes-une-mosaique-composee-d-identites-disparates\" target=\"_blank\" rel=\"noopener noreferrer\">Le journaliste isra\u00e9lien Tom Segev : nous sommes une mosa\u00efque compos\u00e9e d\u2019identit\u00e9s disparates<\/a><\/strong><\/p>\n<p>Auteur:<br \/>\n<a href=\"https:\/\/www.leaders.com.tn\/article\/29999-aux-origines-etaient-les-philistins\">Cliquez ici pour lire l&rsquo;article depuis sa source.<\/a><\/p>\n","protected":false},"excerpt":{"rendered":"<p>Par Samir Gharbi &#8211; Le nom \u00abIsra\u00ebl\u00bb est un nom biblique attribu\u00e9 \u00e0 Jacob, petit-fils d\u2019Abraham. Ses descendants sont appel\u00e9s les \u00abenfants d\u2019Isra\u00ebl\u00bb ou \u00abIsra\u00e9lites\u00bb. Ce n\u2019est donc pas un pays \u00e0 l\u2019origine. Il l\u2019est devenu apr\u00e8s avec Eretz Israel (Terre d\u2019Isra\u00ebl), devenu ensuite \u00abTerre promise\u00bb\u2026 G\u00e9ographiquement, selon les arch\u00e9ologues et les historiens, cette terre [&hellip;]<\/p>\n","protected":false},"author":1772,"featured_media":86744,"comment_status":"closed","ping_status":"closed","sticky":false,"template":"","format":"standard","meta":{"fifu_image_url":"","fifu_image_alt":"","footnotes":""},"categories":[73,55],"tags":[],"class_list":["post-86743","post","type-post","status-publish","format-standard","has-post-thumbnail","hentry","category-actualite","category-tunisie"],"_links":{"self":[{"href":"https:\/\/linitiative.ca\/International\/wp-json\/wp\/v2\/posts\/86743","targetHints":{"allow":["GET"]}}],"collection":[{"href":"https:\/\/linitiative.ca\/International\/wp-json\/wp\/v2\/posts"}],"about":[{"href":"https:\/\/linitiative.ca\/International\/wp-json\/wp\/v2\/types\/post"}],"author":[{"embeddable":true,"href":"https:\/\/linitiative.ca\/International\/wp-json\/wp\/v2\/users\/1772"}],"replies":[{"embeddable":true,"href":"https:\/\/linitiative.ca\/International\/wp-json\/wp\/v2\/comments?post=86743"}],"version-history":[{"count":0,"href":"https:\/\/linitiative.ca\/International\/wp-json\/wp\/v2\/posts\/86743\/revisions"}],"wp:featuredmedia":[{"embeddable":true,"href":"https:\/\/linitiative.ca\/International\/wp-json\/"}],"wp:attachment":[{"href":"https:\/\/linitiative.ca\/International\/wp-json\/wp\/v2\/media?parent=86743"}],"wp:term":[{"taxonomy":"category","embeddable":true,"href":"https:\/\/linitiative.ca\/International\/wp-json\/wp\/v2\/categories?post=86743"},{"taxonomy":"post_tag","embeddable":true,"href":"https:\/\/linitiative.ca\/International\/wp-json\/wp\/v2\/tags?post=86743"}],"curies":[{"name":"wp","href":"https:\/\/api.w.org\/{rel}","templated":true}]}}