{"id":86746,"date":"2020-05-26T01:00:00","date_gmt":"2020-05-26T05:00:00","guid":{"rendered":"https:\/\/linitiative.ca\/International\/retraites-la-vie-nest-plus-une-source-de-plaisir\/"},"modified":"2020-05-26T01:00:00","modified_gmt":"2020-05-26T05:00:00","slug":"retraites-la-vie-nest-plus-une-source-de-plaisir","status":"publish","type":"post","link":"https:\/\/linitiative.ca\/International\/retraites-la-vie-nest-plus-une-source-de-plaisir\/","title":{"rendered":"Retrait\u00e9s, la vie n&rsquo;est plus une source de plaisir"},"content":{"rendered":"<p>Bonjour. Il y a cinquante ans, notre dignit\u00e9 d&rsquo;homme venait de notre travail. On nous avait appris \u00e0 l&rsquo;\u00e9cole coloniale, puis \u00e0 l&rsquo;or\u00e9e de l&rsquo;ind\u00e9pendance, que le premier sentiment moral, c&rsquo;est le respect de la personne. Aujourd&rsquo;hui, malheureusement, on ne respecte plus ce principe. Au contraire, nous sommes impr\u00e9gn\u00e9s de ce caract\u00e8re immoral de traiter une personne comme une chose ; une fois \u00abconsum\u00e9e\u00bb, on s&rsquo;en d\u00e9barrasse.\u00a0<\/p>\n<p>Les travailleurs qui s&rsquo;\u00e9chinaient au labeur \u00e0 l&rsquo;or\u00e9e de l&rsquo;ind\u00e9pendance, aujourd&rsquo;hui \u00e0 la retraite, m\u00e9ritent plus d&rsquo;\u00e9gards, car m\u00eame s&rsquo;ils travaillaient pour n\u00e9cessit\u00e9 \u00e9conomique, beaucoup, sinon tous, se sentaient utiles au pays qui avait besoin de t\u00eates et de bras pour relever tous les d\u00e9fis qui se pr\u00e9sentaient \u00e0 lui. L&rsquo;individualisme outrancier, longtemps d\u00e9cri\u00e9 pour tourner le dos au plus faible, accumule le plus gros des richesses pour lui redistribuer le r\u00e9sidu. Sur un fond hideux du personnalisme f\u00e9roce, le travailleur des ann\u00e9es 1960 et 1970 est presque r\u00e9duit \u00e0 la mendicit\u00e9. Dans cette perspective, il est des fois tentant de se replier sur le pass\u00e9 pour trouver des rep\u00e8res.\u00a0<br \/>Chercher dans ce tourbillon du pr\u00e9sent ce qui m\u00e9rite d&rsquo;\u00eatre perp\u00e9tu\u00e9, ce qui donne leur valeur aux traditions de temp\u00e9rance. Sous le r\u00e8gne actuel de la marchandisation du monde, les puissants ne s&rsquo;int\u00e9ressent qu&rsquo;en termes d&rsquo;argent et de pouvoir, le prol\u00e9taire ne peut plus penser qu&rsquo;en termes de survie. Il y a plus de 45 ans, le travailleur baignait dans le bonheur, l&rsquo;\u00e9gocentrisme \u00e9tait un mot presque inconnu de son vocabulaire. Il pensait au bonheur d&rsquo;autrui, quelle que\u00a0 soit sa condition. Le fl\u00e9au du mis\u00e9rabilisme s\u00e9vissait malheureusement avec acuit\u00e9 dans plusieurs pays de la r\u00e9gion. Par la gr\u00e2ce de Dieu, notre main-d&rsquo;\u0153uvre et nos cadres n&rsquo;\u00e9taient pas vou\u00e9s \u00e0 l&rsquo;inculture et \u00e9cras\u00e9s sous le poids des contingences mat\u00e9rielles, \u00abnolens volens\u00bb, ils menaient une vie simple et heureuse. Ils n&rsquo;avaient pas des poires d&rsquo;angoisse. Les retrait\u00e9s des quinze glorieuses, celles qui correspondaient au d\u00e9collage \u00e9conomique et o\u00f9, \u00e0 l&rsquo;usine, le sid\u00e9rurgiste, le m\u00e9tallo, l&rsquo;ajusteur&#8230; \u00e9taient aux commandes des machines industrielles et vibraient \u00e0 leur son, au vrombissement des moteurs et au hurlement des souffleries.\u00a0<br \/>Dans l&rsquo;administration, il n&rsquo;\u00e9tait pas ce fonctionnaire v\u00e9tilleux et imp\u00e9rieux difficile \u00e0 aborder. Dans les exploitations agricoles qui furent cr\u00e9\u00e9es gr\u00e2ce \u00e0 des changements sociaux plus ou moins r\u00e9volutionnaires, l&rsquo;agriculteur se levait t\u00f4t et se couchait tard.\u00a0<br \/>Les mains calleuses par la m\u00e9canisation, il contribua \u00e0 jouer un r\u00f4le d\u00e9terminant dans l&rsquo;accroissement des rendements agricoles ; il ne pr\u00e9variquait pas dans sa fonction. Il veillait au grain. Sur le chantier de construction ou de la plateforme de forage, le ma\u00e7on, le ferrailleur, le man\u0153uvre, le sondeur, l&rsquo;accrocheur en haut du derrick \u00e0 20 m\u00e8tres du sol, sous un soleil de plomb sur son front d\u00e9j\u00e0 br\u00fblant ; tous ces travailleurs ont su faire preuve de rectitude et de fid\u00e9lit\u00e9 envers le serment de Novembre 54. Ils n\u2019\u00e9taient pas enclins \u00e0 l&rsquo;incurie. Pour un fait v\u00e9ridique qui se perdra peut-\u00eatre dans l&rsquo;anecdote, nous d\u00e9dions une pens\u00e9e \u00e0 nos amis et coll\u00e8gues de travail Hocine Kerik et Rachid Terhani qui nous ont quitt\u00e9s il y a quelques ann\u00e9es et qui figuraient parmi ces guerriers du labeur pour avoir trim\u00e9 d\u00e8s le d\u00e9but de l&rsquo;ann\u00e9e 1970 sur la plateforme de forage de Tiguentourine, Rourdhe E Nous et autres sites de forage dans le Grand Sud alg\u00e9rien.\u00a0<\/p>\n<p><strong>\u00abJe suis ce \u2018\u2018RIEN\u2019\u2019\u00bb<\/strong><br \/>Apr\u00e8s de longues ann\u00e9es de durs labeurs, la situation d\u00e9plorable dans laquelle se trouvaient ces vieux partisans du stakhanovisme, ces vieillards cacochymes au visage rid\u00e9, encore en vie, n&rsquo;\u00e9tait et n&rsquo;est gu\u00e8re reluisante. La maigre pension de retraite per\u00e7ue les emp\u00eache de mener une fin de vie d\u00e9cente, sachant bien qu&rsquo;ils ne s&rsquo;endorment pas dans les d\u00e9lices de Capoue. Jambes vacillantes, vue basse&#8230;, conscients de ne servir plus \u00e0\u00a0 \u00abrien \u00bb, ils sont n\u00e9anmoins les premiers \u00e0 r\u00e9pondre aux appels de la nation quand il s&rsquo;agit de faire leur devoir de citoyens. Voici un conte qui refl\u00e8te bien la pens\u00e9e des pionniers de la r\u00e9volution industrielle. \u00abToute la cour \u00e9tait l\u00e0, attendant l&rsquo;arriv\u00e9e du roi, quand un fakir en haillons entre et va nonchalamment s&rsquo;asseoir sur le tr\u00f4ne.\u00a0<br \/>Le Premier ministre n&rsquo;en croit pas ses yeux. &#8211; Qui crois-tu \u00eatre pour entrer ici et te conduire de cette mani\u00e8re ? lui demande-t-il ? Te prendrais-tu pour un ministre ? &#8211; Un ministre ? r\u00e9plique le fakir. Non, je suis bien plus que cela. &#8211; Tu ne peux pas \u00eatre le Premier ministre, parce que le Premier ministre, c&rsquo;est moi. Serais-tu le roi ? &#8211; Non, pas le roi, plus que cela. &#8211; L&#8217;empereur ? &#8211; Non, encore plus ? &#8211; Le proph\u00e8te alors ? &#8211; Plus encore ! &#8211; Serais-tu Dieu ? &#8211; Non, je ne suis pas Dieu. &#8211; C&rsquo;est encore bien plus que cela. &#8211; Mais il n&rsquo;y a rien au-dessus de Dieu ! &#8211; C&rsquo;est exact, reprend le fakir, je suis ce \u00abRIEN\u00bb. (\u00abL\u2019appel de l&rsquo;\u00eatre\u00bb, Ramesh Belsekar).<br \/>Soudani Achour<\/p>\n<p>Auteur:<br \/>\n<a href=\"https:\/\/www.lesoirdalgerie.com\/retraite\/retraites-la-vie-nest-plus-une-source-de-plaisir-42651\">Cliquez ici pour lire l&rsquo;article depuis sa source.<\/a><\/p>\n","protected":false},"excerpt":{"rendered":"<p>Bonjour. Il y a cinquante ans, notre dignit\u00e9 d&rsquo;homme venait de notre travail. On nous avait appris \u00e0 l&rsquo;\u00e9cole coloniale, puis \u00e0 l&rsquo;or\u00e9e de l&rsquo;ind\u00e9pendance, que le premier sentiment moral, c&rsquo;est le respect de la personne. Aujourd&rsquo;hui, malheureusement, on ne respecte plus ce principe. Au contraire, nous sommes impr\u00e9gn\u00e9s de ce caract\u00e8re immoral de traiter [&hellip;]<\/p>\n","protected":false},"author":1741,"featured_media":0,"comment_status":"closed","ping_status":"closed","sticky":false,"template":"","format":"standard","meta":{"fifu_image_url":"","fifu_image_alt":"","footnotes":""},"categories":[73,53],"tags":[],"class_list":["post-86746","post","type-post","status-publish","format-standard","hentry","category-actualite","category-algerie"],"_links":{"self":[{"href":"https:\/\/linitiative.ca\/International\/wp-json\/wp\/v2\/posts\/86746","targetHints":{"allow":["GET"]}}],"collection":[{"href":"https:\/\/linitiative.ca\/International\/wp-json\/wp\/v2\/posts"}],"about":[{"href":"https:\/\/linitiative.ca\/International\/wp-json\/wp\/v2\/types\/post"}],"author":[{"embeddable":true,"href":"https:\/\/linitiative.ca\/International\/wp-json\/wp\/v2\/users\/1741"}],"replies":[{"embeddable":true,"href":"https:\/\/linitiative.ca\/International\/wp-json\/wp\/v2\/comments?post=86746"}],"version-history":[{"count":0,"href":"https:\/\/linitiative.ca\/International\/wp-json\/wp\/v2\/posts\/86746\/revisions"}],"wp:attachment":[{"href":"https:\/\/linitiative.ca\/International\/wp-json\/wp\/v2\/media?parent=86746"}],"wp:term":[{"taxonomy":"category","embeddable":true,"href":"https:\/\/linitiative.ca\/International\/wp-json\/wp\/v2\/categories?post=86746"},{"taxonomy":"post_tag","embeddable":true,"href":"https:\/\/linitiative.ca\/International\/wp-json\/wp\/v2\/tags?post=86746"}],"curies":[{"name":"wp","href":"https:\/\/api.w.org\/{rel}","templated":true}]}}