{"id":86751,"date":"2020-05-26T16:13:15","date_gmt":"2020-05-26T20:13:15","guid":{"rendered":"https:\/\/linitiative.ca\/International\/coronavirus-les-librairies-rouvrent-leurs-portes\/"},"modified":"2020-05-26T16:13:15","modified_gmt":"2020-05-26T20:13:15","slug":"coronavirus-les-librairies-rouvrent-leurs-portes","status":"publish","type":"post","link":"https:\/\/linitiative.ca\/International\/coronavirus-les-librairies-rouvrent-leurs-portes\/","title":{"rendered":"Coronavirus : les librairies rouvrent leurs portes"},"content":{"rendered":"<p><strong>Ferm\u00e9es depuis le d\u00e9but de l\u2019\u00e9tat d\u2019urgence sanitaire, les librairies ont recommenc\u00e9 \u00e0 accueillir leurs clients.<\/strong><\/p>\n<div class=\"c10\"\/>\n<p>Le ministre de la Culture, de la Jeunesse et des Sports l\u2019a annonc\u00e9 sur sa page Facebook. Othman El Ferdaous pr\u00e9cise qu\u2019en coordination avec le minist\u00e8re de l\u2019Int\u00e9rieur, le minist\u00e8re de la Culture, de la Jeunesse et des Sports autorise les kiosques et les librairies \u00e0 rouvrir ce mardi 26 mai sans autorisation pr\u00e9alable, \u00e0 condition de respecter les mesures sanitaires au profit de leurs employ\u00e9s et de leurs clients.<\/p>\n<p><iframe loading=\"lazy\" src=\"https:\/\/www.facebook.com\/plugins\/post.php?href=https%3A%2F%2Fwww.facebook.com%2Fef.othman%2Fposts%2F10158146244906063&amp;width=500\" width=\"500\" height=\"199\">[embedded content]<\/iframe><\/p>\n<p>Ainsi, certaines librairies ont limit\u00e9 l\u2019acc\u00e8s \u00e0 3 personnes. Elles invitent leurs clients \u00e0 respecter la distance de s\u00e9curit\u00e9 de 1 m\u00e8tre et de porter le masque.<\/p>\n<p><strong>Lire aussi |<\/strong> <a rel=\"noreferrer noopener\" aria-label=\"Ce que vous devez savoir sur le coronavirus (s&#x2019;ouvre dans un nouvel onglet)\" href=\"https:\/\/www.challenge.ma\/ce-que-vous-devez-savoir-sur-le-coronavirus-134568\/\" target=\"_blank\"><strong>Ce que vous devez savoir sur le coronavirus<\/strong><\/a><\/p>\n<p>Cette annonce survient quelques jours apr\u00e8s l\u2019autorisation de reprise d\u2019impression et de la distribution des journaux et magazines.<\/p>\n<div class=\"c17\">\n<fieldset class=\"c16\">\n<legend><strong><span class=\"c11\">Challenge<\/span><span class=\"c12\">news<\/span><\/strong><\/legend>\n<div class=\"c15\">Le meilleur de Challenge s\u00e9lectionn\u00e9 par la r\u00e9daction :<\/p>\n<\/div>\n<\/fieldset>\n<\/div>\n<p>Auteur: Karim Handaoui<br \/>\n<a href=\"https:\/\/www.challenge.ma\/coronavirus-les-librairies-rouvrent-leurs-portes-141811\/\">Cliquez ici pour lire l&rsquo;article depuis sa source.<\/a><\/p>\n","protected":false},"excerpt":{"rendered":"<p>Ferm\u00e9es depuis le d\u00e9but de l\u2019\u00e9tat d\u2019urgence sanitaire, les librairies ont recommenc\u00e9 \u00e0 accueillir leurs clients. Le ministre de la Culture, de la Jeunesse et des Sports l\u2019a annonc\u00e9 sur sa page Facebook. Othman El Ferdaous pr\u00e9cise qu\u2019en coordination avec le minist\u00e8re de l\u2019Int\u00e9rieur, le minist\u00e8re de la Culture, de la Jeunesse et des Sports [&hellip;]<\/p>\n","protected":false},"author":1787,"featured_media":0,"comment_status":"closed","ping_status":"closed","sticky":false,"template":"","format":"standard","meta":{"fifu_image_url":"","fifu_image_alt":"","footnotes":""},"categories":[78,54],"tags":[],"class_list":["post-86751","post","type-post","status-publish","format-standard","hentry","category-economie","category-maroc"],"_links":{"self":[{"href":"https:\/\/linitiative.ca\/International\/wp-json\/wp\/v2\/posts\/86751","targetHints":{"allow":["GET"]}}],"collection":[{"href":"https:\/\/linitiative.ca\/International\/wp-json\/wp\/v2\/posts"}],"about":[{"href":"https:\/\/linitiative.ca\/International\/wp-json\/wp\/v2\/types\/post"}],"author":[{"embeddable":true,"href":"https:\/\/linitiative.ca\/International\/wp-json\/wp\/v2\/users\/1787"}],"replies":[{"embeddable":true,"href":"https:\/\/linitiative.ca\/International\/wp-json\/wp\/v2\/comments?post=86751"}],"version-history":[{"count":0,"href":"https:\/\/linitiative.ca\/International\/wp-json\/wp\/v2\/posts\/86751\/revisions"}],"wp:attachment":[{"href":"https:\/\/linitiative.ca\/International\/wp-json\/wp\/v2\/media?parent=86751"}],"wp:term":[{"taxonomy":"category","embeddable":true,"href":"https:\/\/linitiative.ca\/International\/wp-json\/wp\/v2\/categories?post=86751"},{"taxonomy":"post_tag","embeddable":true,"href":"https:\/\/linitiative.ca\/International\/wp-json\/wp\/v2\/tags?post=86751"}],"curies":[{"name":"wp","href":"https:\/\/api.w.org\/{rel}","templated":true}]}}