{"id":86764,"date":"2020-05-25T19:03:27","date_gmt":"2020-05-25T23:03:27","guid":{"rendered":"https:\/\/linitiative.ca\/International\/cadre-de-concertation-provincial-du-sanmatenga-les-mesures-barrieres-contre-la-covid-19-au-menu\/"},"modified":"2020-05-25T19:03:27","modified_gmt":"2020-05-25T23:03:27","slug":"cadre-de-concertation-provincial-du-sanmatenga-les-mesures-barrieres-contre-la-covid-19-au-menu","status":"publish","type":"post","link":"https:\/\/linitiative.ca\/International\/cadre-de-concertation-provincial-du-sanmatenga-les-mesures-barrieres-contre-la-covid-19-au-menu\/","title":{"rendered":"Cadre de concertation provincial  du Sanmatenga : Les mesures-barri\u00e8res contre  la COVID-19 au menu"},"content":{"rendered":"<div class=\"td-post-featured-image\" readability=\"33\"><a href=\"https:\/\/www.sidwaya.info\/wp-content\/uploads\/2020\/05\/sed.jpg\" data-caption=\"Les participants ont d&#xE9;plor&#xE9; la r&#xE9;vision des listes &#xE9;lectorales avant la d&#xE9;livrance des CNIB aux populations.\"><img loading=\"lazy\" decoding=\"async\" width=\"696\" height=\"522\" class=\"entry-thumb td-modal-image\" src=\"https:\/\/www.sidwaya.info\/wp-content\/uploads\/2020\/05\/sed-696x522.jpg\" srcset=\"https:\/\/www.sidwaya.info\/wp-content\/uploads\/2020\/05\/sed-696x522.jpg 696w, https:\/\/www.sidwaya.info\/wp-content\/uploads\/2020\/05\/sed-300x225.jpg 300w, https:\/\/www.sidwaya.info\/wp-content\/uploads\/2020\/05\/sed-768x576.jpg 768w, https:\/\/www.sidwaya.info\/wp-content\/uploads\/2020\/05\/sed-560x420.jpg 560w, https:\/\/www.sidwaya.info\/wp-content\/uploads\/2020\/05\/sed-80x60.jpg 80w, https:\/\/www.sidwaya.info\/wp-content\/uploads\/2020\/05\/sed-265x198.jpg 265w, https:\/\/www.sidwaya.info\/wp-content\/uploads\/2020\/05\/sed.jpg 787w\" sizes=\"auto, (max-width: 696px) 100vw, 696px\" alt=\"\" title=\"sed\"\/><\/a>Les participants ont d\u00e9plor\u00e9 la r\u00e9vision des listes \u00e9lectorales avant la d\u00e9livrance des CNIB aux populations.<\/div>\n<p><strong>Les membres statutaires du Cadre de concertation provincial (CCP) du Sanmatenga ont tenu leur premi\u00e8re session ordinaire de l\u2019ann\u00e9e en cours, le vendredi 22 mai 2020, \u00e0 Kaya.<\/strong><\/p>\n<p>Deux communications ont marqu\u00e9 la premi\u00e8re session ordinaire du Cadre de concertation provincial (CCP) du Sanmatenga tenu le vendredi 22 mai 2020, dans la cit\u00e9 \u2018\u2019des cuirs et peaux\u2019\u2019. Ce conclave a connu la participation des \u00e9lus locaux, pr\u00e9fets et leaders coutumiers et religieux des 11 communes de ladite province. La premi\u00e8re communication, pr\u00e9sent\u00e9e par le repr\u00e9sentant de la Chambre r\u00e9gionale d\u2019agriculture (CRA) du Centre-Nord, Joseph Ou\u00e9draogo, a port\u00e9 sur le bilan des activit\u00e9s du projet \u2018\u2019Neer-tamba\u2019\u2019 du premier semestre de l\u2019ann\u00e9e 2020.<\/p>\n<p>En termes d\u2019activit\u00e9s r\u00e9alis\u00e9es, il a mentionn\u00e9, entre autres, le renforcement des capacit\u00e9s de 39 paysans facilitateurs\/am\u00e9nagistes et 431 producteurs en technique d\u2019am\u00e9nagement de bas-fonds et l\u2019ouverture de dix centres d\u2019alphab\u00e9tisation pour une formation \u00abformule encha\u00een\u00e9e\u00bb au profit de 300 b\u00e9n\u00e9ficiaires. Toutefois, des difficult\u00e9s ont \u00e9t\u00e9 rencontr\u00e9es sur le terrain, notamment le contexte s\u00e9curitaire dans la bande nord de Sanmatenga et la pand\u00e9mie \u00e0 coronavirus. Joseph Ou\u00e9draogo a mentionn\u00e9 qu\u2019en perspectives, d\u2019autres actions seront men\u00e9es dans le deuxi\u00e8me semestre de l\u2019ann\u00e9e en cours. \u00abIl s\u2019agit, notamment de l\u2019am\u00e9nagement de dix hectares de p\u00e9rim\u00e8tre mara\u00eecher avec puits, la r\u00e9alisation de forages mara\u00eechers, l\u2019organisation des sessions de formation des producteurs aux techniques d\u2019am\u00e9nagement, d\u2019entretien et d\u2019exploitation de bas-fonds\u00bb, a d\u00e9taill\u00e9 le repr\u00e9sentant de la CRA.<\/p>\n<div class=\"td-a-rec td-a-rec-id-content_inline tdi_30_677 td_block_template_1\"><img loading=\"lazy\" decoding=\"async\" class=\"aligncenter size-full wp-image-21314\" src=\"https:\/\/www.sidwaya.info\/wp-content\/uploads\/2020\/04\/Bandeau-Covid-19-Sidwaya-1.jpg\" alt=\"\" width=\"790\" height=\"98\"\/><\/div>\n<p>Pour la p\u00e9riode de 2014-2022, le projet \u2018\u2019Neer-tamba\u2019\u2019 couvre trois r\u00e9gions du Burkina Faso, \u00e0 savoir : le Centre-Nord, le Nord et l\u2019Est. \u00abIl est cofinanc\u00e9 par le Fonds international de d\u00e9veloppement agricole (FIDA), le gouvernement burkinab\u00e8 et les b\u00e9n\u00e9ficiaires de plus de 56, 6 milliards F CFA\u00bb, a soulign\u00e9 M. Ou\u00e9draogo. A l\u2019entendre, c\u2019est un projet de gestion participative des ressources naturelles et de d\u00e9veloppement rural dont l\u2019objectif global est d\u2019am\u00e9liorer les conditions de vie et des revenus des populations rurales les plus d\u00e9favoris\u00e9es. La deuxi\u00e8me communication sur la COVID-19 dans le Sanmatenga a \u00e9t\u00e9 pr\u00e9sent\u00e9e par le M\u00e9decin-chef du district (MCD) sanitaire de Kaya, Albert Yam\u00e9ogo.<\/p>\n<p><strong>Lutte contre la COVID-19<\/strong><\/p>\n<p>Son expos\u00e9 s\u2019est appesanti sur les mesures-barri\u00e8res contre la COVID-19 et les actions entreprises par les diff\u00e9rents districts sanitaires de la province pour endiguer la maladie. Pour lui, ces mesures-barri\u00e8res se r\u00e9sument, entre autres, au lavage des mains, au port des bavettes et \u00e0 l\u2019\u00e9ternuement dans le coude fl\u00e9chi. \u00abIl faut \u00e9galement \u00e9viter tout contact \u00e9troit non prot\u00e9g\u00e9 avec toute personne d\u00e9veloppant des sympt\u00f4mes de rhume ou de grippe, consulter dans un centre de sant\u00e9 en cas de fi\u00e8vre, toux et difficult\u00e9s respiratoires ou appeler au num\u00e9ro vert : 35 35, \u00e9viter tout contact direct non prot\u00e9g\u00e9 avec des animaux et bien cuire les aliments (viande)\u00bb, a pr\u00e9conis\u00e9 l\u2019agent de sant\u00e9, Albert Yam\u00e9ogo.<\/p>\n<p>Quant aux actions entreprises pour briser la chaine de transmission du coronavirus dans le sanmatenga, il a retenu la d\u00e9sinfection des march\u00e9s de Kaya, Pissila et Barsalogho, la sensibilisation des populations des march\u00e9s et gares routi\u00e8res par des volontaires et le confinement de plus de 40 personnes de la mine d\u2019or de Taparko dans des h\u00f4tels de Kaya dont le suivi est toujours en cours. La mise en place des \u00e9quipes de contr\u00f4le de Temp\u00e9rature \u00e0 l\u2019entr\u00e9e et \u00e0 la sortie de Kaya, la production des solutions hydroalcooliques et l\u2019acquisition de mat\u00e9riel de protection du personnel soignant, font aussi partie des acquis engrang\u00e9s.<\/p>\n<p>A l\u2019issue des travaux, le pr\u00e9sident du CCP du Sanmatenga, le haut-commissaire de ladite province, Patrice Sorgho, a rendu hommage aux agents de sant\u00e9 qui sacrifient leurs vies pour la prise en charge des cas confirm\u00e9s \u00e0 la COVID-19. Il a mis l\u2019occasion \u00e0 profit pour exhorter les participants \u00e0 s\u2019impliquer davantage pour le retour des Personnes d\u00e9plac\u00e9es internes (PDI) dans les zones pacifi\u00e9es gr\u00e2ce aux efforts consentis des Forces de d\u00e9fense et de s\u00e9curit\u00e9 (FDS), en collaboration avec les Volontaires pour la d\u00e9fense de la patrie (VDP) dans la lutte contre le terrorisme. \u00abNous plaidons pour une mobilisation des populations dans le processus de la r\u00e9vision des listes \u00e9lectorales (23 mai au 1e juin) et l\u2019op\u00e9ration de d\u00e9livrance des Cartes nationales d\u2019identit\u00e9 burkinab\u00e8 (CNIB) (8 au 18 juin)\u00bb, a-t-il souhait\u00e9.<\/p>\n<p class=\"c1\"><strong>Emil Abdoul Razak SEGDA<\/strong><br \/>Segda9emil@gmail.com<\/p>\n<div class=\"td-a-rec td-a-rec-id-content_bottom tdi_31_dd5 td_block_template_1\"><img loading=\"lazy\" decoding=\"async\" class=\"aligncenter size-full wp-image-22415\" src=\"https:\/\/www.sidwaya.info\/wp-content\/uploads\/2020\/05\/Bandeau-paiement-mobile-site.png\" alt=\"\" width=\"728\" height=\"90\"\/><\/div>\n<p>Auteur: JK. Sidwaya<br \/>\n<a href=\"https:\/\/www.sidwaya.info\/blog\/2020\/05\/25\/cadre-de-concertation-provincial-du-sanmatenga-les-mesures-barrieres-contre-la-covid-19-au-menu\/\">Cliquez ici pour lire l&rsquo;article depuis sa source.<\/a><\/p>\n","protected":false},"excerpt":{"rendered":"<p>Les participants ont d\u00e9plor\u00e9 la r\u00e9vision des listes \u00e9lectorales avant la d\u00e9livrance des CNIB aux populations. Les membres statutaires du Cadre de concertation provincial (CCP) du Sanmatenga ont tenu leur premi\u00e8re session ordinaire de l\u2019ann\u00e9e en cours, le vendredi 22 mai 2020, \u00e0 Kaya. Deux communications ont marqu\u00e9 la premi\u00e8re session ordinaire du Cadre de [&hellip;]<\/p>\n","protected":false},"author":1816,"featured_media":86765,"comment_status":"closed","ping_status":"closed","sticky":false,"template":"","format":"standard","meta":{"fifu_image_url":"","fifu_image_alt":"","footnotes":""},"categories":[73,81],"tags":[],"class_list":["post-86764","post","type-post","status-publish","format-standard","has-post-thumbnail","hentry","category-actualite","category-burkina-faso"],"_links":{"self":[{"href":"https:\/\/linitiative.ca\/International\/wp-json\/wp\/v2\/posts\/86764","targetHints":{"allow":["GET"]}}],"collection":[{"href":"https:\/\/linitiative.ca\/International\/wp-json\/wp\/v2\/posts"}],"about":[{"href":"https:\/\/linitiative.ca\/International\/wp-json\/wp\/v2\/types\/post"}],"author":[{"embeddable":true,"href":"https:\/\/linitiative.ca\/International\/wp-json\/wp\/v2\/users\/1816"}],"replies":[{"embeddable":true,"href":"https:\/\/linitiative.ca\/International\/wp-json\/wp\/v2\/comments?post=86764"}],"version-history":[{"count":0,"href":"https:\/\/linitiative.ca\/International\/wp-json\/wp\/v2\/posts\/86764\/revisions"}],"wp:featuredmedia":[{"embeddable":true,"href":"https:\/\/linitiative.ca\/International\/wp-json\/"}],"wp:attachment":[{"href":"https:\/\/linitiative.ca\/International\/wp-json\/wp\/v2\/media?parent=86764"}],"wp:term":[{"taxonomy":"category","embeddable":true,"href":"https:\/\/linitiative.ca\/International\/wp-json\/wp\/v2\/categories?post=86764"},{"taxonomy":"post_tag","embeddable":true,"href":"https:\/\/linitiative.ca\/International\/wp-json\/wp\/v2\/tags?post=86764"}],"curies":[{"name":"wp","href":"https:\/\/api.w.org\/{rel}","templated":true}]}}