{"id":86766,"date":"2020-05-26T06:46:44","date_gmt":"2020-05-26T10:46:44","guid":{"rendered":"https:\/\/linitiative.ca\/International\/mettre-la-justice-sociale-et-legalite-femmes-hommes-au-coeur-de-la-lutte-contre-le-covid-19-en-afrique-de-louest\/"},"modified":"2020-05-26T06:46:44","modified_gmt":"2020-05-26T10:46:44","slug":"mettre-la-justice-sociale-et-legalite-femmes-hommes-au-coeur-de-la-lutte-contre-le-covid-19-en-afrique-de-louest","status":"publish","type":"post","link":"https:\/\/linitiative.ca\/International\/mettre-la-justice-sociale-et-legalite-femmes-hommes-au-coeur-de-la-lutte-contre-le-covid-19-en-afrique-de-louest\/","title":{"rendered":"Mettre la justice sociale et l\u2019\u00e9galit\u00e9 femmes-hommes au c\u0153ur de la lutte contre le\u00a0covid-19 en Afrique de l\u2019ouest"},"content":{"rendered":"<div class=\"td-post-featured-image\"><a href=\"https:\/\/www.sidwaya.info\/wp-content\/uploads\/2020\/05\/covid-19a.jpg\" data-caption=\"\"><img loading=\"lazy\" decoding=\"async\" width=\"696\" height=\"391\" class=\"entry-thumb td-modal-image\" src=\"https:\/\/www.sidwaya.info\/wp-content\/uploads\/2020\/05\/covid-19a-696x391.jpg\" srcset=\"https:\/\/www.sidwaya.info\/wp-content\/uploads\/2020\/05\/covid-19a-696x391.jpg 696w, https:\/\/www.sidwaya.info\/wp-content\/uploads\/2020\/05\/covid-19a-300x169.jpg 300w, https:\/\/www.sidwaya.info\/wp-content\/uploads\/2020\/05\/covid-19a-768x432.jpg 768w, https:\/\/www.sidwaya.info\/wp-content\/uploads\/2020\/05\/covid-19a-747x420.jpg 747w, https:\/\/www.sidwaya.info\/wp-content\/uploads\/2020\/05\/covid-19a.jpg 900w\" sizes=\"auto, (max-width: 696px) 100vw, 696px\" alt=\"\" title=\"covid-19a\"\/><\/a><\/div>\n<p><strong><em>[Paris\/Ouagadougou, le 19 mai 2020] \u2013 85 associations mobilis\u00e9es en Afrique de l\u2019Ouest ont sign\u00e9 l\u2019appel \u00e0 l\u2019action lanc\u00e9 par Equipop. En quatre mesures cl\u00e9s, elles interpellent les responsables politiques pour qu\u2019elles\u00a0 mettent la justice sociale et l\u2019\u00e9galit\u00e9 femmes-hommes au c\u0153ur de la r\u00e9ponse \u00e0 la pand\u00e9mie de COVID-19.<\/em><\/strong><\/p>\n<p>Lire le communiqu\u00e9 ci-dessous<\/p>\n<p><a href=\"https:\/\/www.sidwaya.info\/wp-content\/uploads\/2020\/05\/Appel-a%CC%80-laction-Covid19-2.pdf\">Appel-a\u0300-laction-Covid19<\/a><\/p>\n<div class=\"td-a-rec td-a-rec-id-content_inline tdi_30_825 td_block_template_1\"><img loading=\"lazy\" decoding=\"async\" class=\"aligncenter size-full wp-image-21314\" src=\"https:\/\/www.sidwaya.info\/wp-content\/uploads\/2020\/04\/Bandeau-Covid-19-Sidwaya-1.jpg\" alt=\"\" width=\"790\" height=\"98\"\/><\/div>\n<div class=\"td-a-rec td-a-rec-id-content_bottom tdi_31_d25 td_block_template_1\"><img loading=\"lazy\" decoding=\"async\" class=\"aligncenter size-full wp-image-22415\" src=\"https:\/\/www.sidwaya.info\/wp-content\/uploads\/2020\/05\/Bandeau-paiement-mobile-site.png\" alt=\"\" width=\"728\" height=\"90\"\/><\/div>\n<p>Auteur: BS. Sidwaya<br \/>\n<a href=\"https:\/\/www.sidwaya.info\/blog\/2020\/05\/26\/mettre-la-justice-sociale-et-legalite-femmes-hommes-au-coeur-de-la-lutte-contre-le-covid-19-en-afrique-de-louest\/\">Cliquez ici pour lire l&rsquo;article depuis sa source.<\/a><\/p>\n","protected":false},"excerpt":{"rendered":"<p>[Paris\/Ouagadougou, le 19 mai 2020] \u2013 85 associations mobilis\u00e9es en Afrique de l\u2019Ouest ont sign\u00e9 l\u2019appel \u00e0 l\u2019action lanc\u00e9 par Equipop. En quatre mesures cl\u00e9s, elles interpellent les responsables politiques pour qu\u2019elles\u00a0 mettent la justice sociale et l\u2019\u00e9galit\u00e9 femmes-hommes au c\u0153ur de la r\u00e9ponse \u00e0 la pand\u00e9mie de COVID-19. Lire le communiqu\u00e9 ci-dessous Appel-a\u0300-laction-Covid19 Auteur: [&hellip;]<\/p>\n","protected":false},"author":1816,"featured_media":86767,"comment_status":"closed","ping_status":"closed","sticky":false,"template":"","format":"standard","meta":{"fifu_image_url":"","fifu_image_alt":"","footnotes":""},"categories":[73,81],"tags":[],"class_list":["post-86766","post","type-post","status-publish","format-standard","has-post-thumbnail","hentry","category-actualite","category-burkina-faso"],"_links":{"self":[{"href":"https:\/\/linitiative.ca\/International\/wp-json\/wp\/v2\/posts\/86766","targetHints":{"allow":["GET"]}}],"collection":[{"href":"https:\/\/linitiative.ca\/International\/wp-json\/wp\/v2\/posts"}],"about":[{"href":"https:\/\/linitiative.ca\/International\/wp-json\/wp\/v2\/types\/post"}],"author":[{"embeddable":true,"href":"https:\/\/linitiative.ca\/International\/wp-json\/wp\/v2\/users\/1816"}],"replies":[{"embeddable":true,"href":"https:\/\/linitiative.ca\/International\/wp-json\/wp\/v2\/comments?post=86766"}],"version-history":[{"count":0,"href":"https:\/\/linitiative.ca\/International\/wp-json\/wp\/v2\/posts\/86766\/revisions"}],"wp:featuredmedia":[{"embeddable":true,"href":"https:\/\/linitiative.ca\/International\/wp-json\/"}],"wp:attachment":[{"href":"https:\/\/linitiative.ca\/International\/wp-json\/wp\/v2\/media?parent=86766"}],"wp:term":[{"taxonomy":"category","embeddable":true,"href":"https:\/\/linitiative.ca\/International\/wp-json\/wp\/v2\/categories?post=86766"},{"taxonomy":"post_tag","embeddable":true,"href":"https:\/\/linitiative.ca\/International\/wp-json\/wp\/v2\/tags?post=86766"}],"curies":[{"name":"wp","href":"https:\/\/api.w.org\/{rel}","templated":true}]}}