{"id":86768,"date":"2020-05-26T09:02:52","date_gmt":"2020-05-26T13:02:52","guid":{"rendered":"https:\/\/linitiative.ca\/International\/covid-19-au-burkina-faso-04-nouveaux-cas-confirmes-8-guerisons-et-01-deces\/"},"modified":"2020-05-26T09:02:52","modified_gmt":"2020-05-26T13:02:52","slug":"covid-19-au-burkina-faso-04-nouveaux-cas-confirmes-8-guerisons-et-01-deces","status":"publish","type":"post","link":"https:\/\/linitiative.ca\/International\/covid-19-au-burkina-faso-04-nouveaux-cas-confirmes-8-guerisons-et-01-deces\/","title":{"rendered":"COVID-19 au Burkina Faso: 04 nouveaux cas confirm\u00e9s, 8 gu\u00e9risons et 01 d\u00e9c\u00e8s\u00a0"},"content":{"rendered":"<div class=\"td-post-sharing-top td-post-sharing td-ps-bg td-ps-padding td-ps-bar td-post-sharing-style6\">\n<div class=\"td-post-sharing-visible\"><a class=\"td-social-sharing-button td-social-sharing-button-js td-social-network td-social-facebook\" href=\"https:\/\/www.facebook.com\/sharer.php?u=https%3A%2F%2Fwww.sidwaya.info%2Fblog%2F2020%2F05%2F26%2Fcovid-19-au-burkina-faso-04-nouveaux-cas-confirmes-8-guerisons-et-01-deces%2F\"\/><\/p>\n<p>Facebook<\/p>\n<p><a class=\"td-social-sharing-button td-social-sharing-button-js td-social-network td-social-twitter\" href=\"https:\/\/twitter.com\/intent\/tweet?text=COVID-19+au+Burkina+Faso%3A+04+nouveaux+cas+confirm%C3%A9s%2C+8+gu%C3%A9risons+et+01+d%C3%A9c%C3%A8s%C2%A0&amp;url=https%3A%2F%2Fwww.sidwaya.info%2Fblog%2F2020%2F05%2F26%2Fcovid-19-au-burkina-faso-04-nouveaux-cas-confirmes-8-guerisons-et-01-deces%2F&amp;via=Quotidien+Sidwaya\"\/><\/p>\n<p>Twitter<\/p>\n<p><a class=\"td-social-sharing-button td-social-sharing-button-js td-social-network td-social-pinterest\" href=\"https:\/\/pinterest.com\/pin\/create\/button\/?url=https:\/\/www.sidwaya.info\/blog\/2020\/05\/26\/covid-19-au-burkina-faso-04-nouveaux-cas-confirmes-8-guerisons-et-01-deces\/&amp;media=https:\/\/www.sidwaya.info\/wp-content\/uploads\/2020\/05\/stop-covid19-sign-symbol-vector-260nw-1666725613.jpg&amp;description=COVID-19+au+Burkina+Faso%3A+04+nouveaux+cas+confirm%C3%A9s%2C+8+gu%C3%A9risons+et+01+d%C3%A9c%C3%A8s%C2%A0\"\/><\/p>\n<p>Pinterest<\/p>\n<p><a class=\"td-social-sharing-button td-social-sharing-button-js td-social-network td-social-whatsapp\" href=\"whatsapp:\/\/send?text=COVID-19+au+Burkina+Faso%3A+04+nouveaux+cas+confirm%C3%A9s%2C+8+gu%C3%A9risons+et+01+d%C3%A9c%C3%A8s%C2%A0%20%0A%0A%20https:\/\/www.sidwaya.info\/blog\/2020\/05\/26\/covid-19-au-burkina-faso-04-nouveaux-cas-confirmes-8-guerisons-et-01-deces\/\"\/><\/p>\n<p>WhatsApp<\/p>\n<p><a class=\"td-social-sharing-button td-social-sharing-button-js td-social-network td-social-linkedin\" href=\"https:\/\/www.linkedin.com\/shareArticle?mini=true&amp;url=https:\/\/www.sidwaya.info\/blog\/2020\/05\/26\/covid-19-au-burkina-faso-04-nouveaux-cas-confirmes-8-guerisons-et-01-deces\/&amp;title=COVID-19+au+Burkina+Faso%3A+04+nouveaux+cas+confirm%C3%A9s%2C+8+gu%C3%A9risons+et+01+d%C3%A9c%C3%A8s%C2%A0\"\/><\/p>\n<p>Linkedin<\/p>\n<p><a class=\"td-social-sharing-button td-social-sharing-button-js td-social-network td-social-mail\" href=\"mailto:?subject=COVID-19%20au%20Burkina%20Faso:%2004%20nouveaux%20cas%20confirm%C3%A9s,%208%20gu%C3%A9risons%20et%2001%20d%C3%A9c%C3%A8s%C2%A0&amp;body=https:\/\/www.sidwaya.info\/blog\/2020\/05\/26\/covid-19-au-burkina-faso-04-nouveaux-cas-confirmes-8-guerisons-et-01-deces\/\"\/><\/p>\n<p>Email<\/p>\n<p><a class=\"td-social-sharing-button td-social-sharing-button-js td-social-network td-social-print\" href=\"#\"\/><\/p>\n<p>Print<\/p>\n<p><a class=\"td-social-sharing-button td-social-sharing-button-js td-social-network td-social-tumblr\" href=\"https:\/\/www.tumblr.com\/share\/link?url=https:\/\/www.sidwaya.info\/blog\/2020\/05\/26\/covid-19-au-burkina-faso-04-nouveaux-cas-confirmes-8-guerisons-et-01-deces\/&amp;name=COVID-19%20au%20Burkina%20Faso:%2004%20nouveaux%20cas%20confirm%C3%A9s,%208%20gu%C3%A9risons%20et%2001%20d%C3%A9c%C3%A8s%C2%A0\"\/><\/p>\n<p>Tumblr<\/p>\n<p><a class=\"td-social-sharing-button td-social-sharing-button-js td-social-network td-social-telegram\" href=\"https:\/\/telegram.me\/share\/url?url=https:\/\/www.sidwaya.info\/blog\/2020\/05\/26\/covid-19-au-burkina-faso-04-nouveaux-cas-confirmes-8-guerisons-et-01-deces\/&amp;text=COVID-19+au+Burkina+Faso%3A+04+nouveaux+cas+confirm%C3%A9s%2C+8+gu%C3%A9risons+et+01+d%C3%A9c%C3%A8s%C2%A0\"\/><\/p>\n<p>Telegram<\/p>\n<p><a class=\"td-social-sharing-button td-social-sharing-button-js td-social-network td-social-viber\" href=\"viber:\/\/forward?text=COVID-19+au+Burkina+Faso%3A+04+nouveaux+cas+confirm%C3%A9s%2C+8+gu%C3%A9risons+et+01+d%C3%A9c%C3%A8s%C2%A0%20https:\/\/www.sidwaya.info\/blog\/2020\/05\/26\/covid-19-au-burkina-faso-04-nouveaux-cas-confirmes-8-guerisons-et-01-deces\/\"\/><\/p>\n<p>Viber<\/p>\n<p><a class=\"td-social-sharing-button td-social-sharing-button-js td-social-network td-social-naver\" href=\"https:\/\/share.naver.com\/web\/shareView.nhn?url=https:\/\/www.sidwaya.info\/blog\/2020\/05\/26\/covid-19-au-burkina-faso-04-nouveaux-cas-confirmes-8-guerisons-et-01-deces\/&amp;title=COVID-19+au+Burkina+Faso%3A+04+nouveaux+cas+confirm%C3%A9s%2C+8+gu%C3%A9risons+et+01+d%C3%A9c%C3%A8s%C2%A0\"\/><\/p>\n<p>Naver<\/p>\n<\/div>\n<\/div>\n<div class=\"td-post-content tagdiv-type\" readability=\"41\">\n<div class=\"td-post-featured-image\"><a href=\"https:\/\/www.sidwaya.info\/wp-content\/uploads\/2020\/05\/stop-covid19-sign-symbol-vector-260nw-1666725613.jpg\" data-caption=\"\"><img loading=\"lazy\" decoding=\"async\" width=\"462\" height=\"341\" class=\"entry-thumb td-modal-image\" src=\"https:\/\/www.sidwaya.info\/wp-content\/uploads\/2020\/05\/stop-covid19-sign-symbol-vector-260nw-1666725613.jpg\" srcset=\"https:\/\/www.sidwaya.info\/wp-content\/uploads\/2020\/05\/stop-covid19-sign-symbol-vector-260nw-1666725613.jpg 462w, https:\/\/www.sidwaya.info\/wp-content\/uploads\/2020\/05\/stop-covid19-sign-symbol-vector-260nw-1666725613-300x221.jpg 300w, https:\/\/www.sidwaya.info\/wp-content\/uploads\/2020\/05\/stop-covid19-sign-symbol-vector-260nw-1666725613-80x60.jpg 80w\" sizes=\"auto, (max-width: 462px) 100vw, 462px\" alt=\"\" title=\"stop-covid19-sign-symbol-vector-260nw-1666725613\"\/><\/a><\/div>\n<p>A la date du 24 mai 2020, la situation de la maladie \u00e0 Coronavirus au Burkina Faso se pr\u00e9sente comme suit :<br \/>249 \u00e9chantillons analys\u00e9s, r\u00e9partis-en :<br \/>\u2013 202 tests de cas contacts ;<br \/>\u2013 10 tests de cas suspects ;<br \/>\u2013 10 tests d\u2019h\u00e9modialys\u00e9s ;<br \/>\u2013 01 test de voyageur ;<br \/>\u2013 26 tests de contr\u00f4les ;<br \/>Nombre de nouveaux cas confirm\u00e9s : 04, dont 01 cas import\u00e9 et 03 \u00e0 transmissions communautaires (Ouagadougou) ;<br \/>Nombre de gu\u00e9risons : 08, portant \u00e0 698, le total des gu\u00e9risons ;<br \/>Nombre de d\u00e9c\u00e8s : 01, total des d\u00e9c\u00e8s 53 ;<br \/>Nombre de cas actifs : 94 ;<br \/>Nombre de cas confirm\u00e9s depuis le 09 mars 2020 : 845 dont 311 femmes et 534 hommes.<\/p>\n<p>Communiqu\u00e9 SIG<\/p>\n<p><img loading=\"lazy\" decoding=\"async\" class=\"alignleft size-full wp-image-22500\" src=\"https:\/\/www.sidwaya.info\/wp-content\/uploads\/2020\/05\/covimai.jpg\" alt=\"\" width=\"678\" height=\"960\" srcset=\"https:\/\/www.sidwaya.info\/wp-content\/uploads\/2020\/05\/covimai.jpg 678w, https:\/\/www.sidwaya.info\/wp-content\/uploads\/2020\/05\/covimai-212x300.jpg 212w, https:\/\/www.sidwaya.info\/wp-content\/uploads\/2020\/05\/covimai-297x420.jpg 297w\" sizes=\"auto, (max-width: 678px) 100vw, 678px\"\/><\/p>\n<div class=\"td-a-rec td-a-rec-id-content_inline tdi_30_c87 td_block_template_1\"><img loading=\"lazy\" decoding=\"async\" class=\"aligncenter size-full wp-image-21314\" src=\"https:\/\/www.sidwaya.info\/wp-content\/uploads\/2020\/04\/Bandeau-Covid-19-Sidwaya-1.jpg\" alt=\"\" width=\"790\" height=\"98\"\/><\/div>\n<div class=\"td-a-rec td-a-rec-id-content_bottom tdi_31_8e8 td_block_template_1\"><img loading=\"lazy\" decoding=\"async\" class=\"aligncenter size-full wp-image-22415\" src=\"https:\/\/www.sidwaya.info\/wp-content\/uploads\/2020\/05\/Bandeau-paiement-mobile-site.png\" alt=\"\" width=\"728\" height=\"90\"\/><\/div>\n<\/div>\n<footer>\n<div class=\"td-post-sharing-bottom\">\n<p><iframe frameborder=\"0\" src=\"https:\/\/www.facebook.com\/plugins\/like.php?href=https:\/\/www.sidwaya.info\/blog\/2020\/05\/26\/covid-19-au-burkina-faso-04-nouveaux-cas-confirmes-8-guerisons-et-01-deces\/&amp;layout=button_count&amp;show_faces=false&amp;width=105&amp;action=like&amp;colorscheme=light&amp;height=21\" class=\"c1\">[embedded content]<\/iframe><\/p>\n<div id=\"td_social_sharing_article_bottom\" class=\"td-post-sharing td-ps-bg td-ps-padding td-post-sharing-style7\">\n<div class=\"td-post-sharing-visible\"><a class=\"td-social-sharing-button td-social-sharing-button-js td-social-network td-social-facebook\" href=\"https:\/\/www.facebook.com\/sharer.php?u=https%3A%2F%2Fwww.sidwaya.info%2Fblog%2F2020%2F05%2F26%2Fcovid-19-au-burkina-faso-04-nouveaux-cas-confirmes-8-guerisons-et-01-deces%2F\"\/><\/p>\n<p>Facebook<\/p>\n<p><a class=\"td-social-sharing-button td-social-sharing-button-js td-social-network td-social-twitter\" href=\"https:\/\/twitter.com\/intent\/tweet?text=COVID-19+au+Burkina+Faso%3A+04+nouveaux+cas+confirm%C3%A9s%2C+8+gu%C3%A9risons+et+01+d%C3%A9c%C3%A8s%C2%A0&amp;url=https%3A%2F%2Fwww.sidwaya.info%2Fblog%2F2020%2F05%2F26%2Fcovid-19-au-burkina-faso-04-nouveaux-cas-confirmes-8-guerisons-et-01-deces%2F&amp;via=Quotidien+Sidwaya\"\/><\/p>\n<p>Twitter<\/p>\n<p><a class=\"td-social-sharing-button td-social-sharing-button-js td-social-network td-social-pinterest\" href=\"https:\/\/pinterest.com\/pin\/create\/button\/?url=https:\/\/www.sidwaya.info\/blog\/2020\/05\/26\/covid-19-au-burkina-faso-04-nouveaux-cas-confirmes-8-guerisons-et-01-deces\/&amp;media=https:\/\/www.sidwaya.info\/wp-content\/uploads\/2020\/05\/stop-covid19-sign-symbol-vector-260nw-1666725613.jpg&amp;description=COVID-19+au+Burkina+Faso%3A+04+nouveaux+cas+confirm%C3%A9s%2C+8+gu%C3%A9risons+et+01+d%C3%A9c%C3%A8s%C2%A0\"\/><\/p>\n<p>Pinterest<\/p>\n<p><a class=\"td-social-sharing-button td-social-sharing-button-js td-social-network td-social-whatsapp\" href=\"whatsapp:\/\/send?text=COVID-19+au+Burkina+Faso%3A+04+nouveaux+cas+confirm%C3%A9s%2C+8+gu%C3%A9risons+et+01+d%C3%A9c%C3%A8s%C2%A0%20%0A%0A%20https:\/\/www.sidwaya.info\/blog\/2020\/05\/26\/covid-19-au-burkina-faso-04-nouveaux-cas-confirmes-8-guerisons-et-01-deces\/\"\/><\/p>\n<p>WhatsApp<\/p>\n<p><a class=\"td-social-sharing-button td-social-sharing-button-js td-social-network td-social-linkedin\" href=\"https:\/\/www.linkedin.com\/shareArticle?mini=true&amp;url=https:\/\/www.sidwaya.info\/blog\/2020\/05\/26\/covid-19-au-burkina-faso-04-nouveaux-cas-confirmes-8-guerisons-et-01-deces\/&amp;title=COVID-19+au+Burkina+Faso%3A+04+nouveaux+cas+confirm%C3%A9s%2C+8+gu%C3%A9risons+et+01+d%C3%A9c%C3%A8s%C2%A0\"\/><\/p>\n<p>Linkedin<\/p>\n<p><a class=\"td-social-sharing-button td-social-sharing-button-js td-social-network td-social-mail\" href=\"mailto:?subject=COVID-19%20au%20Burkina%20Faso:%2004%20nouveaux%20cas%20confirm%C3%A9s,%208%20gu%C3%A9risons%20et%2001%20d%C3%A9c%C3%A8s%C2%A0&amp;body=https:\/\/www.sidwaya.info\/blog\/2020\/05\/26\/covid-19-au-burkina-faso-04-nouveaux-cas-confirmes-8-guerisons-et-01-deces\/\"\/><\/p>\n<p>Email<\/p>\n<p><a class=\"td-social-sharing-button td-social-sharing-button-js td-social-network td-social-print\" href=\"#\"\/><\/p>\n<p>Print<\/p>\n<p><a class=\"td-social-sharing-button td-social-sharing-button-js td-social-network td-social-tumblr\" href=\"https:\/\/www.tumblr.com\/share\/link?url=https:\/\/www.sidwaya.info\/blog\/2020\/05\/26\/covid-19-au-burkina-faso-04-nouveaux-cas-confirmes-8-guerisons-et-01-deces\/&amp;name=COVID-19%20au%20Burkina%20Faso:%2004%20nouveaux%20cas%20confirm%C3%A9s,%208%20gu%C3%A9risons%20et%2001%20d%C3%A9c%C3%A8s%C2%A0\"\/><\/p>\n<p>Tumblr<\/p>\n<p><a class=\"td-social-sharing-button td-social-sharing-button-js td-social-network td-social-telegram\" href=\"https:\/\/telegram.me\/share\/url?url=https:\/\/www.sidwaya.info\/blog\/2020\/05\/26\/covid-19-au-burkina-faso-04-nouveaux-cas-confirmes-8-guerisons-et-01-deces\/&amp;text=COVID-19+au+Burkina+Faso%3A+04+nouveaux+cas+confirm%C3%A9s%2C+8+gu%C3%A9risons+et+01+d%C3%A9c%C3%A8s%C2%A0\"\/><\/p>\n<p>Telegram<\/p>\n<p><a class=\"td-social-sharing-button td-social-sharing-button-js td-social-network td-social-viber\" href=\"viber:\/\/forward?text=COVID-19+au+Burkina+Faso%3A+04+nouveaux+cas+confirm%C3%A9s%2C+8+gu%C3%A9risons+et+01+d%C3%A9c%C3%A8s%C2%A0%20https:\/\/www.sidwaya.info\/blog\/2020\/05\/26\/covid-19-au-burkina-faso-04-nouveaux-cas-confirmes-8-guerisons-et-01-deces\/\"\/><\/p>\n<p>Viber<\/p>\n<p><a class=\"td-social-sharing-button td-social-sharing-button-js td-social-network td-social-naver\" href=\"https:\/\/share.naver.com\/web\/shareView.nhn?url=https:\/\/www.sidwaya.info\/blog\/2020\/05\/26\/covid-19-au-burkina-faso-04-nouveaux-cas-confirmes-8-guerisons-et-01-deces\/&amp;title=COVID-19+au+Burkina+Faso%3A+04+nouveaux+cas+confirm%C3%A9s%2C+8+gu%C3%A9risons+et+01+d%C3%A9c%C3%A8s%C2%A0\"\/><\/p>\n<p>Naver<\/p>\n<\/div>\n<\/div>\n<\/div>\n<div class=\"td-block-row td-post-next-prev\">\n<div class=\"td-block-span6 td-post-prev-post td-post-next-prev-content\"><span>Article pr\u00e9c\u00e9dent<\/span><a href=\"https:\/\/www.sidwaya.info\/blog\/2020\/05\/26\/mettre-la-justice-sociale-et-legalite-femmes-hommes-au-coeur-de-la-lutte-contre-le-covid-19-en-afrique-de-louest\/\">Mettre la justice sociale et l\u2019\u00e9galit\u00e9 femmes-hommes au c\u0153ur de la lutte contre le\u00a0covid-19 en Afrique de l\u2019ouest<\/a><\/div>\n<div class=\"td-block-span6 td-post-next-post td-post-next-prev-content\"><span>Article suivant<\/span><a href=\"https:\/\/www.sidwaya.info\/blog\/2020\/05\/26\/burkina-2\/\">Burkina\u00a0<\/a><\/div>\n<\/div>\n<\/footer>\n<p>Auteur: BS. Sidwaya<br \/>\n<a href=\"https:\/\/www.sidwaya.info\/blog\/2020\/05\/26\/covid-19-au-burkina-faso-04-nouveaux-cas-confirmes-8-guerisons-et-01-deces\/\">Cliquez ici pour lire l&rsquo;article depuis sa source.<\/a><\/p>\n","protected":false},"excerpt":{"rendered":"<p>Facebook Twitter Pinterest WhatsApp Linkedin Email Print Tumblr Telegram Viber Naver A la date du 24 mai 2020, la situation de la maladie \u00e0 Coronavirus au Burkina Faso se pr\u00e9sente comme suit :249 \u00e9chantillons analys\u00e9s, r\u00e9partis-en :\u2013 202 tests de cas contacts ;\u2013 10 tests de cas suspects ;\u2013 10 tests d\u2019h\u00e9modialys\u00e9s ;\u2013 01 test [&hellip;]<\/p>\n","protected":false},"author":1816,"featured_media":86769,"comment_status":"closed","ping_status":"closed","sticky":false,"template":"","format":"standard","meta":{"fifu_image_url":"","fifu_image_alt":"","footnotes":""},"categories":[73,81],"tags":[],"class_list":["post-86768","post","type-post","status-publish","format-standard","has-post-thumbnail","hentry","category-actualite","category-burkina-faso"],"_links":{"self":[{"href":"https:\/\/linitiative.ca\/International\/wp-json\/wp\/v2\/posts\/86768","targetHints":{"allow":["GET"]}}],"collection":[{"href":"https:\/\/linitiative.ca\/International\/wp-json\/wp\/v2\/posts"}],"about":[{"href":"https:\/\/linitiative.ca\/International\/wp-json\/wp\/v2\/types\/post"}],"author":[{"embeddable":true,"href":"https:\/\/linitiative.ca\/International\/wp-json\/wp\/v2\/users\/1816"}],"replies":[{"embeddable":true,"href":"https:\/\/linitiative.ca\/International\/wp-json\/wp\/v2\/comments?post=86768"}],"version-history":[{"count":0,"href":"https:\/\/linitiative.ca\/International\/wp-json\/wp\/v2\/posts\/86768\/revisions"}],"wp:featuredmedia":[{"embeddable":true,"href":"https:\/\/linitiative.ca\/International\/wp-json\/"}],"wp:attachment":[{"href":"https:\/\/linitiative.ca\/International\/wp-json\/wp\/v2\/media?parent=86768"}],"wp:term":[{"taxonomy":"category","embeddable":true,"href":"https:\/\/linitiative.ca\/International\/wp-json\/wp\/v2\/categories?post=86768"},{"taxonomy":"post_tag","embeddable":true,"href":"https:\/\/linitiative.ca\/International\/wp-json\/wp\/v2\/tags?post=86768"}],"curies":[{"name":"wp","href":"https:\/\/api.w.org\/{rel}","templated":true}]}}