{"id":86772,"date":"2020-05-26T13:18:03","date_gmt":"2020-05-26T17:18:03","guid":{"rendered":"https:\/\/linitiative.ca\/International\/il-faut-se-servir-de-la-pandemie-pour-creer-une-nouvelle-afrique-ramaphosa\/"},"modified":"2020-05-26T13:18:03","modified_gmt":"2020-05-26T17:18:03","slug":"il-faut-se-servir-de-la-pandemie-pour-creer-une-nouvelle-afrique-ramaphosa","status":"publish","type":"post","link":"https:\/\/linitiative.ca\/International\/il-faut-se-servir-de-la-pandemie-pour-creer-une-nouvelle-afrique-ramaphosa\/","title":{"rendered":"\u00ab Il faut se servir de la pand\u00e9mie pour cr\u00e9er une nouvelle Afrique \u00bb (Ramaphosa)"},"content":{"rendered":"<div readability=\"32\">\n<p>Publi\u00e9 le 26.05.2020 \u00e0 18h18 par APA News<\/p>\n<\/div>\n<div readability=\"85\">\n<p>La pand\u00e9mie de coronavirus aura un impact durable sur la capacit\u00e9 de l\u2019Afrique \u00e0 r\u00e9pondre \u00e0 l\u2019objectif de l\u2019Agenda 2063 de l\u2019Union africaine \u00e0 un continent pacifique, uni et prosp\u00e8re, a d\u00e9clar\u00e9 Cyril Ramaphosa, pr\u00e9sident de l\u2019UA.Le dirigeant sud-africain s\u2019exprimait lundi lors d\u2019une \u00e9mission virtuelle sp\u00e9ciale organis\u00e9e pour marquer le 57e anniversaire de la Journ\u00e9e de l\u2019Afrique sur le th\u00e8me \u00ab\u00a0Faire taire les armes \u2013 Cr\u00e9er des conditions favorables au d\u00e9veloppement de l\u2019Afrique et intensifier la lutte contre la Covid-19\u00a0\u00bb.<\/p>\n<p>\u00a0\u00ab\u00a0Le virus a r\u00e9v\u00e9l\u00e9 les profondes in\u00e9galit\u00e9s qui continuent d\u2019exister sur notre continent et dans le monde entier. Il a montr\u00e9 \u00e0 quel point nous sommes loin d\u2019avoir atteint nos objectifs de d\u00e9veloppement et d\u2019assumer nos responsabilit\u00e9s envers les citoyens de notre continent\u00a0\u00bb, a d\u00e9clar\u00e9 M. Ramaphosa.<\/p>\n<p>\u00a0Il a toutefois fait remarquer que \u00ab\u00a0cette crise mondiale devrait permettre \u00e0 une nouvelle Afrique de se mettre en avant\u00a0\u00bb.<\/p>\n<p>\u00a0\u00ab\u00a0Nous devons aller de l\u2019avant pour r\u00e9pondre aux aspirations de l\u2019Agenda 2063\u00a0\u00bb, a d\u00e9clar\u00e9 le pr\u00e9sident de l\u2019UA.<\/p>\n<p>\u00a0Tout en notant l\u2019impact de la pand\u00e9mie, il a exhort\u00e9 les Africains \u00e0 s\u2019assurer que la pand\u00e9mie n\u2019annule pas les gains de d\u00e9veloppement du continent.<\/p>\n<p>\u00a0\u00ab\u00a0Nous devons aller de l\u2019avant avec l\u2019\u00e9tape la plus ambitieuse vers l\u2019int\u00e9gration panafricaine, la cr\u00e9ation de la zone continentale africaine de libre-\u00e9change, et faire en sorte qu\u2019elle soit op\u00e9rationnelle rapidement\u00a0\u00bb.<\/p>\n<p>\u00a0Et d\u2019ajouter : \u00ab nous ne devons pas rel\u00e2cher nos efforts pour faire avancer l\u2019agenda africain en mati\u00e8re de s\u00e9curit\u00e9, de paix et de stabilit\u00e9, de d\u00e9mocratie et de droits de l\u2019homme, d\u2019\u00e9mancipation des femmes et de protection de l\u2019environnement \u00bb. \u00a0<\/p>\n<p>\u00a0Les 54 \u00c9tats africains ont perdu 3.000 personnes \u00e0 cause du coronavirus qui a infect\u00e9 plus de 95.000 personnes depuis le d\u00e9but de la pand\u00e9mie en f\u00e9vrier en \u00c9gypte.<\/p>\n<p>\u00a0M. Ramaphosa a appel\u00e9 la communaut\u00e9 internationale \u00e0 mettre en place un plan de relance \u00e9conomique pour l\u2019Afrique qui devrait inclure un all\u00e8gement de la dette et d\u2019autres mesures de soutien pour les besoins humanitaires imm\u00e9diats du continent et la n\u00e9cessaire reprise \u00e9conomique.<\/p>\n<p>\u00a0L\u2019Occident devrait lever sans condition les sanctions qui ont \u00e9t\u00e9 impos\u00e9es au Zimbabwe et au Soudan pendant la pand\u00e9mie, a d\u00e9clar\u00e9 le pr\u00e9sident de l\u2019UA.<\/p>\n<p>\u00a0La Journ\u00e9e de l\u2019Afrique c\u00e9l\u00e8bre la formation du pr\u00e9d\u00e9cesseur de l\u2019UA, l\u2019Organisation de l\u2019unit\u00e9 africaine, le 25 mai 1963 \u00e0 Addis-Abeba, en \u00c9thiopie.<\/p>\n<\/div>\n<p>Auteur: APA News<br \/>\n<a href=\"https:\/\/www.journalducameroun.com\/il-faut-se-servir-de-la-pandemie-pour-creer-une-nouvelle-afrique-ramaphosa\/\">Cliquez ici pour lire l&rsquo;article depuis sa source.<\/a><\/p>\n","protected":false},"excerpt":{"rendered":"<p>Publi\u00e9 le 26.05.2020 \u00e0 18h18 par APA News La pand\u00e9mie de coronavirus aura un impact durable sur la capacit\u00e9 de l\u2019Afrique \u00e0 r\u00e9pondre \u00e0 l\u2019objectif de l\u2019Agenda 2063 de l\u2019Union africaine \u00e0 un continent pacifique, uni et prosp\u00e8re, a d\u00e9clar\u00e9 Cyril Ramaphosa, pr\u00e9sident de l\u2019UA.Le dirigeant sud-africain s\u2019exprimait lundi lors d\u2019une \u00e9mission virtuelle sp\u00e9ciale organis\u00e9e [&hellip;]<\/p>\n","protected":false},"author":1965,"featured_media":0,"comment_status":"closed","ping_status":"closed","sticky":false,"template":"","format":"standard","meta":{"fifu_image_url":"","fifu_image_alt":"","footnotes":""},"categories":[73,82],"tags":[],"class_list":["post-86772","post","type-post","status-publish","format-standard","hentry","category-actualite","category-cameroun"],"_links":{"self":[{"href":"https:\/\/linitiative.ca\/International\/wp-json\/wp\/v2\/posts\/86772","targetHints":{"allow":["GET"]}}],"collection":[{"href":"https:\/\/linitiative.ca\/International\/wp-json\/wp\/v2\/posts"}],"about":[{"href":"https:\/\/linitiative.ca\/International\/wp-json\/wp\/v2\/types\/post"}],"author":[{"embeddable":true,"href":"https:\/\/linitiative.ca\/International\/wp-json\/wp\/v2\/users\/1965"}],"replies":[{"embeddable":true,"href":"https:\/\/linitiative.ca\/International\/wp-json\/wp\/v2\/comments?post=86772"}],"version-history":[{"count":0,"href":"https:\/\/linitiative.ca\/International\/wp-json\/wp\/v2\/posts\/86772\/revisions"}],"wp:attachment":[{"href":"https:\/\/linitiative.ca\/International\/wp-json\/wp\/v2\/media?parent=86772"}],"wp:term":[{"taxonomy":"category","embeddable":true,"href":"https:\/\/linitiative.ca\/International\/wp-json\/wp\/v2\/categories?post=86772"},{"taxonomy":"post_tag","embeddable":true,"href":"https:\/\/linitiative.ca\/International\/wp-json\/wp\/v2\/tags?post=86772"}],"curies":[{"name":"wp","href":"https:\/\/api.w.org\/{rel}","templated":true}]}}