{"id":86773,"date":"2020-05-26T14:18:05","date_gmt":"2020-05-26T18:18:05","guid":{"rendered":"https:\/\/linitiative.ca\/International\/cote-divoire-le-taux-de-guerison-de-la-covid-19-en-hausse-passant-de-45-a-51\/"},"modified":"2020-05-26T14:18:05","modified_gmt":"2020-05-26T18:18:05","slug":"cote-divoire-le-taux-de-guerison-de-la-covid-19-en-hausse-passant-de-45-a-51","status":"publish","type":"post","link":"https:\/\/linitiative.ca\/International\/cote-divoire-le-taux-de-guerison-de-la-covid-19-en-hausse-passant-de-45-a-51\/","title":{"rendered":"C\u00f4te d\u2019Ivoire: le taux de gu\u00e9rison de la Covid-19 en hausse, passant de  45 \u00e0 51%"},"content":{"rendered":"<div readability=\"32\">\n<p>Publi\u00e9 le 26.05.2020 \u00e0 19h18 par APA News<\/p>\n<\/div>\n<div readability=\"71\">\n<p>Le taux de gu\u00e9rison de la Covid-19 en C\u00f4te d\u2019Ivoire est pass\u00e9 de 45% le 06 mai dernier \u00e0 51,88% \u00e0 ce jour, soit une hausse de 6,88%, a appris APA mardi sur place dans la capitale \u00e9conomique ivoirienne.Selon les statistiques de cette maladie en C\u00f4te d\u2019Ivoire \u00e0 la date du 26 mai 2020 publi\u00e9es par le minist\u00e8re ivoirien de la Sant\u00e9 et de l\u2019hygi\u00e8ne publique, \u00a0sur 2423 cas confirm\u00e9s, le nombre de gu\u00e9ris est de 1257 soit 51,88%, sup\u00e9rieur au nombre de malades en traitement qui est de 1136, soit 46,88%.<\/p>\n<p>Le 06 mai dernier, le ministre ivoirien de la Communication et des m\u00e9dias \u00e9galement porte-parole du gouvernement annon\u00e7ait au terme d\u2019un Conseil des ministres que le taux de gu\u00e9rison de la Covid-19 en C\u00f4te d\u2019Ivoire \u00e0 cette date \u00e9tait de 45%, sup\u00e9rieur \u00e0 la moyenne africaine qui \u00e9tait aux alentours de 30,5%.<\/p>\n<p>Par ailleurs, ces statistiques de la Covid-19 r\u00e9v\u00e8lent qu\u2019\u00e0 ce jour, la C\u00f4te d\u2019Ivoire enregistre un taux de d\u00e9c\u00e8s de 1,2% contre 2,2% en Afrique de l\u2019ouest et 6,5% dans le monde.<\/p>\n<p>\u00ab L\u2019\u00e2ge m\u00e9dian des malades de la Covid-19 en C\u00f4te d\u2019Ivoire est de 39 ans avec des extr\u00eames de 1 \u00e0 85 ans\u00bb, souligne le document, pr\u00e9cisant que la r\u00e9partition des cas confirm\u00e9s par genre est de 65% d\u2019hommes et de 35% de femmes.<\/p>\n<p>\u00a0Sur 24 317 \u00e9chantillons pr\u00e9lev\u00e9s depuis le d\u00e9but de la pand\u00e9mie, la C\u00f4te d\u2019Ivoire enregistre \u00e0 ce jour 2423 cas confirm\u00e9s de maladie \u00e0 Covid-19 dont 1257 gu\u00e9ris et 30 d\u00e9c\u00e8s.<\/p>\n<\/div>\n<p>Auteur: APA News<br \/>\n<a href=\"https:\/\/www.journalducameroun.com\/cote-divoire-le-taux-de-guerison-de-la-covid-19-en-hausse-passant-de-45-a-51\/\">Cliquez ici pour lire l&rsquo;article depuis sa source.<\/a><\/p>\n","protected":false},"excerpt":{"rendered":"<p>Publi\u00e9 le 26.05.2020 \u00e0 19h18 par APA News Le taux de gu\u00e9rison de la Covid-19 en C\u00f4te d\u2019Ivoire est pass\u00e9 de 45% le 06 mai dernier \u00e0 51,88% \u00e0 ce jour, soit une hausse de 6,88%, a appris APA mardi sur place dans la capitale \u00e9conomique ivoirienne.Selon les statistiques de cette maladie en C\u00f4te d\u2019Ivoire [&hellip;]<\/p>\n","protected":false},"author":1965,"featured_media":0,"comment_status":"closed","ping_status":"closed","sticky":false,"template":"","format":"standard","meta":{"fifu_image_url":"","fifu_image_alt":"","footnotes":""},"categories":[73,82],"tags":[],"class_list":["post-86773","post","type-post","status-publish","format-standard","hentry","category-actualite","category-cameroun"],"_links":{"self":[{"href":"https:\/\/linitiative.ca\/International\/wp-json\/wp\/v2\/posts\/86773","targetHints":{"allow":["GET"]}}],"collection":[{"href":"https:\/\/linitiative.ca\/International\/wp-json\/wp\/v2\/posts"}],"about":[{"href":"https:\/\/linitiative.ca\/International\/wp-json\/wp\/v2\/types\/post"}],"author":[{"embeddable":true,"href":"https:\/\/linitiative.ca\/International\/wp-json\/wp\/v2\/users\/1965"}],"replies":[{"embeddable":true,"href":"https:\/\/linitiative.ca\/International\/wp-json\/wp\/v2\/comments?post=86773"}],"version-history":[{"count":0,"href":"https:\/\/linitiative.ca\/International\/wp-json\/wp\/v2\/posts\/86773\/revisions"}],"wp:attachment":[{"href":"https:\/\/linitiative.ca\/International\/wp-json\/wp\/v2\/media?parent=86773"}],"wp:term":[{"taxonomy":"category","embeddable":true,"href":"https:\/\/linitiative.ca\/International\/wp-json\/wp\/v2\/categories?post=86773"},{"taxonomy":"post_tag","embeddable":true,"href":"https:\/\/linitiative.ca\/International\/wp-json\/wp\/v2\/tags?post=86773"}],"curies":[{"name":"wp","href":"https:\/\/api.w.org\/{rel}","templated":true}]}}