{"id":86777,"date":"2020-05-26T06:52:25","date_gmt":"2020-05-26T10:52:25","guid":{"rendered":"https:\/\/linitiative.ca\/International\/fcfa-uemoa-tout-change-pour-que-rien-ne-change\/"},"modified":"2020-05-26T06:52:25","modified_gmt":"2020-05-26T10:52:25","slug":"fcfa-uemoa-tout-change-pour-que-rien-ne-change","status":"publish","type":"post","link":"https:\/\/linitiative.ca\/International\/fcfa-uemoa-tout-change-pour-que-rien-ne-change\/","title":{"rendered":"Fcfa-Uemoa : tout change pour que rien ne change"},"content":{"rendered":"<p>Le 20 mai 2020, le gouvernement fran\u00e7ais a annonc\u00e9 qu\u2019il actait la mort du <strong>franc CFA<\/strong> d\u2019<strong>Afrique de l\u2019Ouest<\/strong>. Il s\u2019agit de la suite logique et attendue de l\u2019annonce faite \u00e0 Abidjan le 21 d\u00e9cembre 2019, par le Pr\u00e9sident ivoirien, <strong>Alassane Ouattara<\/strong>, au sujet de la monnaie commune des huit pays de l\u2019Union \u00e9conomique et mon\u00e9taire ouest-africaine (<strong>Uemoa<\/strong>) que sont le B\u00e9nin, le Burkina Faso, la C\u00f4te d\u2019Ivoire, la Guin\u00e9e-Bissau, le Mali, le Niger, le S\u00e9n\u00e9gal et le Togo.<\/p>\n<p>Le 21 d\u00e9cembre 2020 donc, en compagnie de son homologue fran\u00e7ais, Emmanuel Macron, le Pr\u00e9sident de la C\u00f4te d\u2019Ivoire, annon\u00e7ait que le FCFA changerait de nom d\u00e8s 2020 pour s\u2019appeler \u00ab<strong>Eco<\/strong>\u00bb. Avant cette annonce<strong>, Emmanuel Macron<\/strong> avait d\u00e9j\u00e0 assur\u00e9, face \u00e0 la vive pol\u00e9mique qui a flamb\u00e9 au sujet de cette monnaie d\u00e9nonc\u00e9e par les organisations de la soci\u00e9t\u00e9 civile ouest-africaines comme l\u2019un des symboles de la tutelle fran\u00e7aise sur les \u00e9conomies des pays francophones, qu\u2019il appartenait aux chefs des Etats africains, de prendre les d\u00e9cisions qui leur paraissaient conformes aux int\u00e9r\u00eats de leurs pays et de leurs peuples, et que la France ne se contenterait que d\u2019accompagner ces d\u00e9cisions.<\/p>\n<p class=\"has-background has-very-light-gray-background-color c2\"><strong>&gt;&gt;Lire aussi-<a href=\"https:\/\/ecomatin.net\/fcfa-de-la-france-ou-de-la-cemac-qui-decidera-de-la-devaluation\/\">FCFA : de la France ou de la Cemac, qui d\u00e9cidera de la d\u00e9valuation?<\/a><\/strong><\/p>\n<p>En prenant \u00abacte\u00bb de ce changement de nom, la France officielle tente de d\u00e9montrer qu\u2019elle a tenu parole. \u00abTente de d\u00e9montrer\u00bb car la r\u00e9alit\u00e9 est plus prosa\u00efque, plus subtile : \u00abC\u2019est comme si, accus\u00e9 de tenir en laisse un esclave, un esclavagiste d\u00e9cidait, au lieu de lui rendre sa libert\u00e9 purement et simplement, de dissimuler la laisse\u00bb, pointe, incisif un observateur. Le 21 d\u00e9cembre 2020, les pays-membres de l\u2019Uemoa et la France ne s\u2019\u00e9taient pas content\u00e9s d\u2019annoncer le changement de d\u00e9nomination du <strong>FCFA<\/strong>. Ils avaient surtout sign\u00e9, \u00e0 travers les pr\u00e9sidents ivoiriens et fran\u00e7ais, un nouvel accord de Coop\u00e9ration mon\u00e9taire qui \u00abr\u00e9formait\u00bb les instruments juridiques de port\u00e9e mon\u00e9taire et financi\u00e8re qui liaient les deux parties depuis la d\u00e9cennie 70, que sont l\u2019accord de coop\u00e9ration mon\u00e9taire sign\u00e9 le 4 d\u00e9cembre 1973 et la convention de compte d\u2019op\u00e9ration sign\u00e9e par les deux parties quelques temps plus tard (cette convention de compte d\u2019op\u00e9ration a depuis \u00e9t\u00e9 modifi\u00e9e deux fois en 2005 et 2014).<\/p>\n<p><strong>Intuitu Personae<\/strong><\/p>\n<p>Contrairement \u00e0 ces deux instruments, particuli\u00e8rement d\u00e9nonc\u00e9s ces derni\u00e8res ann\u00e9es, et selon le projet de loi pr\u00e9sent\u00e9 au Parlement fran\u00e7ais par le gouvernement fran\u00e7ais y relativement, l\u2019accord du 21 d\u00e9cembre 2020 \u00abpose les axes de la r\u00e9forme (mention dans le pr\u00e9ambule du changement du nom de la monnaie, de la suppression du compte d\u2019op\u00e9rations (les Etats partageant l\u2019 \u00abEco\u00bb comme monnaie ne seraient plus tenus, comme le stipule la convention de compte d\u2019op\u00e9rations, de d\u00e9poser, au tr\u00e9sor fran\u00e7ais, la moiti\u00e9 de leurs avoirs en devises, ndlr) et du retrait de la France des instances de gouvernance, dans le contexte de la cr\u00e9ation progressive d\u2019une monnaie unique \u00e0 l\u2019\u00e9chelle de la <strong>Cedeao<\/strong> (Communaut\u00e9 des Etats d\u2019Afrique de l\u2019Ouest, ndlr)), tout en conservant explicitement le r\u00e9gime de change fixe vis-\u00e0-vis de l\u2019Euro et la garantie illimit\u00e9 de la France\u00bb.<\/p>\n<p class=\"has-background has-very-light-gray-background-color c2\"><strong>&gt;&gt;Lire aussi-<\/strong> <a href=\"https:\/\/ecomatin.net\/zone-franc-les-enjeux-de-la-reunion-des-ministres-des-finances\/\"><strong>Zone franc : les enjeux de la r\u00e9union des ministres des Finances<\/strong><\/a><\/p>\n<p>Selon le m\u00eame projet de loi, cet accord \u00abfixe le principe de la pr\u00e9sence au Comit\u00e9 de politique mon\u00e9taire (CPM) de la <strong>BCEAO<\/strong> (Banque centrale des Etats d\u2019Afrique de l\u2019Ouest ndlr) d\u2019une personnalit\u00e9 ind\u00e9pendante et qualifi\u00e9e d\u00e9nomm\u00e9e <em>intuitu personae<\/em> par le Conseil des ministres de l\u2019Uemoa, en concertation avec la France. Cette personnalit\u00e9, qui prendra part aux d\u00e9lib\u00e9rations, sera choisie en fonction de son exp\u00e9rience dans les domaines mon\u00e9taire, financier ou \u00e9conomique\u00bb. R\u00e9forme administrative Plus important, l\u2019accord du 21 d\u00e9cembre 2020 pr\u00e9voit surtout \u00abqu\u2019en cas de situation de crise s\u00e9v\u00e8re (taux de couverture de la monnaie, soit le rapport entre le montant moyen des avoirs ext\u00e9rieurs de la BCEAO et le montant moyen de ses engagements \u00e0 vue, inf\u00e9rieur \u00e0 20%), la France pourra d\u00e9signer, \u00e0 titre exceptionnel et pour la dur\u00e9e n\u00e9cessaire \u00e0 la gestion de la crise, un repr\u00e9sentant au CPM\u00bb.<\/p>\n<p>Une r\u00e9forme administrative en clair, cens\u00e9e expurger de la relation mon\u00e9taire et financi\u00e8re qui lie les deux parties, les aspects incommodants les plus visibles mais pas les plus nocifs au d\u00e9veloppement des pays africains. L\u2019accord du 21 d\u00e9cembre 2019 ne s\u2019attaque en effet pas \u00e0 des points fondamentaux notamment la question de la parit\u00e9 fixe entre l\u2019\u00abEco\u00bb et l\u2019Euro (1 euro = 655,96 francs CFA=655,96 Ecos), jug\u00e9e pr\u00e9judiciable au d\u00e9veloppement des pays africains par plusieurs \u00e9conomistes. Mais il s\u2019agit d\u00e9j\u00e0 d\u2019une avanc\u00e9e, dont ne peux se pr\u00e9valoir la Communaut\u00e9 \u00c9conomique et mon\u00e9taire de l\u2019Afrique centrale (<strong>Cemac<\/strong>), qui a elle aussi son propre franc CFA.<\/p>\n<p class=\"has-background has-very-light-gray-background-color c2\"><strong>&gt;&gt;Lire aussi-<\/strong> <a href=\"https:\/\/ecomatin.net\/devaluation-du-fcfa-motaze-ny-croit-pas\/\"><strong>D\u00e9valuation du Fcfa: Motaze n\u2019y croit pas!<\/strong><\/a><\/p>\n<div class=\"awac-wrapper awac widget posts-list-widget-13\">\n<h4 class=\"widget-title\">Recent Posts<\/h4>\n<\/div>\n<p>Auteur: EcoMatin<br \/>\n<a href=\"https:\/\/ecomatin.net\/fcfa-uemoa-tout-change-pour-que-rien-ne-change\/\">Cliquez ici pour lire l&rsquo;article depuis sa source.<\/a><\/p>\n","protected":false},"excerpt":{"rendered":"<p>Le 20 mai 2020, le gouvernement fran\u00e7ais a annonc\u00e9 qu\u2019il actait la mort du franc CFA d\u2019Afrique de l\u2019Ouest. Il s\u2019agit de la suite logique et attendue de l\u2019annonce faite \u00e0 Abidjan le 21 d\u00e9cembre 2019, par le Pr\u00e9sident ivoirien, Alassane Ouattara, au sujet de la monnaie commune des huit pays de l\u2019Union \u00e9conomique et [&hellip;]<\/p>\n","protected":false},"author":1969,"featured_media":0,"comment_status":"closed","ping_status":"closed","sticky":false,"template":"","format":"standard","meta":{"fifu_image_url":"","fifu_image_alt":"","footnotes":""},"categories":[82,78],"tags":[],"class_list":["post-86777","post","type-post","status-publish","format-standard","hentry","category-cameroun","category-economie"],"_links":{"self":[{"href":"https:\/\/linitiative.ca\/International\/wp-json\/wp\/v2\/posts\/86777","targetHints":{"allow":["GET"]}}],"collection":[{"href":"https:\/\/linitiative.ca\/International\/wp-json\/wp\/v2\/posts"}],"about":[{"href":"https:\/\/linitiative.ca\/International\/wp-json\/wp\/v2\/types\/post"}],"author":[{"embeddable":true,"href":"https:\/\/linitiative.ca\/International\/wp-json\/wp\/v2\/users\/1969"}],"replies":[{"embeddable":true,"href":"https:\/\/linitiative.ca\/International\/wp-json\/wp\/v2\/comments?post=86777"}],"version-history":[{"count":0,"href":"https:\/\/linitiative.ca\/International\/wp-json\/wp\/v2\/posts\/86777\/revisions"}],"wp:attachment":[{"href":"https:\/\/linitiative.ca\/International\/wp-json\/wp\/v2\/media?parent=86777"}],"wp:term":[{"taxonomy":"category","embeddable":true,"href":"https:\/\/linitiative.ca\/International\/wp-json\/wp\/v2\/categories?post=86777"},{"taxonomy":"post_tag","embeddable":true,"href":"https:\/\/linitiative.ca\/International\/wp-json\/wp\/v2\/tags?post=86777"}],"curies":[{"name":"wp","href":"https:\/\/api.w.org\/{rel}","templated":true}]}}