{"id":86778,"date":"2020-05-26T07:05:22","date_gmt":"2020-05-26T11:05:22","guid":{"rendered":"https:\/\/linitiative.ca\/International\/fcfa-lafrique-centrale-reflechit-toujours\/"},"modified":"2020-05-26T07:05:22","modified_gmt":"2020-05-26T11:05:22","slug":"fcfa-lafrique-centrale-reflechit-toujours","status":"publish","type":"post","link":"https:\/\/linitiative.ca\/International\/fcfa-lafrique-centrale-reflechit-toujours\/","title":{"rendered":"Fcfa : l\u2019Afrique Centrale r\u00e9fl\u00e9chit toujours"},"content":{"rendered":"<p>Le 22 novembre 2019, les chefs d\u2019Etat des pays de la Communaut\u00e9 \u00c9conomique et mon\u00e9taire de l\u2019Afrique centrale (Paul Biya du Cameroun, Faustin Archange Touadera de RCA, Denis Sassou Nguesso du Congo, T\u00e9odoro Obiang Nguema Mbasogo de Guin\u00e9e Equatoriale, Idriss Deby Itno du Tchad, le Gabon \u00e9tait repr\u00e9sent\u00e9 par son Premier ministre, Julien Nkoghe Bekale) s\u2019\u00e9taient retrouv\u00e9s \u00e0 Yaound\u00e9, pour examiner la situation \u00e9conomique et mon\u00e9taire de cette sous-r\u00e9gion. Ce sommet extraordinaire avait pour but, entre autres, de faire le point des programmes \u00e9conomiques et financiers de premi\u00e8re g\u00e9n\u00e9ration conclus avec le Fonds mon\u00e9taire international (FMI), mais surtout, de donner la position de l\u2019Afrique centrale face \u00e0 la vive pol\u00e9mique impos\u00e9e dans l\u2019espace public, par des leaders de la soci\u00e9t\u00e9 civile et activistes au sujet du franc Cfa.<\/p>\n<p class=\"has-background has-very-light-gray-background-color c2\"><strong>Lire aussi-<\/strong> <strong><a href=\"https:\/\/ecomatin.net\/fcfa-de-la-france-ou-de-la-cemac-qui-decidera-de-la-devaluation\/\">FCFA : de la France ou de la Cemac, qui d\u00e9cidera de la d\u00e9valuation?<\/a><\/strong><\/p>\n<p>\u00abExaminant sp\u00e9cifiquement la question mon\u00e9taire, les Chefs d\u2019Etat et de gouvernement ont affirm\u00e9 leur volont\u00e9 de disposer d\u2019une monnaie commune stable et forte. Concernant particuli\u00e8rement la coop\u00e9ration mon\u00e9taire avec la France, portant sur le franc CFA, ils ont d\u00e9cid\u00e9 d\u2019engager une r\u00e9flexion approfondie sur les conditions et le cadre d\u2019une nouvelle coop\u00e9ration. A cet effet, ils ont charg\u00e9 la Commission de la Cemac et la Beac de proposer, dans des d\u00e9lais raisonnables, un sch\u00e9ma appropri\u00e9, conduisant \u00e0 l\u2019\u00e9volution de la monnaie commune\u00bb, avaient annonc\u00e9 les chefs d\u2019Etat de la Cemac, \u00e0 l\u2019issue de ce sommet extraordinaire. Une option qui fut \u00e0 l\u2019\u00e9poque diversement appr\u00e9ci\u00e9e : d\u00e9marche prudente, m\u00e9thodique et raisonnable pour les uns, \u00abfuite en avant\u00bb, \u00abprocrastination\u00bb, et m\u00eame \u00abponce-pilatisme\u00bb pour d\u2019autres.<\/p>\n<p class=\"has-background has-very-light-gray-background-color c2\"><strong>Lire aussi-<\/strong> <strong><a href=\"https:\/\/ecomatin.net\/zone-franc-les-enjeux-de-la-reunion-des-ministres-des-finances\/\">Zone franc : les enjeux de la r\u00e9union des ministres des Finances<\/a><\/strong><\/p>\n<p>\u00a0En tous les cas, six mois apr\u00e8s ce sommet, aucune information n\u2019a filtr\u00e9 dans l\u2019espace public au sujet des travaux de la Commission de la Cemac et la Beac relatifs \u00e0 l\u2019\u00e9volution du franc Cfa d\u2019Afrique centrale. Pourtant, la r\u00e9gion, dont la balance des paiements reste structurellement d\u00e9ficitaire entrainant des cycles r\u00e9p\u00e9titifs d\u2019instabilit\u00e9 ext\u00e9rieure de sa monnaie et de menace de d\u00e9valuation, a grand besoin de d\u00e9poussi\u00e9rer sa relation mon\u00e9taire avec la France. L\u2019Uemoa ayant d\u00e9cid\u00e9 d\u2019avancer sur la question, m\u00eame \u00e0 petits pas et \u00e0 reculons, son exp\u00e9rience sera particuli\u00e8rement guett\u00e9e en Afrique centrale. Astucieusement, les pays de la Cemac pourront tirer avantage des le\u00e7ons tir\u00e9es des \u00e9ventuels faux pas de l\u2019Uemoa.<\/p>\n<p class=\"has-background has-very-light-gray-background-color c2\"><strong>Lire aussi-<a href=\"https:\/\/ecomatin.net\/devaluation-du-fcfa-motaze-ny-croit-pas\/\">D\u00e9valuation du Fcfa: Motaze n\u2019y croit pas!<\/a><\/strong><\/p>\n<div class=\"awac-wrapper awac widget posts-list-widget-13\">\n<h4 class=\"widget-title\">Recent Posts<\/h4>\n<\/div>\n<p>Auteur: EcoMatin<br \/>\n<a href=\"https:\/\/ecomatin.net\/fcfa-lafrique-centrale-reflechit-toujours\/\">Cliquez ici pour lire l&rsquo;article depuis sa source.<\/a><\/p>\n","protected":false},"excerpt":{"rendered":"<p>Le 22 novembre 2019, les chefs d\u2019Etat des pays de la Communaut\u00e9 \u00c9conomique et mon\u00e9taire de l\u2019Afrique centrale (Paul Biya du Cameroun, Faustin Archange Touadera de RCA, Denis Sassou Nguesso du Congo, T\u00e9odoro Obiang Nguema Mbasogo de Guin\u00e9e Equatoriale, Idriss Deby Itno du Tchad, le Gabon \u00e9tait repr\u00e9sent\u00e9 par son Premier ministre, Julien Nkoghe Bekale) [&hellip;]<\/p>\n","protected":false},"author":1969,"featured_media":0,"comment_status":"closed","ping_status":"closed","sticky":false,"template":"","format":"standard","meta":{"fifu_image_url":"","fifu_image_alt":"","footnotes":""},"categories":[82,78],"tags":[],"class_list":["post-86778","post","type-post","status-publish","format-standard","hentry","category-cameroun","category-economie"],"_links":{"self":[{"href":"https:\/\/linitiative.ca\/International\/wp-json\/wp\/v2\/posts\/86778","targetHints":{"allow":["GET"]}}],"collection":[{"href":"https:\/\/linitiative.ca\/International\/wp-json\/wp\/v2\/posts"}],"about":[{"href":"https:\/\/linitiative.ca\/International\/wp-json\/wp\/v2\/types\/post"}],"author":[{"embeddable":true,"href":"https:\/\/linitiative.ca\/International\/wp-json\/wp\/v2\/users\/1969"}],"replies":[{"embeddable":true,"href":"https:\/\/linitiative.ca\/International\/wp-json\/wp\/v2\/comments?post=86778"}],"version-history":[{"count":0,"href":"https:\/\/linitiative.ca\/International\/wp-json\/wp\/v2\/posts\/86778\/revisions"}],"wp:attachment":[{"href":"https:\/\/linitiative.ca\/International\/wp-json\/wp\/v2\/media?parent=86778"}],"wp:term":[{"taxonomy":"category","embeddable":true,"href":"https:\/\/linitiative.ca\/International\/wp-json\/wp\/v2\/categories?post=86778"},{"taxonomy":"post_tag","embeddable":true,"href":"https:\/\/linitiative.ca\/International\/wp-json\/wp\/v2\/tags?post=86778"}],"curies":[{"name":"wp","href":"https:\/\/api.w.org\/{rel}","templated":true}]}}