{"id":86783,"date":"2020-05-26T13:36:31","date_gmt":"2020-05-26T17:36:31","guid":{"rendered":"https:\/\/linitiative.ca\/International\/lauf-finance-7-projets-camerounais-de-lutte-contre-le-coronavirus\/"},"modified":"2020-05-26T13:36:31","modified_gmt":"2020-05-26T17:36:31","slug":"lauf-finance-7-projets-camerounais-de-lutte-contre-le-coronavirus","status":"publish","type":"post","link":"https:\/\/linitiative.ca\/International\/lauf-finance-7-projets-camerounais-de-lutte-contre-le-coronavirus\/","title":{"rendered":"L\u2019AUF finance 7 projets camerounais de lutte contre le Coronavirus"},"content":{"rendered":"<div id=\"the-post\">\n<div class=\"featured-area featured-area-inner\"><img loading=\"lazy\" decoding=\"async\" width=\"780\" height=\"470\" src=\"https:\/\/ecomatin.net\/wp-content\/uploads\/2020\/05\/AUF-780x470.jpeg\" class=\"attachment-jannah-image-post size-jannah-image-post wp-post-image\" alt=\"\" data-attachment-id=\"16159\" data-permalink=\"https:\/\/ecomatin.net\/lauf-finance-7-projets-camerounais-de-lutte-contre-le-coronavirus\/auf\/\" data-orig-file=\"https:\/\/ecomatin.net\/wp-content\/uploads\/2020\/05\/AUF.jpeg\" data-orig-size=\"1080,810\" data-comments-opened=\"0\" data-image-meta=\"{&quot;aperture&quot;:&quot;0&quot;,&quot;credit&quot;:&quot;&quot;,&quot;camera&quot;:&quot;&quot;,&quot;caption&quot;:&quot;&quot;,&quot;created_timestamp&quot;:&quot;0&quot;,&quot;copyright&quot;:&quot;&quot;,&quot;focal_length&quot;:&quot;0&quot;,&quot;iso&quot;:&quot;0&quot;,&quot;shutter_speed&quot;:&quot;0&quot;,&quot;title&quot;:&quot;&quot;,&quot;orientation&quot;:&quot;0&quot;}\" data-image-title=\"AUF\" data-image-description=\"\" data-medium-file=\"https:\/\/ecomatin.net\/wp-content\/uploads\/2020\/05\/AUF-300x225.jpeg\" data-large-file=\"https:\/\/ecomatin.net\/wp-content\/uploads\/2020\/05\/AUF-1024x768.jpeg\"\/><\/div>\n<div class=\"entry-content entry clearfix\" readability=\"57.737419598941\">\n<p>Dans le cadre de son plan d\u2019action \u00ab\u00a0sp\u00e9cial Covid-19\u00a0\u00bb, l\u2019Agence Universitaire de la Francophonie (AUF) a lanc\u00e9, du 10 avril au 5 mai 2020, un appel \u00e0 projets international pour soutenir au sein de ses \u00e9tablissements membres, des initiatives d\u2019\u00e9tudiants, d\u2019\u00e9l\u00e8ves ing\u00e9nieurs et de jeunes chercheurs, li\u00e9 \u00e0 la crise sanitaire de l\u2019heure. Sur pr\u00e8s de 2000 projets 92, ont \u00e9t\u00e9 retenus et seront financ\u00e9s par l\u2019Agence \u00e0 hauteur d\u2019un million d\u2019euros soit 655 millions de FCFA.<\/p>\n<p>Sur 92\u00a0projets, 7 proviennent des universit\u00e9s camerounaises, class\u00e9s dans la r\u00e9gion Afrique Centrale et Grands Lacs. Il s\u2019agit, de la\u00a0production des tisanes, g\u00e9lules et comprim\u00e9s \u00e0 base <em>d\u2019Artemisia annua<\/em> de l\u2019Institut de recherche agricole pour le d\u00e9veloppement\u00a0; la fabrication des lingettes hydro-alcooliques imbib\u00e9es d\u2019huiles essentielles d\u2019eucalyptus (Cov19-Eucalyp) de l\u2019Institut de Recherche M\u00e9dicales et d\u2019Etudes des Plantes M\u00e9dicinales; la production d\u2019\u00e9quipements de protection individuelle pour les soignants et la production d\u2019\u00e9quipement d\u2019hygi\u00e8ne pour collectivit\u00e9s et usage familial dans le cadre de la lutte contre le Covid-19 (Pro-hd-Covid), de l\u2019Universit\u00e9 de Douala.<\/p>\n<p class=\"has-background has-very-light-gray-background-color c2\"><strong>&gt;&gt;Lire aussi-<a href=\"https:\/\/ecomatin.net\/le-cameroun-beneficie-de-deux-projets-de-lutte-contre-le-covid-finances-par-lafd\/\">Le Cameroun b\u00e9n\u00e9ficie de deux projets de lutte contre le Covid Financ\u00e9s par l\u2019AFD<\/a><\/strong><\/p>\n<p>Il y\u2019a \u00e9galement\u00a0la production du mat\u00e9riel de protection et de sensibilisation de la population des d\u00e9partements des Bamboutos et de la Menoua, qu\u2019a propos\u00e9 l\u2019Universit\u00e9 de Dschang ; la mise sur pied de distillateurs solaires et fabrication d\u2019un gel hydro-alcoolique naturel en zone Soudano-sah\u00e9lienne (Negel), propos\u00e9 par l\u2019Universit\u00e9 de Maroua.<\/p>\n<p>L\u2019universit\u00e9 de Yaound\u00e9 I n\u2019est pas en reste, elle propose un essai th\u00e9rapeutique du R\u00e9aktin.3TR contre Covid-19 (Covidcure). L\u2019objectif de cet appel \u00e0 projets lanc\u00e9 par l\u2019AUF est d\u2019accompagner la r\u00e9ponse de la communaut\u00e9 universitaire \u00e0 la pand\u00e9mie de Covid-19 et de soutenir le d\u00e9veloppement de solutions \u00e0 impact technologique et\/ou social imm\u00e9diat pour aider les syst\u00e8mes de sant\u00e9 et les populations face \u00e0 faire au virus.<\/p>\n<p class=\"has-background has-very-light-gray-background-color c2\"><strong>&gt;&gt;Lire aussi-<\/strong> <strong><a rel=\"noreferrer noopener\" href=\"https:\/\/ecomatin.net\/covid-19-lafd-offre-65-milliards-de-f-pour-la-riposte\/\" target=\"_blank\">Covid-19 : l\u2019AFD offre 6,5 milliards de F pour la riposte<\/a><\/strong><\/p>\n<div class=\"awac-wrapper awac widget posts-list-widget-13\">\n<h4 class=\"widget-title\">Recent Posts<\/h4>\n<\/div>\n<\/div>\n<\/div>\n<div readability=\"31.5\">\n<div class=\"container-wrapper subscribe-widget widget-inner-wrap subscribe-widget-content\" id=\"post-newsletter\" readability=\"33\">\n<h4>With Product You Purchase<\/h4>\n<h3>Subscribe to our mailing list to get the new updates!<\/h3>\n<p>Lorem ipsum dolor sit amet, consectetur.<\/p>\n<\/div>\n<\/div>\n<p>Auteur: EcoMatin<br \/>\n<a href=\"https:\/\/ecomatin.net\/lauf-finance-7-projets-camerounais-de-lutte-contre-le-coronavirus\/\">Cliquez ici pour lire l&rsquo;article depuis sa source.<\/a><\/p>\n","protected":false},"excerpt":{"rendered":"<p>Dans le cadre de son plan d\u2019action \u00ab\u00a0sp\u00e9cial Covid-19\u00a0\u00bb, l\u2019Agence Universitaire de la Francophonie (AUF) a lanc\u00e9, du 10 avril au 5 mai 2020, un appel \u00e0 projets international pour soutenir au sein de ses \u00e9tablissements membres, des initiatives d\u2019\u00e9tudiants, d\u2019\u00e9l\u00e8ves ing\u00e9nieurs et de jeunes chercheurs, li\u00e9 \u00e0 la crise sanitaire de l\u2019heure. Sur pr\u00e8s [&hellip;]<\/p>\n","protected":false},"author":1969,"featured_media":86784,"comment_status":"closed","ping_status":"closed","sticky":false,"template":"","format":"standard","meta":{"fifu_image_url":"","fifu_image_alt":"","footnotes":""},"categories":[82,78],"tags":[],"class_list":["post-86783","post","type-post","status-publish","format-standard","has-post-thumbnail","hentry","category-cameroun","category-economie"],"_links":{"self":[{"href":"https:\/\/linitiative.ca\/International\/wp-json\/wp\/v2\/posts\/86783","targetHints":{"allow":["GET"]}}],"collection":[{"href":"https:\/\/linitiative.ca\/International\/wp-json\/wp\/v2\/posts"}],"about":[{"href":"https:\/\/linitiative.ca\/International\/wp-json\/wp\/v2\/types\/post"}],"author":[{"embeddable":true,"href":"https:\/\/linitiative.ca\/International\/wp-json\/wp\/v2\/users\/1969"}],"replies":[{"embeddable":true,"href":"https:\/\/linitiative.ca\/International\/wp-json\/wp\/v2\/comments?post=86783"}],"version-history":[{"count":0,"href":"https:\/\/linitiative.ca\/International\/wp-json\/wp\/v2\/posts\/86783\/revisions"}],"wp:featuredmedia":[{"embeddable":true,"href":"https:\/\/linitiative.ca\/International\/wp-json\/"}],"wp:attachment":[{"href":"https:\/\/linitiative.ca\/International\/wp-json\/wp\/v2\/media?parent=86783"}],"wp:term":[{"taxonomy":"category","embeddable":true,"href":"https:\/\/linitiative.ca\/International\/wp-json\/wp\/v2\/categories?post=86783"},{"taxonomy":"post_tag","embeddable":true,"href":"https:\/\/linitiative.ca\/International\/wp-json\/wp\/v2\/tags?post=86783"}],"curies":[{"name":"wp","href":"https:\/\/api.w.org\/{rel}","templated":true}]}}