{"id":86793,"date":"2020-05-27T10:00:27","date_gmt":"2020-05-27T14:00:27","guid":{"rendered":"https:\/\/linitiative.ca\/International\/obg-se-felicite-des-initiatives-marocaines-les-mesures-strictes-de-confinement-portent-leurs-fruits\/"},"modified":"2020-05-27T10:00:27","modified_gmt":"2020-05-27T14:00:27","slug":"obg-se-felicite-des-initiatives-marocaines-les-mesures-strictes-de-confinement-portent-leurs-fruits","status":"publish","type":"post","link":"https:\/\/linitiative.ca\/International\/obg-se-felicite-des-initiatives-marocaines-les-mesures-strictes-de-confinement-portent-leurs-fruits\/","title":{"rendered":"OBG se f\u00e9licite des initiatives marocaines : Les mesures strictes de confinement portent leurs fruits"},"content":{"rendered":"<p><img decoding=\"async\" class=\"post_layout_5_img\" src=\"http:\/\/aujourdhui.ma\/wp-content\/uploads\/2020\/05\/Hopital-coronavirus-covid-19.jpg\" alt=\"OBG se f&#xE9;licite des initiatives marocaines : Les mesures strictes de confinement portent leurs fruits\"\/><\/p>\n<p><span class=\"c7\"><strong>\u00abLe Maroc a entam\u00e9 une transformation digitale importante qui a \u00e9t\u00e9 acc\u00e9l\u00e9r\u00e9e par le Covid-19, notamment au niveau des administrations marocaines qui ont d\u00fb relever deux principaux d\u00e9fis : d\u2019une part assurer la continuit\u00e9 des services publics, et d\u2019autre part, assurer le t\u00e9l\u00e9travail des fonctionnaires et agents publics pendant le confinement\u00bb.<\/strong><\/span><span id=\"more-345943\"\/><\/p>\n<p>\u00abLe Maroc est l\u2019un des premiers pays de la r\u00e9gion MENA \u00e0 instaurer des mesures strictes de confinement\u00bb. Ainsi se f\u00e9licite le cabinet d\u2019intelligence \u00e9conomique Oxford Business Group (OBG) \u00e0 propos de la r\u00e9ponse marocaine \u00e0 la pand\u00e9mie de coronavirus salu\u00e9e en fin avril par l\u2019UE pour sa rapidit\u00e9, son efficacit\u00e9 et sa coordination. Selon la m\u00eame structure, le vaste programme de mesures mis en place \u00absemble avoir port\u00e9 ses fruits\u00bb.<\/p>\n<p><span class=\"c8\"><strong>Les initiatives de l\u2019UE<\/strong><\/span><\/p>\n<p>Comme le pr\u00e9cise OBG, l\u2019UE a \u00e9galement rejoint des organisations telles que le Parlement panafricain, saluant la proposition de SM le Roi Mohammed VI de lancer une initiative africaine afin de mutualiser les connaissances et les ressources dans la lutte contre le virus. \u00abIl a en outre \u00e9t\u00e9 annonc\u00e9 que l\u2019UE allait contribuer \u00e0 hauteur de 450 millions d\u2019euros au Fonds sp\u00e9cial pour la gestion de la pand\u00e9mie du Covid-19, lanc\u00e9 le 15 mars et destin\u00e9 \u00e0 moderniser les infrastructures de sant\u00e9 et \u00e0 soutenir les secteurs \u00e9conomiques les plus touch\u00e9s\u00bb, indique le cabinet.<\/p>\n<p><span class=\"c8\"><strong>L\u2019industrie, \u00e9l\u00e9ment central de r\u00e9ponse<\/strong><\/span><\/p>\n<p>Selon la m\u00eame source, une vaste mobilisation de l\u2019industrie a constitu\u00e9 l\u2019un des \u00e9l\u00e9ments centraux de la r\u00e9ponse du Maroc au Covid-19. \u00abLe pays \u00e9tait bien plac\u00e9 pour mettre \u00e0 profit son secteur industriel\u00bb, estime OBG. En d\u00e9but mars, de nombreuses entreprises de textile et d\u2019habillement se sont lanc\u00e9es dans la fabrication de masques m\u00e9dicaux \u00abvisant une capacit\u00e9 de production de 5 millions d\u2019unit\u00e9s d\u2019ici la mi-avril\u00bb. A son tour, l\u2019unit\u00e9 industrielle de Lamatem \u00e0 Berrechid, inaugur\u00e9e en octobre dernier et sp\u00e9cialis\u00e9e dans la production de textile \u00e0 usage m\u00e9dical, s\u2019est engag\u00e9e \u00e0 satisfaire les besoins du syst\u00e8me de sant\u00e9 public marocain en termes de produits textiles m\u00e9dicaux.<\/p>\n<p><span class=\"c8\"><strong>Des solutions innovantes en sant\u00e9<\/strong><\/span><\/p>\n<p>De leur c\u00f4t\u00e9, les chercheurs se sont employ\u00e9s \u00e0 d\u00e9velopper des solutions pour le secteur de la sant\u00e9 produites au Maroc. Peu de temps apr\u00e8s l\u2019entr\u00e9e en vigueur du confinement, l\u2019Universit\u00e9 Internationale de Rabat a commenc\u00e9 \u00e0 produire et \u00e0 distribuer des masques aux h\u00f4pitaux, tout en s\u2019attelant \u00e0 l\u2019\u00e9laboration d\u2019un type de masques plus durables. Au mois d\u2019avril, un groupe d\u2019ing\u00e9nieurs marocains de l\u2019Universit\u00e9 Mohammed VI Polytechnique a annonc\u00e9 le d\u00e9veloppement de deux appareils \u00ab100% marocains\u00bb, soit un ventilateur automatique et un thermom\u00e8tre infrarouge. Aussi, le minist\u00e8re de la sant\u00e9 a lanc\u00e9, le 30 mars, une application permettant aux m\u00e9decins et aux professionnels de sant\u00e9 de mutualiser leurs strat\u00e9gies et leurs connaissances. A leur tour, des ing\u00e9nieurs, entrepreneurs et techniciens ont lanc\u00e9 une plate-forme num\u00e9rique baptis\u00e9e Ing\u00e9nierie VS Covid-19 Maroc destin\u00e9e au partage d\u2019exp\u00e9rience et au soutien des travailleurs essentiels au moyen de technologies innovantes.<\/p>\n<p><span class=\"c8\"><strong>Vers un avenir num\u00e9rique<\/strong><\/span><\/p>\n<p>En outre, la r\u00e9ponse marocaine au Covid-19 s\u2019est aussi illustr\u00e9e par le d\u00e9ploiement d\u2019interfaces num\u00e9riques adaptatives en \u00e9ducation. Des pr\u00e9occupations ont toutefois \u00e9t\u00e9 exprim\u00e9es quant au nombre limit\u00e9 d\u2019\u00e9l\u00e8ves disposant d\u2019un acc\u00e8s au num\u00e9rique. \u00abLe Maroc a entam\u00e9 une transformation digitale importante qui a \u00e9t\u00e9 acc\u00e9l\u00e9r\u00e9e par le Covid-19, notamment au niveau des administrations marocaines qui ont d\u00fb relever deux principaux d\u00e9fis : d\u2019une part assurer la continuit\u00e9 des services publics, et d\u2019autre part, assurer le t\u00e9l\u00e9travail des fonctionnaires et agents publics pendant le confinement\u00bb, d\u00e9clare \u00e0 OBG Mohamed Fa\u00ef\u00e7al Nebri, responsable du d\u00e9partement strat\u00e9gie, d\u00e9veloppement, coop\u00e9ration et communication \u00e0 l\u2019Agence de d\u00e9veloppement du digital. Mieux encore, des applications sont \u00e9galement utilis\u00e9es pour venir en aide plus sp\u00e9cifiquement \u00e0 des pans vuln\u00e9rables de la population. \u00abAujourd\u2019hui il y a une dynamique qui s\u2019est enclench\u00e9e, mais il reste encore du chemin \u00e0 parcourir car le risque d\u2019un retour aux anciennes habitudes une fois l\u2019\u00e9pid\u00e9mie termin\u00e9e y est encore\u00bb, ajoute Nebri.<\/p>\n<p>Auteur: ALM<br \/>\n<a href=\"https:\/\/aujourdhui.ma\/societe\/obg-se-felicite-des-initiatives-marocaines-les-mesures-strictes-de-confinement-portent-leurs-fruits\">Cliquez ici pour lire l&rsquo;article depuis sa source.<\/a><\/p>\n","protected":false},"excerpt":{"rendered":"<p>\u00abLe Maroc a entam\u00e9 une transformation digitale importante qui a \u00e9t\u00e9 acc\u00e9l\u00e9r\u00e9e par le Covid-19, notamment au niveau des administrations marocaines qui ont d\u00fb relever deux principaux d\u00e9fis : d\u2019une part assurer la continuit\u00e9 des services publics, et d\u2019autre part, assurer le t\u00e9l\u00e9travail des fonctionnaires et agents publics pendant le confinement\u00bb. \u00abLe Maroc est l\u2019un [&hellip;]<\/p>\n","protected":false},"author":1759,"featured_media":86794,"comment_status":"closed","ping_status":"closed","sticky":false,"template":"","format":"standard","meta":{"fifu_image_url":"","fifu_image_alt":"","footnotes":""},"categories":[73,54],"tags":[],"class_list":["post-86793","post","type-post","status-publish","format-standard","has-post-thumbnail","hentry","category-actualite","category-maroc"],"_links":{"self":[{"href":"https:\/\/linitiative.ca\/International\/wp-json\/wp\/v2\/posts\/86793","targetHints":{"allow":["GET"]}}],"collection":[{"href":"https:\/\/linitiative.ca\/International\/wp-json\/wp\/v2\/posts"}],"about":[{"href":"https:\/\/linitiative.ca\/International\/wp-json\/wp\/v2\/types\/post"}],"author":[{"embeddable":true,"href":"https:\/\/linitiative.ca\/International\/wp-json\/wp\/v2\/users\/1759"}],"replies":[{"embeddable":true,"href":"https:\/\/linitiative.ca\/International\/wp-json\/wp\/v2\/comments?post=86793"}],"version-history":[{"count":0,"href":"https:\/\/linitiative.ca\/International\/wp-json\/wp\/v2\/posts\/86793\/revisions"}],"wp:featuredmedia":[{"embeddable":true,"href":"https:\/\/linitiative.ca\/International\/wp-json\/"}],"wp:attachment":[{"href":"https:\/\/linitiative.ca\/International\/wp-json\/wp\/v2\/media?parent=86793"}],"wp:term":[{"taxonomy":"category","embeddable":true,"href":"https:\/\/linitiative.ca\/International\/wp-json\/wp\/v2\/categories?post=86793"},{"taxonomy":"post_tag","embeddable":true,"href":"https:\/\/linitiative.ca\/International\/wp-json\/wp\/v2\/tags?post=86793"}],"curies":[{"name":"wp","href":"https:\/\/api.w.org\/{rel}","templated":true}]}}