{"id":86798,"date":"2020-05-27T10:35:45","date_gmt":"2020-05-27T14:35:45","guid":{"rendered":"https:\/\/linitiative.ca\/International\/entretien-fakhfakh-taboubi-le-chef-du-gouvernement-souligne-la-necessite-dassainir-le-climat-social\/"},"modified":"2020-05-27T10:35:45","modified_gmt":"2020-05-27T14:35:45","slug":"entretien-fakhfakh-taboubi-le-chef-du-gouvernement-souligne-la-necessite-dassainir-le-climat-social","status":"publish","type":"post","link":"https:\/\/linitiative.ca\/International\/entretien-fakhfakh-taboubi-le-chef-du-gouvernement-souligne-la-necessite-dassainir-le-climat-social\/","title":{"rendered":"Entretien Fakhfakh-Taboubi :  Le chef du gouvernement souligne la n\u00e9cessit\u00e9 d\u2019assainir le climat social"},"content":{"rendered":"<p>Le Chef du gouvernement Ely\u00e8s Fakhfakh a affirm\u00e9, lors d\u2019un entretien, mardi, au palais du gouvernement \u00e0 la Kasbah, avec le secr\u00e9taire g\u00e9n\u00e9ral de l\u2019union g\u00e9n\u00e9rale tunisienne du travail (UGTT), Noureddine Taboubi, la volont\u00e9 du gouvernement de se concerter avec les diff\u00e9rentes parties sociales et politiques et d\u2019assainir le climat social, soulignant que les exigences de l\u2019\u00e9tape n\u00e9cessitent la conjugaison des efforts de tous pour surmonter les retomb\u00e9es de la crise sanitaire engendr\u00e9es par le Coronavirus et passer \u00e0 l\u2019\u00e9tape de la relance \u00e9conomique et sociale.<\/p>\n<p>Pour sa part, Taboubi a affirm\u00e9 que le chef du gouvernement a exprim\u00e9 la d\u00e9termination \u00e0 surmonter cette \u00e9tape exceptionnelle et \u00e0 axer les efforts sur le d\u00e9veloppement de l\u2019\u00e9conomie nationale afin de surmonter les r\u00e9percussions n\u00e9gatives de cette crise gr\u00e2ce \u00e0 un dialogue constructif et responsable sur les questions socio-\u00e9conomiques en suspens.<\/p>\n<p>Dans une d\u00e9claration \u00e0 l\u2019issue de l\u2019entretien, Taboubi a fait savoir qu\u2019il a \u00e9voqu\u00e9 avec le chef du gouvernement la situation socio-\u00e9conomique et les d\u00e9fis auxquels la Tunisie est confront\u00e9e en ce moment. Pour surmonter cette \u00e9tape, il est n\u00e9cessaire, a-t-il dit, d\u2019associer les diff\u00e9rentes parties agissantes et d\u2019adopter un dialogue honn\u00eate dans le cadre du respect de la volont\u00e9 du peuple et des principes de l\u2019Etat de droit et des institutions sans discrimination entre tous les Tunisiens.<\/p>\n<p>Le secr\u00e9taire g\u00e9n\u00e9ral de l\u2019UGTT a d\u00e9clar\u00e9 qu\u2019une r\u00e9union consultative se tiendra prochainement entre le gouvernement et l\u2019organisation ouvri\u00e8re pour examiner un certain nombre de dossiers sociaux dont les formes d\u2019emplois pr\u00e9caires, les travailleurs de chantiers, les enseignants suppl\u00e9ants et le secteur de la sant\u00e9.<\/p>\n<p>Taboubi a, en outre, soulign\u00e9 la n\u00e9cessit\u00e9 de s\u2019\u00e9loigner de toutes les formes de tiraillement, appelant \u00e0 produire des id\u00e9es constructives au service du peuple et de l\u2019int\u00e9r\u00eat du pays, des id\u00e9es qui permettront d\u2019impulser l\u2019\u00e9conomie et de renforcer le d\u00e9veloppement, tout en faisant preuve d\u2019un fort esprit patriotique et d\u2019un sens \u00e9lev\u00e9 de responsabilit\u00e9, affirmant la disposition de l\u2019UGTT \u00e0 contribuer \u00e0 cet effort.<\/p>\n<div class=\"wp-post-author-wrap wp-post-author-shortcode left\">\n<h3 class=\"awpa-title\"\/>\n<div class=\"wp-post-author\">\n<div class=\"awpa-img awpa-author-block square\"><a href=\"http:\/\/lexpertjournal.net\/fr\/?author=5\"><img loading=\"lazy\" decoding=\"async\" alt=\"\" src=\"http:\/\/0.gravatar.com\/avatar\/97f8e10a1c1125ba104a76514ee07b16?s=150&amp;d=mm&amp;r=g\" srcset=\"http:\/\/0.gravatar.com\/avatar\/97f8e10a1c1125ba104a76514ee07b16?s=300&amp;d=mm&amp;r=g 2x\" class=\"avatar avatar-150 photo\" height=\"150\" width=\"150\"\/><\/a><\/div>\n<\/div>\n<\/div>\n<aside class=\"mashsb-container mashsb-main mashsb-stretched\">\n<\/aside>\n<p>Auteur: L&rsquo;expert<br \/>\n<a href=\"http:\/\/lexpertjournal.net\/fr\/?p=14871\">Cliquez ici pour lire l&rsquo;article depuis sa source.<\/a><\/p>\n","protected":false},"excerpt":{"rendered":"<p>Le Chef du gouvernement Ely\u00e8s Fakhfakh a affirm\u00e9, lors d\u2019un entretien, mardi, au palais du gouvernement \u00e0 la Kasbah, avec le secr\u00e9taire g\u00e9n\u00e9ral de l\u2019union g\u00e9n\u00e9rale tunisienne du travail (UGTT), Noureddine Taboubi, la volont\u00e9 du gouvernement de se concerter avec les diff\u00e9rentes parties sociales et politiques et d\u2019assainir le climat social, soulignant que les exigences [&hellip;]<\/p>\n","protected":false},"author":1775,"featured_media":0,"comment_status":"closed","ping_status":"closed","sticky":false,"template":"","format":"standard","meta":{"fifu_image_url":"","fifu_image_alt":"","footnotes":""},"categories":[78,55],"tags":[],"class_list":["post-86798","post","type-post","status-publish","format-standard","hentry","category-economie","category-tunisie"],"_links":{"self":[{"href":"https:\/\/linitiative.ca\/International\/wp-json\/wp\/v2\/posts\/86798","targetHints":{"allow":["GET"]}}],"collection":[{"href":"https:\/\/linitiative.ca\/International\/wp-json\/wp\/v2\/posts"}],"about":[{"href":"https:\/\/linitiative.ca\/International\/wp-json\/wp\/v2\/types\/post"}],"author":[{"embeddable":true,"href":"https:\/\/linitiative.ca\/International\/wp-json\/wp\/v2\/users\/1775"}],"replies":[{"embeddable":true,"href":"https:\/\/linitiative.ca\/International\/wp-json\/wp\/v2\/comments?post=86798"}],"version-history":[{"count":0,"href":"https:\/\/linitiative.ca\/International\/wp-json\/wp\/v2\/posts\/86798\/revisions"}],"wp:attachment":[{"href":"https:\/\/linitiative.ca\/International\/wp-json\/wp\/v2\/media?parent=86798"}],"wp:term":[{"taxonomy":"category","embeddable":true,"href":"https:\/\/linitiative.ca\/International\/wp-json\/wp\/v2\/categories?post=86798"},{"taxonomy":"post_tag","embeddable":true,"href":"https:\/\/linitiative.ca\/International\/wp-json\/wp\/v2\/tags?post=86798"}],"curies":[{"name":"wp","href":"https:\/\/api.w.org\/{rel}","templated":true}]}}