{"id":86801,"date":"2020-05-27T10:40:46","date_gmt":"2020-05-27T14:40:46","guid":{"rendered":"https:\/\/linitiative.ca\/International\/malgre-les-ressources-limitees-du-pays-le-cout-des-depenses-liees-au-confinement-estime-a-15-mdt\/"},"modified":"2020-05-27T10:40:46","modified_gmt":"2020-05-27T14:40:46","slug":"malgre-les-ressources-limitees-du-pays-le-cout-des-depenses-liees-au-confinement-estime-a-15-mdt","status":"publish","type":"post","link":"https:\/\/linitiative.ca\/International\/malgre-les-ressources-limitees-du-pays-le-cout-des-depenses-liees-au-confinement-estime-a-15-mdt\/","title":{"rendered":"Malgr\u00e9 les ressources limit\u00e9es du pays : Le co\u00fbt des d\u00e9penses li\u00e9es au confinement estim\u00e9 \u00e0 15 MDT"},"content":{"rendered":"<p>Le co\u00fbt des d\u00e9penses li\u00e9es au confinement sanitaire obligatoire de la majeure partie des arrivants en Tunisie ayant \u00e9t\u00e9 concern\u00e9s par cette mesure et dont le nombre a atteint les 15 mille personnes, s\u2019est \u00e9lev\u00e9 \u00e0 15 millions de dinars, jusqu\u2019au mardi 26 mai 2020, a d\u00e9clar\u00e9, mardi, le chef du comit\u00e9 du confinement sanitaire au minist\u00e8re de la Sant\u00e9, Mohamed Rabhi, soulignant que le d\u00e9partement de la Sant\u00e9 ne compte pas poursuivre la m\u00eame strat\u00e9gie concernant le confinement cibl\u00e9.<\/p>\n<p>Il a indiqu\u00e9 que: \u00ab L\u2019Etat tunisien, malgr\u00e9 ses ressources financi\u00e8res limit\u00e9es, a pris des d\u00e9cisions douloureuses et proactives qui ont permis de contr\u00f4ler la situation \u00e9pid\u00e9miologique, rassurante pour le moment \u00bb, appelant, cependant, \u00e0 garder la vigilance.<\/p>\n<p>Dans ce m\u00eame contexte, Rabhi a affirm\u00e9 que le minist\u00e8re de la Sant\u00e9 ne poursuivra pas la m\u00eame strat\u00e9gie pendant la p\u00e9riode de confinement cibl\u00e9 surtout avec l\u2019approche de la saison touristique, ajoutant que des d\u00e9cisions sp\u00e9cifiques qui tiennent compte de la situation \u00e9pid\u00e9miologique, seront adopt\u00e9es au cours de cette p\u00e9riode.<\/p>\n<p>Le nombre de personnes soumis, actuellement, au confinement obligatoire, s\u2019\u00e9l\u00e8ve \u00e0 3.000 personnes, alors que 12.000 personnes ont termin\u00e9 la p\u00e9riode de mise en quarantaine, a indiqu\u00e9 Rabhi, pr\u00e9cisant que les unit\u00e9s h\u00f4teli\u00e8res ont accueilli 80% des personnes plac\u00e9es en confinement et que les frais de s\u00e9jour s\u2019\u00e9l\u00e8vent \u00e0 1000 dinars pour chaque r\u00e9sident.<\/p>\n<p>Il a ajout\u00e9 que les personnes plac\u00e9es en mise quarantaine obligatoire font l\u2019objet d\u2019un suivi particulier de la part du cadre m\u00e9dical et param\u00e9dical, faisant savoir que chaque arrivant subit un test de diagnostic entre le septi\u00e8me et le dixi\u00e8me jour. Si le test est n\u00e9gatif, la personne confin\u00e9 est autoris\u00e9e \u00e0 quitter le centre \u00e0 condition d\u2019observer les consignes de confinement \u00e0 domicile, jusqu\u2019\u00e0 la fin de la p\u00e9riode de mise en quarantaine estim\u00e9e \u00e0 14 jours.<\/p>\n<p>Concernant les conditions de s\u00e9jour dans les centres de mise en quarantaine, le responsable a reconnu qu\u2019au d\u00e9but, plusieurs lacunes ont \u00e9t\u00e9 observ\u00e9es. Il a estim\u00e9 que les conditions sont \u00e0 l\u2019heure actuelle globalement satisfaisantes et que les comit\u00e9s r\u00e9gionaux proc\u00e8dent quotidiennement \u00e0 l\u2019\u00e9valuation et \u00e0 l\u2019examen de la situation dans la plupart des centres pour cerner les insuffisances.<\/p>\n<div class=\"wp-post-author-wrap wp-post-author-shortcode left\">\n<h3 class=\"awpa-title\"\/>\n<div class=\"wp-post-author\">\n<div class=\"awpa-img awpa-author-block square\"><a href=\"http:\/\/lexpertjournal.net\/fr\/?author=5\"><img loading=\"lazy\" decoding=\"async\" alt=\"\" src=\"http:\/\/0.gravatar.com\/avatar\/97f8e10a1c1125ba104a76514ee07b16?s=150&amp;d=mm&amp;r=g\" srcset=\"http:\/\/0.gravatar.com\/avatar\/97f8e10a1c1125ba104a76514ee07b16?s=300&amp;d=mm&amp;r=g 2x\" class=\"avatar avatar-150 photo\" height=\"150\" width=\"150\"\/><\/a><\/div>\n<\/div>\n<\/div>\n<aside class=\"mashsb-container mashsb-main mashsb-stretched\">\n<\/aside>\n<p>Auteur: L&rsquo;expert<br \/>\n<a href=\"http:\/\/lexpertjournal.net\/fr\/?p=14880\">Cliquez ici pour lire l&rsquo;article depuis sa source.<\/a><\/p>\n","protected":false},"excerpt":{"rendered":"<p>Le co\u00fbt des d\u00e9penses li\u00e9es au confinement sanitaire obligatoire de la majeure partie des arrivants en Tunisie ayant \u00e9t\u00e9 concern\u00e9s par cette mesure et dont le nombre a atteint les 15 mille personnes, s\u2019est \u00e9lev\u00e9 \u00e0 15 millions de dinars, jusqu\u2019au mardi 26 mai 2020, a d\u00e9clar\u00e9, mardi, le chef du comit\u00e9 du confinement sanitaire [&hellip;]<\/p>\n","protected":false},"author":1775,"featured_media":0,"comment_status":"closed","ping_status":"closed","sticky":false,"template":"","format":"standard","meta":{"fifu_image_url":"","fifu_image_alt":"","footnotes":""},"categories":[78,55],"tags":[],"class_list":["post-86801","post","type-post","status-publish","format-standard","hentry","category-economie","category-tunisie"],"_links":{"self":[{"href":"https:\/\/linitiative.ca\/International\/wp-json\/wp\/v2\/posts\/86801","targetHints":{"allow":["GET"]}}],"collection":[{"href":"https:\/\/linitiative.ca\/International\/wp-json\/wp\/v2\/posts"}],"about":[{"href":"https:\/\/linitiative.ca\/International\/wp-json\/wp\/v2\/types\/post"}],"author":[{"embeddable":true,"href":"https:\/\/linitiative.ca\/International\/wp-json\/wp\/v2\/users\/1775"}],"replies":[{"embeddable":true,"href":"https:\/\/linitiative.ca\/International\/wp-json\/wp\/v2\/comments?post=86801"}],"version-history":[{"count":0,"href":"https:\/\/linitiative.ca\/International\/wp-json\/wp\/v2\/posts\/86801\/revisions"}],"wp:attachment":[{"href":"https:\/\/linitiative.ca\/International\/wp-json\/wp\/v2\/media?parent=86801"}],"wp:term":[{"taxonomy":"category","embeddable":true,"href":"https:\/\/linitiative.ca\/International\/wp-json\/wp\/v2\/categories?post=86801"},{"taxonomy":"post_tag","embeddable":true,"href":"https:\/\/linitiative.ca\/International\/wp-json\/wp\/v2\/tags?post=86801"}],"curies":[{"name":"wp","href":"https:\/\/api.w.org\/{rel}","templated":true}]}}