{"id":86802,"date":"2020-05-27T10:42:38","date_gmt":"2020-05-27T14:42:38","guid":{"rendered":"https:\/\/linitiative.ca\/International\/grogne-des-proprietaires-des-louages-sit-in-jeudi-devant-le-siege-de-larp\/"},"modified":"2020-05-27T10:42:38","modified_gmt":"2020-05-27T14:42:38","slug":"grogne-des-proprietaires-des-louages-sit-in-jeudi-devant-le-siege-de-larp","status":"publish","type":"post","link":"https:\/\/linitiative.ca\/International\/grogne-des-proprietaires-des-louages-sit-in-jeudi-devant-le-siege-de-larp\/","title":{"rendered":"Grogne des propri\u00e9taires des louages : Sit-in jeudi devant le si\u00e9g\u00e9 de l\u2019ARP"},"content":{"rendered":"<p>La Chambre syndicale des louages relevant de l\u2019UTICA organise, jeudi 28 mai 2020, un sit-in, devant le si\u00e8ge de l\u2019Assembl\u00e9e des repr\u00e9sentants du Peuple (ARP) pour protester contre la situation difficile \u00e0 laquelle font face les professionnels suite \u00e0 l\u2019arr\u00eat total de leur activit\u00e9, durant la p\u00e9riode du confinement, annonce un communiqu\u00e9 de l\u2019organisation patronale.<\/p>\n<p>Les propri\u00e9taires de louages ont rejet\u00e9 l\u2019appel lanc\u00e9 par le minist\u00e8re du Transport et de la logistique pour assurer le transport des \u00e9tudiants, \u00e9l\u00e8ves et enseignants \u00e0 l\u2019occasion de la reprise de l\u2019ann\u00e9e scolaire et universitaire.<\/p>\n<p>Suite \u00e0 ce refus, le minist\u00e8re du transport a accord\u00e9 une autorisation exceptionnelle, les 26 et 27 mai 2020, aux propri\u00e9taires des v\u00e9hicules de transport irr\u00e9gulier et aux soci\u00e9t\u00e9s nationales et r\u00e9gionales de transport, pour leur permettre d\u2019assurer le transport des \u00e9l\u00e8ves du baccalaur\u00e9at et du cadre \u00e9ducatif apr\u00e8s la f\u00eate de l\u2019A\u00efd El-Fitr.<\/p>\n<p>A rappeler que le d\u00e9partement du transport avait suspendu le 22 mars 2020, la veille de l\u2019A\u00efd El-Fitr, le trafic des moyens de transport irr\u00e9guliers (louages \u00e0 bande bleue et \u00e0 bande rouge, transport rural et taxis collectifs), en plus des taxis touristiques afin de limiter les d\u00e9placements des citoyens et pr\u00e9venir la propagation de Covid-19.<\/p>\n<div class=\"wp-post-author-wrap wp-post-author-shortcode left\">\n<h3 class=\"awpa-title\"\/>\n<div class=\"wp-post-author\">\n<div class=\"awpa-img awpa-author-block square\"><a href=\"http:\/\/lexpertjournal.net\/fr\/?author=5\"><img loading=\"lazy\" decoding=\"async\" alt=\"\" src=\"http:\/\/0.gravatar.com\/avatar\/97f8e10a1c1125ba104a76514ee07b16?s=150&amp;d=mm&amp;r=g\" srcset=\"http:\/\/0.gravatar.com\/avatar\/97f8e10a1c1125ba104a76514ee07b16?s=300&amp;d=mm&amp;r=g 2x\" class=\"avatar avatar-150 photo\" height=\"150\" width=\"150\"\/><\/a><\/div>\n<\/div>\n<\/div>\n<aside class=\"mashsb-container mashsb-main mashsb-stretched\">\n<\/aside>\n<p>Auteur: L&rsquo;expert<br \/>\n<a href=\"http:\/\/lexpertjournal.net\/fr\/?p=14883\">Cliquez ici pour lire l&rsquo;article depuis sa source.<\/a><\/p>\n","protected":false},"excerpt":{"rendered":"<p>La Chambre syndicale des louages relevant de l\u2019UTICA organise, jeudi 28 mai 2020, un sit-in, devant le si\u00e8ge de l\u2019Assembl\u00e9e des repr\u00e9sentants du Peuple (ARP) pour protester contre la situation difficile \u00e0 laquelle font face les professionnels suite \u00e0 l\u2019arr\u00eat total de leur activit\u00e9, durant la p\u00e9riode du confinement, annonce un communiqu\u00e9 de l\u2019organisation patronale. [&hellip;]<\/p>\n","protected":false},"author":1775,"featured_media":0,"comment_status":"closed","ping_status":"closed","sticky":false,"template":"","format":"standard","meta":{"fifu_image_url":"","fifu_image_alt":"","footnotes":""},"categories":[78,55],"tags":[],"class_list":["post-86802","post","type-post","status-publish","format-standard","hentry","category-economie","category-tunisie"],"_links":{"self":[{"href":"https:\/\/linitiative.ca\/International\/wp-json\/wp\/v2\/posts\/86802","targetHints":{"allow":["GET"]}}],"collection":[{"href":"https:\/\/linitiative.ca\/International\/wp-json\/wp\/v2\/posts"}],"about":[{"href":"https:\/\/linitiative.ca\/International\/wp-json\/wp\/v2\/types\/post"}],"author":[{"embeddable":true,"href":"https:\/\/linitiative.ca\/International\/wp-json\/wp\/v2\/users\/1775"}],"replies":[{"embeddable":true,"href":"https:\/\/linitiative.ca\/International\/wp-json\/wp\/v2\/comments?post=86802"}],"version-history":[{"count":0,"href":"https:\/\/linitiative.ca\/International\/wp-json\/wp\/v2\/posts\/86802\/revisions"}],"wp:attachment":[{"href":"https:\/\/linitiative.ca\/International\/wp-json\/wp\/v2\/media?parent=86802"}],"wp:term":[{"taxonomy":"category","embeddable":true,"href":"https:\/\/linitiative.ca\/International\/wp-json\/wp\/v2\/categories?post=86802"},{"taxonomy":"post_tag","embeddable":true,"href":"https:\/\/linitiative.ca\/International\/wp-json\/wp\/v2\/tags?post=86802"}],"curies":[{"name":"wp","href":"https:\/\/api.w.org\/{rel}","templated":true}]}}