{"id":86806,"date":"2020-05-27T11:46:29","date_gmt":"2020-05-27T15:46:29","guid":{"rendered":"https:\/\/linitiative.ca\/International\/initiative-solidaire-au-profit-des-femmes-en-situation-de-vulnerabilite\/"},"modified":"2020-05-27T11:46:29","modified_gmt":"2020-05-27T15:46:29","slug":"initiative-solidaire-au-profit-des-femmes-en-situation-de-vulnerabilite","status":"publish","type":"post","link":"https:\/\/linitiative.ca\/International\/initiative-solidaire-au-profit-des-femmes-en-situation-de-vulnerabilite\/","title":{"rendered":"Initiative solidaire au profit des femmes en situation de vuln\u00e9rabilit\u00e9"},"content":{"rendered":"<div readability=\"37\">\n<p>El Kel\u00e2a des Sraghna \u2013 A l\u2019occasion de l\u2019A\u00efd Al-Fitr, le tissu associatif de la province d\u2019El Kel\u00e2a des Sraghna s\u2019est engag\u00e9 dans une initiative solidaire au profit des femmes en situation de vuln\u00e9rabilit\u00e9, en vue d\u2019att\u00e9nuer l\u2019impact socio-\u00e9conomique de la crise induite par le coronavirus sur cette frange de la soci\u00e9t\u00e9.<\/p>\n<\/div>\n<div readability=\"83\">\n<p>Ainsi, l\u2019association \u00ab\u00a0Fajr pour le d\u00e9veloppement de la femme rurale\u00a0\u00bb a proc\u00e9d\u00e9 \u00e0 la distribution d\u2019aides financi\u00e8res pour soutenir les femmes n\u00e9cessiteuses relevant des diff\u00e9rents douars de la commune Fraita.<\/p>\n<p>Cette action a b\u00e9n\u00e9fici\u00e9 \u00e0 100 femmes en situation de pr\u00e9carit\u00e9 relevant du centre Hed Draita, Sidi Rehal Ben Ali, Ouled Saman, Ouled Akhchina, Hamou Cheikh, Sidi Ali, Ait El Jilali Ben Alal, Ouled El Boukhari, Ouled Ounzar, Ouled Sidi Bouazoun, Ouled Ben Ouafi, Ouled Saadoun, Ouled Abdellah, Ouled Abdelhak, Kebala, Kerakra, Dezouz, Ouled Wenda, Kessour et Sidi Moussa.<\/p>\n<p>A cette occasion, la pr\u00e9sidente de l\u2019association \u00ab\u00a0Fajr pour le d\u00e9veloppement de la femme rurale\u00a0\u00bb, Salha Ouafa, a soulign\u00e9 que cette initiative refl\u00e8te l\u2019esprit de solidarit\u00e9 et d\u2019engagement du tissu associatif de la province d\u2019El Kel\u00e2a des Sraghna pour diminuer les effets \u00e9conomiques engendr\u00e9s par la pand\u00e9mie du Covid-19 en ces circonstances exceptionnelles.<\/p>\n<p>Dans une d\u00e9claration \u00e0 la MAP, Mme Ouafa a indiqu\u00e9 que cette campagne vise \u00e0 apporter la joie \u00e0 ces femmes d\u00e9munies qui ont \u00e9t\u00e9 frapp\u00e9es de plein fouet par la crise et \u00e0 promouvoir l\u2019action caritative.<\/p>\n<p>Cette campagne a \u00e9t\u00e9 hautement salu\u00e9e par les b\u00e9n\u00e9ficiaires, qui ont \u00e9mis le souhait de pouvoir sortir de cette crise avec les moindres d\u00e9g\u00e2ts et dans les plus brefs d\u00e9lais.<\/p>\n<p>L\u2019op\u00e9ration de distribution des aides s\u2019est d\u00e9roul\u00e9e en coordination avec les autorit\u00e9s locales, dans le strict respect des consignes relatives \u00e0 l\u2019\u00e9tat d\u2019urgence sanitaire, notamment la distanciation sociale, le port obligatoire des masques de protection et l\u2019acheminement des aides financi\u00e8res jusqu\u2019aux domiciles des b\u00e9n\u00e9ficiaires pour leur \u00e9viter le d\u00e9placement ainsi que les rassemblements.<\/p>\n<\/div>\n<p>Auteur: Meriem IGASS<br \/>\n<a href=\"http:\/\/www.mapmarrakech.ma\/fr\/initiative-solidaire-au-profit-des-femmes-en-situation-de-vulnerabilite\/\">Cliquez ici pour lire l&rsquo;article depuis sa source.<\/a><\/p>\n","protected":false},"excerpt":{"rendered":"<p>El Kel\u00e2a des Sraghna \u2013 A l\u2019occasion de l\u2019A\u00efd Al-Fitr, le tissu associatif de la province d\u2019El Kel\u00e2a des Sraghna s\u2019est engag\u00e9 dans une initiative solidaire au profit des femmes en situation de vuln\u00e9rabilit\u00e9, en vue d\u2019att\u00e9nuer l\u2019impact socio-\u00e9conomique de la crise induite par le coronavirus sur cette frange de la soci\u00e9t\u00e9. Ainsi, l\u2019association \u00ab\u00a0Fajr [&hellip;]<\/p>\n","protected":false},"author":1788,"featured_media":0,"comment_status":"closed","ping_status":"closed","sticky":false,"template":"","format":"standard","meta":{"fifu_image_url":"","fifu_image_alt":"","footnotes":""},"categories":[54,76],"tags":[],"class_list":["post-86806","post","type-post","status-publish","format-standard","hentry","category-maroc","category-regions"],"_links":{"self":[{"href":"https:\/\/linitiative.ca\/International\/wp-json\/wp\/v2\/posts\/86806","targetHints":{"allow":["GET"]}}],"collection":[{"href":"https:\/\/linitiative.ca\/International\/wp-json\/wp\/v2\/posts"}],"about":[{"href":"https:\/\/linitiative.ca\/International\/wp-json\/wp\/v2\/types\/post"}],"author":[{"embeddable":true,"href":"https:\/\/linitiative.ca\/International\/wp-json\/wp\/v2\/users\/1788"}],"replies":[{"embeddable":true,"href":"https:\/\/linitiative.ca\/International\/wp-json\/wp\/v2\/comments?post=86806"}],"version-history":[{"count":0,"href":"https:\/\/linitiative.ca\/International\/wp-json\/wp\/v2\/posts\/86806\/revisions"}],"wp:attachment":[{"href":"https:\/\/linitiative.ca\/International\/wp-json\/wp\/v2\/media?parent=86806"}],"wp:term":[{"taxonomy":"category","embeddable":true,"href":"https:\/\/linitiative.ca\/International\/wp-json\/wp\/v2\/categories?post=86806"},{"taxonomy":"post_tag","embeddable":true,"href":"https:\/\/linitiative.ca\/International\/wp-json\/wp\/v2\/tags?post=86806"}],"curies":[{"name":"wp","href":"https:\/\/api.w.org\/{rel}","templated":true}]}}