{"id":86808,"date":"2020-05-27T12:08:55","date_gmt":"2020-05-27T16:08:55","guid":{"rendered":"https:\/\/linitiative.ca\/International\/covid-19-campagne-de-solidarite-au-profit-de-300-familles-demunies\/"},"modified":"2020-05-27T12:08:55","modified_gmt":"2020-05-27T16:08:55","slug":"covid-19-campagne-de-solidarite-au-profit-de-300-familles-demunies","status":"publish","type":"post","link":"https:\/\/linitiative.ca\/International\/covid-19-campagne-de-solidarite-au-profit-de-300-familles-demunies\/","title":{"rendered":"Covid-19: Campagne de solidarit\u00e9 au profit de 300 familles d\u00e9munies"},"content":{"rendered":"<div readability=\"35\">\n<p>Essaouira \u2013 Quelque 300 familles d\u00e9munies issues d\u2019Essaouira ont b\u00e9n\u00e9fici\u00e9 d\u2019aides alimentaires, en vue d\u2019att\u00e9nuer les effets socio-\u00e9conomiques dont souffrent ces m\u00e9nages en raison de la crise sanitaire induite par la propagation du nouveau coronavirus (Covid-19).<\/p>\n<\/div>\n<div readability=\"138\">\n<p>Initi\u00e9e par l\u2019Association f\u00e9minine \u00ab\u00a0El Khir\u00a0\u00bb, avec la contribution de plusieurs bienfaiteurs et donateurs nationaux et \u00e9trangers, cette op\u00e9ration solidaire et humanitaire s\u2019est d\u00e9roul\u00e9e, en coordination avec les autorit\u00e9s locales, dans le strict respect des consignes relatives \u00e0 l\u2019\u00e9tat d\u2019urgence sanitaire, notamment le port obligatoire des masques de protection, la distanciation sociale et l\u2019acheminement des aides jusqu\u2019aux domiciles des b\u00e9n\u00e9ficiaires pour leur \u00e9viter tout d\u00e9placement et les rassemblements.<\/p>\n<p>Cette action a \u00e9t\u00e9 hautement salu\u00e9e par les b\u00e9n\u00e9ficiaires, notamment, des divorc\u00e9es, veuves ou celles ayant perdu leur travail, qui, \u00e0 cette occasion, ont \u00e9mis le souhait de pouvoir sortir de cette crise dans les plus brefs d\u00e9lais et avec les moindres pertes.<\/p>\n<p>\u00ab\u00a0Trois op\u00e9rations de distribution de paniers alimentaires ont \u00e9t\u00e9 men\u00e9es durant les mois de mars, avril et de mai au profit de 300 m\u00e9nages vivant en situation de pr\u00e9carit\u00e9\u00a0\u00bb, a soulign\u00e9 Mme Souad Dibi, coordinatrice de projets \u00e0 l\u2019Association, ajoutant que cette initiative a \u00e9t\u00e9 pleinement r\u00e9ussie gr\u00e2ce \u00e0 la conjugaison des efforts des parties prenantes et au soutien de plusieurs partenaires, dont l\u2019association caritative fran\u00e7aise \u00ab\u00a0C\u0153ur de Gazelles\u00a0\u00bb, l\u2019ONG f\u00e9ministe pour la paix (CFD-Suisse) et l\u2019ambassade de France au Maroc.<\/p>\n<p>Elle a fait savoir que des femmes dans le besoin vivant en milieu rural ont, elles aussi, re\u00e7u des sommes d\u2019argent via des mandats postaux pour subvenir aux besoins de leurs familles.<\/p>\n<p>\u00ab\u00a0Nous \u00e9tions tr\u00e8s \u00e9mus par les r\u00e9actions des b\u00e9n\u00e9ficiaires pour qui l\u2019espoir est le premier pilier sur la voie de la survie. Nous sommes tr\u00e8s heureux d\u2019avoir pu apporter de la chaleur et de la joie \u00e0 ces familles et \u00e0 ces femmes d\u00e9munies durant cette p\u00e9riode difficile\u00a0\u00bb, s\u2019est-elle f\u00e9licit\u00e9e.<\/p>\n<p>\u00ab\u00a0Il s\u2019agit d\u2019une situation dure et d\u00e9licate pour tout un chacun, et plus particuli\u00e8rement pour des personnes et des familles qui n\u2019ont plus de ressources de subsistance en cette conjoncture induite par la propagation de la pand\u00e9mie et ses effets socio-\u00e9conomiques qui ont fortement impact\u00e9 leur v\u00e9cu quotidien\u00a0\u00bb, a-t-elle expliqu\u00e9.<\/p>\n<p>\u00ab\u00a0Nous avons tous nos propres difficult\u00e9s et inqui\u00e9tudes mais cela ne doit pas nous emp\u00eacher de penser aux personnes vuln\u00e9rables et de leur apporter aide et assistance. Cette situation de confinement doit \u00eatre une occasion pour se serrer les coudes, agir et r\u00e9agir positivement et faire preuve d\u2019empathie et de commis\u00e9ration envers les cat\u00e9gories les plus n\u00e9cessiteuses\u00a0\u00bb, a insist\u00e9 Mme Dibi.<\/p>\n<p>Elle a, ainsi, soulign\u00e9 qu\u2019une autre op\u00e9ration citoyenne baptis\u00e9e \u00ab\u00a0Farha\u00a0\u00bb (joie) a \u00e9t\u00e9 \u00e9galement men\u00e9e, avec pour objectif principal l\u2019achat et la distribution de v\u00eatements et de chaussures de l\u2019Aid pour une cinquantaine d\u2019enfants de la cr\u00e8che \u00ab\u00a0les Petits Marins\u00a0\u00bb cr\u00e9\u00e9e en 2014 par l\u2019Association, pr\u00e9cisant que cette op\u00e9ration, qui a b\u00e9n\u00e9fici\u00e9 de la contribution financi\u00e8re de l\u2019association fran\u00e7aise \u00ab\u00a0Terre d\u2019ortho\u00a0\u00bb et du soutien de nombreux donateurs, a permis de dessiner le sourire sur les visages de ces ch\u00e9rubins et de leurs parents en cette p\u00e9riode de l\u2019Aid Al-Fitr en temps du Covid-19.<\/p>\n<p>Rappelant que l\u2019Association f\u00e9minine \u00ab\u00a0El Khir\u00a0\u00bb accueille chaque ann\u00e9e plus de 400 femmes, qui d\u00e9sirent b\u00e9n\u00e9ficier d\u2019une orientation et d\u2019une aide juridiques pour le r\u00e8glement de leurs probl\u00e8mes familiaux, elle a indiqu\u00e9 que ces femmes sont en g\u00e9n\u00e9ral sans ressources financi\u00e8res fixes ou exercent de petits emplois, \u00e0 m\u00eame d\u2019\u00eatre actuellement sans activit\u00e9 et sans revenus.<\/p>\n<p>\u00ab\u00a0Dans le cadre du soutien de ces femmes en difficult\u00e9 qui sont b\u00e9n\u00e9ficiaires de notre centre d\u2019\u00e9coute, l\u2019Association a mis \u00e0 leur disposition deux num\u00e9ros de t\u00e9l\u00e9phone pour recevoir leurs appels durant toute la semaine et ainsi leur assurer \u00e0 distance, gr\u00e2ce \u00e0 l\u2019apport d\u2019experts, l\u2019orientation, les conseils familiaux et l\u2019appui psychologique dont elles ont besoin en cette p\u00e9riode de confinement sanitaire\u00a0\u00bb, a affirm\u00e9 Mme Dibi.<\/p>\n<p>Par ailleurs, elle a fait savoir que l\u2019Association a veill\u00e9 \u00e0 assurer la continuit\u00e9 \u00e0 distance (sur WhatsApp) des activit\u00e9s de la cr\u00e8che sociale et participative \u00ab\u00a0Les Petits Marins\u00a0\u00bb qui accueille des enfants \u00e2g\u00e9s de 3 \u00e0 6 ans, avec pour objectifs de les accompagner dans leur apprentissage pr\u00e9scolaire et de soutenir la parentalit\u00e9.<\/p>\n<p>Dans ce sens, plusieurs activit\u00e9s \u00e9ducatives de base et des cours d\u2019initiation \u00e0 distance ont \u00e9t\u00e9 anim\u00e9s en faveur de ces enfants par des \u00e9ducatrices professionnelles, a-t-elle not\u00e9, relevant que les m\u00e8res de famille ont fait part de leur contentement suite \u00e0 cette action.<\/p>\n<p>Et Mme Dibi de conclure: \u00ab\u00a0En cette p\u00e9riode de confinement dans le cadre de l\u2019\u00e9tat d\u2019urgence sanitaire, je lance un appel solennel \u00e0 toutes les bonnes volont\u00e9s \u00e0 Essaouira pour participer \u00e0 cet \u00e9lan de mobilisation f\u00e9d\u00e9rateur et garder vivace la flamme de la solidarit\u00e9, de la g\u00e9n\u00e9rosit\u00e9 et de l\u2019entraide \u00e0 l\u2019endroit des plus d\u00e9munis, en attendant la fin de cette crise sanitaire et la reprise de notre vie quotidienne et de nos activit\u00e9s de mani\u00e8re naturelle\u00a0\u00bb.<\/p>\n<\/div>\n<p>Auteur: Meriem IGASS<br \/>\n<a href=\"http:\/\/www.mapmarrakech.ma\/fr\/covid-19-campagne-de-solidarite-au-profit-de-300-familles-demunies\/\">Cliquez ici pour lire l&rsquo;article depuis sa source.<\/a><\/p>\n","protected":false},"excerpt":{"rendered":"<p>Essaouira \u2013 Quelque 300 familles d\u00e9munies issues d\u2019Essaouira ont b\u00e9n\u00e9fici\u00e9 d\u2019aides alimentaires, en vue d\u2019att\u00e9nuer les effets socio-\u00e9conomiques dont souffrent ces m\u00e9nages en raison de la crise sanitaire induite par la propagation du nouveau coronavirus (Covid-19). Initi\u00e9e par l\u2019Association f\u00e9minine \u00ab\u00a0El Khir\u00a0\u00bb, avec la contribution de plusieurs bienfaiteurs et donateurs nationaux et \u00e9trangers, cette op\u00e9ration [&hellip;]<\/p>\n","protected":false},"author":1788,"featured_media":0,"comment_status":"closed","ping_status":"closed","sticky":false,"template":"","format":"standard","meta":{"fifu_image_url":"","fifu_image_alt":"","footnotes":""},"categories":[54,76],"tags":[],"class_list":["post-86808","post","type-post","status-publish","format-standard","hentry","category-maroc","category-regions"],"_links":{"self":[{"href":"https:\/\/linitiative.ca\/International\/wp-json\/wp\/v2\/posts\/86808","targetHints":{"allow":["GET"]}}],"collection":[{"href":"https:\/\/linitiative.ca\/International\/wp-json\/wp\/v2\/posts"}],"about":[{"href":"https:\/\/linitiative.ca\/International\/wp-json\/wp\/v2\/types\/post"}],"author":[{"embeddable":true,"href":"https:\/\/linitiative.ca\/International\/wp-json\/wp\/v2\/users\/1788"}],"replies":[{"embeddable":true,"href":"https:\/\/linitiative.ca\/International\/wp-json\/wp\/v2\/comments?post=86808"}],"version-history":[{"count":0,"href":"https:\/\/linitiative.ca\/International\/wp-json\/wp\/v2\/posts\/86808\/revisions"}],"wp:attachment":[{"href":"https:\/\/linitiative.ca\/International\/wp-json\/wp\/v2\/media?parent=86808"}],"wp:term":[{"taxonomy":"category","embeddable":true,"href":"https:\/\/linitiative.ca\/International\/wp-json\/wp\/v2\/categories?post=86808"},{"taxonomy":"post_tag","embeddable":true,"href":"https:\/\/linitiative.ca\/International\/wp-json\/wp\/v2\/tags?post=86808"}],"curies":[{"name":"wp","href":"https:\/\/api.w.org\/{rel}","templated":true}]}}