{"id":86813,"date":"2020-05-27T09:16:27","date_gmt":"2020-05-27T13:16:27","guid":{"rendered":"https:\/\/linitiative.ca\/International\/massacre-de-zeralda-en-ete-1942-un-crime-impuni-temoin-dun-abominable-racisme\/"},"modified":"2020-05-27T09:16:27","modified_gmt":"2020-05-27T13:16:27","slug":"massacre-de-zeralda-en-ete-1942-un-crime-impuni-temoin-dun-abominable-racisme","status":"publish","type":"post","link":"https:\/\/linitiative.ca\/International\/massacre-de-zeralda-en-ete-1942-un-crime-impuni-temoin-dun-abominable-racisme\/","title":{"rendered":"Massacre de Z\u00e9ralda en \u00e9t\u00e9 1942 : un crime impuni t\u00e9moin d&rsquo;un abominable racisme"},"content":{"rendered":"<div readability=\"40\">\n<p><strong>ALGER- A l\u2019approche de l\u2019\u00e9t\u00e9, la population de la commune de Zeralda (Ouest d\u2019Alger) se rem\u00e9more le massacre perp\u00e9tr\u00e9, en ao\u00fbt 1942, par le colonialisme fran\u00e7ais \u00e0 l\u2019encontre de 25 Alg\u00e9riens, victimes d\u2019un abominable racisme et d\u2019une exploitation inhumaine, rest\u00e9s \u00e0 ce jour un crime impuni.<\/strong><\/p>\n<\/div>\n<div readability=\"118.5\">\n<p>Au cimeti\u00e8re de Sidi Menif, les st\u00e8les des tombes gardent intacts, 72 ans apr\u00e8s, les noms des enfants et adultes assassin\u00e9s par asphyxie dans une cave de 15 m2 sans a\u00e9ration au sous-sol de la Mairie de l\u2019\u00e9poque, et o\u00f9 les enfants de la r\u00e9gion se recueillent toujours avec \u00ab\u00a0une vive \u00e9motion\u00a0\u00bb \u00e0 la m\u00e9moire de leurs p\u00e8res et grands-p\u00e8res, victimes du colon raciste Denis Fourcade, explique le chercheur en histoire Amar Belkhodja.<\/p>\n<blockquote readability=\"10\">\n<p><strong><em>\u00ab\u00a0C\u2019est l\u2019un des crimes coloniaux impunis que l\u2019arm\u00e9e fran\u00e7aise avait tent\u00e9 d\u2019\u00e9touffer si ce n\u2019\u00e9tait une enqu\u00eate publi\u00e9e en 1946 par le journaliste Abdelkader Safir dans \u00ab\u00a0Egalit\u00e9\u00a0\u00bb, organe de l\u2019Union D\u00e9mocratique du Manifeste Alg\u00e9rien (UDMA), pr\u00e9cise Belkhodja lors du tournage du film documentaire \u00ab\u00a0Crimes impunis\u00a0\u00bb de Nadir Hadef.<\/em><\/strong><\/p>\n<\/blockquote>\n<p>Il a indiqu\u00e9 que dans le cadre de ses recherches sur les crimes de la France coloniale, cet article a \u00e9t\u00e9 la cl\u00e9 pour identifier les victimes et comprendre les raisons qui avaient conduit \u00e0 leur emprisonnement, une nuit enti\u00e8re dans la cave de la Mairie.<\/p>\n<p>Le reportage montre qu\u2019au moment o\u00f9 le Monde \u00e9tait occup\u00e9 \u00e0 combattre l\u2019expansionnisme nazi, la France coloniale s\u2019adonnait aux plus atroces crimes contre les civils, sans distinction d\u2019\u00e2ge ou de sexe.<\/p>\n<p>Sur injonction du maire de Zeralda, le sinistre Denis Fourcade, connu pour son racisme et sa haine \u00e0 l\u2019\u00e9gard des Alg\u00e9riens, la police a men\u00e9 une rafle contre des paysans et leurs familles au motif de transgression de l\u2019interdiction d\u2019acc\u00e8s \u00e0 des lieux r\u00e9serv\u00e9s aux Fran\u00e7ais, pour les uns, et de refus de travail, pour d\u2019autres.Une trentaine de personnes avaient \u00e9t\u00e9, ainsi, parqu\u00e9es dans une cave humide et sans a\u00e9ration au sous-sol de la Mairie par une nuit suffocante d\u2019ao\u00fbt 1942.<\/p>\n<blockquote readability=\"13\">\n<p><em><strong>\u00ab\u00a0C\u2019\u00e9tait une nuit atroce pour tous\u00a0\u00bb, t\u00e9moignent des enfants et proches des victimes dans le film documentaire, \u00e0 l\u2019instar de Mazouzi Sedik, Benyahia Hadia, Boudina Brahim et Louz Mehdi. Ils racontent que la sc\u00e8ne d\u00e9passait l\u2019imaginaire avec les cris de d\u00e9tresse des victimes qui d\u00e9chiraient la nuit, sans que personne de leurs proches n\u2019ait pu arriver \u00e0 eux pour mettre un terme \u00e0 leur calvaire.<\/strong><\/em><\/p>\n<\/blockquote>\n<p>Lorsque l\u2019air s\u2019\u00e9tait compl\u00e8tement \u00e9puis\u00e9 et que les supplici\u00e9s commen\u00e7aient \u00e0 tomber les uns apr\u00e8s les autres, les survivants, cinq d\u2019apr\u00e8s les r\u00e9cits, se relayaient pour respirer \u00e0 travers le trou de la serrure et le dessous de la porte en fer ferm\u00e9e toute la nuit.<\/p>\n<p>Selon les t\u00e9moins oculaires, les corps sans vie des victimes d\u00e9couverts le lendemain avaient \u00e9t\u00e9 rapidement \u00e9vacu\u00e9s \u00e0 bord de camions de l\u2019arm\u00e9e coloniale vers le cimeti\u00e8re de Sidi Menif o\u00f9 les villageois avaient \u00e9t\u00e9 interdits de les enterrer eux-m\u00eames, comme il aurait sied \u00e0 des Chahids.<\/p>\n<blockquote readability=\"13\">\n<p><strong><em>\u00ab\u00a0Ils \u00e9taient 25, dont le plus jeune \u00e2g\u00e9 \u00e0 peine de 15 ans et le plus vieux de 60 ans\u00a0\u00bb, affirme l\u2019historien Amar Belkhodja.Pour les enfants de Zeralda, le massacre de leurs p\u00e8res et grands-p\u00e8res n\u2019\u00e9tait que le d\u00e9but d\u2019autres massacres perp\u00e9tr\u00e9s par la France coloniale quelques ann\u00e9es plus tard, le 8 mai 45 \u00e0 S\u00e9tif, Guelma et Kherata. Ils s\u2019accordent \u00e0 dire \u00e9galement que \u00ab\u00a0les d\u00e9pouilles des innocents dans la cave de la Mairie avaient \u00e9t\u00e9 l\u2019une des \u00e9tincelles du d\u00e9clenchement de laGlorieuse R\u00e9volution de lib\u00e9ration nationale\u00a0\u00bb.<\/em><\/strong><\/p>\n<\/blockquote>\n<p>Paisible ville c\u00f4ti\u00e8re sous le soleil de la libert\u00e9 recouvr\u00e9e, Zeralda garde encore la blessure de cette douloureuse histoire et les enfants et petits-enfants des victimes n\u2019arrivent toujours pas \u00e0 comprendre toute cette haine coloniale qui l\u2019a motiv\u00e9.<\/p>\n<blockquote readability=\"13\">\n<p><strong><em>Les r\u00e9cits sont multiples, comme le montre le film documentaire, produit par le minist\u00e8re des Moudjahidine en 2013. Selon des t\u00e9moins et des chercheurs, le colon Fourcade a voulu se venger des paysans qui avaient rousp\u00e9t\u00e9 pour leur faible r\u00e9mun\u00e9ration en contrepartie du travail fourni dans les vignes.Pour le professeur d&rsquo;histoire, Mohamed El Amine Belghit, ce crime perp\u00e9tr\u00e9 au XXe si\u00e8cle \u00ab\u00a0est une illustration de la tyrannie coloniale en l\u2019absence des libert\u00e9s g\u00e9n\u00e9rales\u00a0\u00bb.<\/em><\/strong><\/p>\n<\/blockquote>\n<p>L\u2019interdiction d\u2019acc\u00e8s \u00e0 la plage de la commune pour +les indig\u00e8nes et les chiens+ est le summum du racisme, tel que compris dans les doctrines des Etats-Unis, d\u2019Australie, de Nouvelle Z\u00e9lande et m\u00eame d\u2019Afrique du Sud avec l\u2019apartheid, estime l\u2019historien.<\/p>\n<p>Pour lui, le massacre de Zeralda est \u00e0 inscrire sur la liste des nombreux massacres et tueries perp\u00e9tr\u00e9s depuis les premi\u00e8res ann\u00e9es de la colonisation dans la Metidja, notamment \u00e0 Blida, Larbaa et Ghar El Frachiche dans la r\u00e9gion de T\u00e9n\u00e8s (Wilaya de Chlef actuellement).<\/p>\n<\/div>\n<p>Auteur:<br \/>\n<a href=\"http:\/\/www.aps.dz\/regions\/105460-massacre-de-zeralda-en-ete-1942-un-crime-impuni-temoin-d-un-abominable-racisme\">Cliquez ici pour lire l&rsquo;article depuis sa source.<\/a><\/p>\n","protected":false},"excerpt":{"rendered":"<p>ALGER- A l\u2019approche de l\u2019\u00e9t\u00e9, la population de la commune de Zeralda (Ouest d\u2019Alger) se rem\u00e9more le massacre perp\u00e9tr\u00e9, en ao\u00fbt 1942, par le colonialisme fran\u00e7ais \u00e0 l\u2019encontre de 25 Alg\u00e9riens, victimes d\u2019un abominable racisme et d\u2019une exploitation inhumaine, rest\u00e9s \u00e0 ce jour un crime impuni. Au cimeti\u00e8re de Sidi Menif, les st\u00e8les des tombes [&hellip;]<\/p>\n","protected":false},"author":1790,"featured_media":0,"comment_status":"closed","ping_status":"closed","sticky":false,"template":"","format":"standard","meta":{"fifu_image_url":"","fifu_image_alt":"","footnotes":""},"categories":[53,76],"tags":[],"class_list":["post-86813","post","type-post","status-publish","format-standard","hentry","category-algerie","category-regions"],"_links":{"self":[{"href":"https:\/\/linitiative.ca\/International\/wp-json\/wp\/v2\/posts\/86813","targetHints":{"allow":["GET"]}}],"collection":[{"href":"https:\/\/linitiative.ca\/International\/wp-json\/wp\/v2\/posts"}],"about":[{"href":"https:\/\/linitiative.ca\/International\/wp-json\/wp\/v2\/types\/post"}],"author":[{"embeddable":true,"href":"https:\/\/linitiative.ca\/International\/wp-json\/wp\/v2\/users\/1790"}],"replies":[{"embeddable":true,"href":"https:\/\/linitiative.ca\/International\/wp-json\/wp\/v2\/comments?post=86813"}],"version-history":[{"count":0,"href":"https:\/\/linitiative.ca\/International\/wp-json\/wp\/v2\/posts\/86813\/revisions"}],"wp:attachment":[{"href":"https:\/\/linitiative.ca\/International\/wp-json\/wp\/v2\/media?parent=86813"}],"wp:term":[{"taxonomy":"category","embeddable":true,"href":"https:\/\/linitiative.ca\/International\/wp-json\/wp\/v2\/categories?post=86813"},{"taxonomy":"post_tag","embeddable":true,"href":"https:\/\/linitiative.ca\/International\/wp-json\/wp\/v2\/tags?post=86813"}],"curies":[{"name":"wp","href":"https:\/\/api.w.org\/{rel}","templated":true}]}}