{"id":86814,"date":"2020-05-27T10:19:40","date_gmt":"2020-05-27T14:19:40","guid":{"rendered":"https:\/\/linitiative.ca\/International\/tizi-ouzou-jai-vu-ma-mere-brulee-vivante-par-les-soldats-francais\/"},"modified":"2020-05-27T10:19:40","modified_gmt":"2020-05-27T14:19:40","slug":"tizi-ouzou-jai-vu-ma-mere-brulee-vivante-par-les-soldats-francais","status":"publish","type":"post","link":"https:\/\/linitiative.ca\/International\/tizi-ouzou-jai-vu-ma-mere-brulee-vivante-par-les-soldats-francais\/","title":{"rendered":"Tizi-Ouzou: \u00ab\u00a0J&rsquo;ai vu ma m\u00e8re br\u00fbl\u00e9e vivante par les soldats fran\u00e7ais\u00a0\u00bb"},"content":{"rendered":"<div readability=\"41\">\n<p><strong>TIZI-OUZOU- Le meurtre, le 29 septembre 1958, de onze personnes, 08 femmes et 03 hommes, br\u00fbl\u00e9es vives par les soldats de l&rsquo;arm\u00e9e fran\u00e7aises au village Belghezli \u00e0 Ait Zellal \u00e0 l&rsquo;Est de Tizi-Ouzou, dont les s\u00e9quelles sont encore vivace dans la m\u00e9moire des habitants, illustre l&rsquo;atrocit\u00e9 des crimes de guerre commis en Alg\u00e9rie 132 ans durant.<\/strong><\/p>\n<\/div>\n<div readability=\"165\">\n<p>En repr\u00e9sailles \u00e0 leur abstention la veille, \u00e0 l&rsquo;appel du Front de lib\u00e9ration nationale (FLN), lors du r\u00e9f\u00e9rendum sur la constitution de la V\u00e8me r\u00e9publique consacrant l&rsquo;Alg\u00e9rie-fran\u00e7aise, ces femmes et ces hommes, dont certains \u00e9taient d\u00e9j\u00e0 emprisonn\u00e9es depuis des mois et d&rsquo;autres arr\u00eat\u00e9es le jour m\u00eame, ont fait les frais des d\u00e9m\u00eal\u00e9s politiques du g\u00e9n\u00e9ral De Gaulle arriv\u00e9 au pouvoir en mai de la m\u00eame ann\u00e9e.<\/p>\n<p>Rencontr\u00e9s par l&rsquo;APS qui est retourn\u00e9e sur les lieux de cette trag\u00e9die, des t\u00e9moins et descendants des victimes peinent encore, 62 ans apr\u00e8s, \u00e0 oublier ce macabre crime qui a d\u00e9chiquet\u00e9 leurs vies et traumatis\u00e9 leurs m\u00e9moires, \u00e0 l&rsquo;exemple de Boussenane Ahc\u00e8ne, qui y avait assist\u00e9 de pr\u00e8s et vu p\u00e9rir sa propre m\u00e8re.<\/p>\n<blockquote readability=\"11\">\n<p><strong><em>Il n&rsquo;avait que 06 ans \u00e0 l&rsquo;\u00e9poque et ne comprenait pas ce qui se passait mais les images de ce drame, qui a boulevers\u00e9 sa vie, sont rest\u00e9es grav\u00e9es dans sa m\u00e9moire. \u00ab\u00a0J&rsquo;ai vu ma m\u00e8re br\u00fbl\u00e9e vivante par les soldats fran\u00e7ais.Je les ai vu les asperger d&rsquo;essence et les br\u00fbler tous\u00a0\u00bb se rappelle-t-il, la voix \u00e9trangl\u00e9e et les larmes aux yeux.<\/em><\/strong><\/p>\n<\/blockquote>\n<p>Sa m\u00e8re, Eldjouher Saadi, emprisonn\u00e9e par l&rsquo;arm\u00e9e fran\u00e7aise, lui \u00ab\u00a0manquait\u00a0\u00bb et le bruit ayant couru sur la pr\u00e9sence au village de prisonniers ramen\u00e9s par les soldats, sa grand-m\u00e8re l&rsquo;avait charg\u00e9 de voir si elle \u00e9tait parmi eux avec \u00ab\u00a0l&rsquo;espoir de la voir\u00a0\u00bb, les adultes ayant peur d&rsquo;\u00eatre arr\u00eat\u00e9s.<\/p>\n<blockquote readability=\"12\">\n<p><strong><em>\u00ab\u00a0C&rsquo;\u00e9tait en fin de journ\u00e9e, les soldats les avaient emmen\u00e9s dans cette bicoque \u00e0 l&rsquo;\u00e9cart du village, tous attach\u00e9s avec du fil de fer, les a asperg\u00e9s avec des jerricans d&rsquo;essence et l&rsquo;un d&rsquo;eux y a mis le feu pendant que les supplici\u00e9s criaient : Vive l&rsquo;Alg\u00e9rie. Moi, je ne comprenais pas ce qui se passait et je voulais aller vers ma m\u00e8re mais un soldat m&rsquo;\u00e9cartait avec son arme\u00a0\u00bb poursuit-il.<\/em><\/strong><\/p>\n<\/blockquote>\n<p>Brul\u00e9s vifs, leurs ossements calcin\u00e9s d\u00e9gageaient une odeur de brul\u00e9 dans plusieurs lieux \u00e0 la ronde, ont \u00e9t\u00e9 enterr\u00e9s \u00e0 l&rsquo;endroit m\u00eame par les habitants du village encore sous le choc, apr\u00e8s le d\u00e9part de la soldatesque.Visiblement pein\u00e9 \u00e0 l&rsquo;\u00e9vocation de ce drame dans lequel son p\u00e8re a laiss\u00e9 sa vie, Belkacem Mohand, lui aussi, \u00ab\u00a0n&rsquo;arrive pas \u00e0 oublier\u00a0\u00bb.<\/p>\n<p>Alors \u00e2g\u00e9 de 17 ans, et d\u00e9j\u00e0 emprisonn\u00e9 par l&rsquo;arm\u00e9e fran\u00e7aise, il avait fuit \u00e0 Boufarik (Blida) o\u00f9 il travaillait dans les fermes pour \u00e9chapper de nouveau \u00e0 la prison et n&rsquo;avait appris la nouvelle que plus tard et en est rest\u00e9 marqu\u00e9 \u00e0 jamais.<\/p>\n<p>\u00ab\u00a0Ce fut un choc. Et cela ne m&rsquo;a jamais plus quitt\u00e9\u00a0\u00bb affirme-t-il. \u00ab\u00a0J&rsquo;avais appris la nouvelle par un gars du village qui travaillait avec moi mais qui n&rsquo;avait pas os\u00e9 me dire pour mon p\u00e8re, et ce n&rsquo;est que plus tard que je l&rsquo;avais su. Aujourd&rsquo;hui encore, je vis avec\u00a0\u00bb, t\u00e9moigne-t-il, sans pouvoir en dire d&rsquo;avantage.<\/p>\n<p><strong>Crimes contre l&rsquo;Humanit\u00e9<\/strong><\/p>\n<p>Le jour du drame, le village avait \u00e9t\u00e9 soumis \u00e0 d&rsquo;intenses tirs de mortier depuis la caserne de Souamaa et beaucoup de villageois, surtout ceux habitant le flanc Est expos\u00e9 aux tirs, avaient fui leurs maisons et trouv\u00e9 refuge dans les villages avoisinants, \u00e0 Ait Khellili, L&rsquo;djemaa N S&rsquo;aridj et jusqu&rsquo;aux Ait Oumalou.<\/p>\n<p>Depuis l&rsquo;appel du FLN \u00e0 l&rsquo;abstention lors de ce r\u00e9f\u00e9rendum, le village abritant un refuge de moudjahidines, a \u00e9t\u00e9 soumis \u00e0 une forte pression par l&rsquo;arm\u00e9e fran\u00e7aise \u00e0 leur recherche. \u00ab\u00a0Provocations, humiliations, emprisonnements sans motif, bombardements et des expulsions d&rsquo;habitants ont \u00e9t\u00e9 notre lot\u00a0\u00bb, t\u00e9moigne Ahmed Tahar, habitant du village.<\/p>\n<blockquote readability=\"12\">\n<p><strong><em>A l&rsquo;\u00e9poque du drame, \u00ab\u00a0le village \u00e9tait vide d&rsquo;hommes valides, tous au maquis ou tu\u00e9s et les femmes avaient pris le relais de l&rsquo;organisation du ravitaillement et du soutien au moudjahidines, ce qui explique l&rsquo;acharnement des fran\u00e7ais \u00e0 leur encontre et leur propension \u00e9lev\u00e9e lors de ce massacre\u00a0\u00bb, pr\u00e9cise-t-il.<\/em><\/strong><\/p>\n<\/blockquote>\n<p>\u00ab\u00a0Ces crimes contre des populations d\u00e9sarm\u00e9es devraient \u00eatre vers\u00e9s au dossier des crimes contre l&rsquo;Humanit\u00e9 et consign\u00e9s par l&rsquo;Histoire au tableau des atrocit\u00e9s du colonialisme fran\u00e7ais, car ils transgressent toutes les lois humaines et m\u00eame les codes de la guerre\u00a0\u00bb, a-t-il observ\u00e9 d\u00e9plorant, en outre, que \u00ab\u00a0l&rsquo;une des victimes, Fertal Ferroudja, ne soit toujours pas reconnue officiellement comme martyr\u00a0\u00bb.<\/p>\n<p>D&rsquo;autres exactions \u00ab\u00a0tout aussi inhumaines\u00a0\u00bb ont \u00e9t\u00e9, par ailleurs, commises le m\u00eame jour par les soldats fran\u00e7ais d\u00e9cha\u00een\u00e9s contre les populations de la r\u00e9gion qui a boud\u00e9 ce r\u00e9f\u00e9rendum a, \u00e9galement, indiqu\u00e9 \u00e0 l&rsquo;APS, l&rsquo;ancien moudjahid Ouali Ait Ahmed, \u00e0 l&rsquo;\u00e9poque secr\u00e9taire du Poste de commandement (PC) du secteur, install\u00e9 \u00e0 Iguer Guedhmimen dans la commune de Souama.<\/p>\n<p>Trois femmes, dont une adolescente de 15 ans, et 02 enfants en bas \u00e2ge ont \u00e9t\u00e9 tu\u00e9s \u00e0 bout pourtant au village Tadhlest, dans la commune d&rsquo;Ait khelili et 03 soeurs du village, Tizi G Oufrass, dans l&rsquo;actuelle commune d&rsquo;Imssouhel, ont \u00e9t\u00e9 oblig\u00e9es de creuser leurs propres tombes dans lesquelles elles ont \u00e9t\u00e9 ensevelies vivantes.<\/p>\n<p>Ces drames, qui s&rsquo;ajoutent \u00e0 la longue liste des crimes de guerre du colonialisme fran\u00e7ais en Alg\u00e9rie, et qui inauguraient la c\u00e9cit\u00e9 de la V\u00e8me r\u00e9publique fran\u00e7aise, font dire \u00e0 l&rsquo;ancien Commandant de l&rsquo;Arm\u00e9e de lib\u00e9ration nationale (ALN) que \u00ab\u00a0la V\u00e8me r\u00e9publique est n\u00e9e des ar\u00f4mes des corps br\u00fbl\u00e9s\u00a0\u00bb d&rsquo;Ait Zellal.<\/p>\n<\/div>\n<p>Auteur:<br \/>\n<a href=\"http:\/\/www.aps.dz\/regions\/105464-tizi-ouzou-j-ai-vu-ma-mere-brulee-vivante-par-les-soldats-francais\">Cliquez ici pour lire l&rsquo;article depuis sa source.<\/a><\/p>\n","protected":false},"excerpt":{"rendered":"<p>TIZI-OUZOU- Le meurtre, le 29 septembre 1958, de onze personnes, 08 femmes et 03 hommes, br\u00fbl\u00e9es vives par les soldats de l&rsquo;arm\u00e9e fran\u00e7aises au village Belghezli \u00e0 Ait Zellal \u00e0 l&rsquo;Est de Tizi-Ouzou, dont les s\u00e9quelles sont encore vivace dans la m\u00e9moire des habitants, illustre l&rsquo;atrocit\u00e9 des crimes de guerre commis en Alg\u00e9rie 132 ans [&hellip;]<\/p>\n","protected":false},"author":1790,"featured_media":0,"comment_status":"closed","ping_status":"closed","sticky":false,"template":"","format":"standard","meta":{"fifu_image_url":"","fifu_image_alt":"","footnotes":""},"categories":[53,76],"tags":[],"class_list":["post-86814","post","type-post","status-publish","format-standard","hentry","category-algerie","category-regions"],"_links":{"self":[{"href":"https:\/\/linitiative.ca\/International\/wp-json\/wp\/v2\/posts\/86814","targetHints":{"allow":["GET"]}}],"collection":[{"href":"https:\/\/linitiative.ca\/International\/wp-json\/wp\/v2\/posts"}],"about":[{"href":"https:\/\/linitiative.ca\/International\/wp-json\/wp\/v2\/types\/post"}],"author":[{"embeddable":true,"href":"https:\/\/linitiative.ca\/International\/wp-json\/wp\/v2\/users\/1790"}],"replies":[{"embeddable":true,"href":"https:\/\/linitiative.ca\/International\/wp-json\/wp\/v2\/comments?post=86814"}],"version-history":[{"count":0,"href":"https:\/\/linitiative.ca\/International\/wp-json\/wp\/v2\/posts\/86814\/revisions"}],"wp:attachment":[{"href":"https:\/\/linitiative.ca\/International\/wp-json\/wp\/v2\/media?parent=86814"}],"wp:term":[{"taxonomy":"category","embeddable":true,"href":"https:\/\/linitiative.ca\/International\/wp-json\/wp\/v2\/categories?post=86814"},{"taxonomy":"post_tag","embeddable":true,"href":"https:\/\/linitiative.ca\/International\/wp-json\/wp\/v2\/tags?post=86814"}],"curies":[{"name":"wp","href":"https:\/\/api.w.org\/{rel}","templated":true}]}}