{"id":86817,"date":"2020-05-26T17:19:46","date_gmt":"2020-05-26T21:19:46","guid":{"rendered":"https:\/\/linitiative.ca\/International\/berkane-sans-coronavirus-reste-un-seul-patient-sous-traitement-a-nador\/"},"modified":"2020-05-26T17:19:46","modified_gmt":"2020-05-26T21:19:46","slug":"berkane-sans-coronavirus-reste-un-seul-patient-sous-traitement-a-nador","status":"publish","type":"post","link":"https:\/\/linitiative.ca\/International\/berkane-sans-coronavirus-reste-un-seul-patient-sous-traitement-a-nador\/","title":{"rendered":"Berkane sans coronavirus, reste un seul patient sous traitement \u00e0 Nador"},"content":{"rendered":"<p class=\"c4\">Cinq nouveaux cas de r\u00e9mission du nouveau coronavirus (Covid-19) ont \u00e9t\u00e9 confirm\u00e9s au niveau de la r\u00e9gion de l\u2019Oriental, portant \u00e0 177 le nombre de gu\u00e9rison \u00e0 la date du 26 mai \u00e0 18H00 sur un total de 186 cas d\u2019infection, dont huit d\u00e9c\u00e8s.<\/p>\n<p class=\"c4\">Ces cinq nouveaux cas ont \u00e9t\u00e9 d\u00e9clar\u00e9s ces derni\u00e8res 24 heures au niveau de la province de Berkane qui enregistre ainsi le r\u00e9tablissement des derniers patients qui \u00e9taient sous traitement ou sous surveillance, selon les donn\u00e9es de la direction r\u00e9gionale de la Sant\u00e9 relatives au bilan de l\u2019\u00e9volution de la pand\u00e9mie du Covid-19, qui pr\u00e9cisent que le seul cas actif restant dans la r\u00e9gion se trouve dans la province de Nador.<\/p>\n<p class=\"c4\">La m\u00eame source pr\u00e9cise qu\u2019aucun cas de contamination n\u2019a \u00e9t\u00e9 enregistr\u00e9 dans la r\u00e9gion ces derni\u00e8res 24 heures, de m\u00eame que le nombre de d\u00e9c\u00e8s, huit au total, est rest\u00e9 inchang\u00e9, dont six dans la pr\u00e9fecture d\u2019Oujda-Angad et deux dans la province de Berkane.<\/p>\n<p class=\"c4\">La r\u00e9partition g\u00e9ographique des 177 gu\u00e9risons r\u00e9v\u00e8le que la pr\u00e9fecture d\u2019Oujda-Angad compte le plus grand nombre de r\u00e9missions avec un total de 64, suivie des provinces de Berkane (44), Nador (41), Driouch (10), Taourirt (09), Guercif (8) et Figuig (01).<\/p>\n<p class=\"c4\">Concernant la r\u00e9partition des cas d\u2019infection, la pr\u00e9fecture d\u2019Oujda-Angad vient en premi\u00e8re position avec 70 cas, contre 46 dans la province de Berkane, 42 dans la province de Nador et 10 \u00e0 Driouch.<\/p>\n<p class=\"c4\">La province de Taourirt compte quant \u00e0 elle 9 cas, contre 8 cas dans la province de Guercif, et un seul cas dans la province de Figuig, alors qu\u2019aucun cas n\u2019a \u00e9t\u00e9 enregistr\u00e9 jusqu\u2019\u00e0 pr\u00e9sent dans la province de Jerada.<\/p>\n<p class=\"c4\">Les donn\u00e9es de la Direction r\u00e9gionale montrent que la pr\u00e9fecture d\u2019Oujda-Angad et les provinces de Berkane, Taourirt, Guercif et Figuig ont r\u00e9ussi \u00e0 interrompre la cha\u00eene de transmission de la Covid-19, alors que le seul patient encore sous traitement se trouve dans l\u2019h\u00f4pital provincial de Nador.<\/p>\n<p class=\"c4\">Au niveau national, 45 nouveaux cas d\u2019infection au coronavirus (Covid-19) ont \u00e9t\u00e9 confirm\u00e9s au cours des derni\u00e8res 24 heures, portant \u00e0 7.577 le nombre total des cas de contamination, a annonc\u00e9 mardi le minist\u00e8re de la Sant\u00e9.<\/p>\n<p class=\"c4\">Le nombre de personnes d\u00e9clar\u00e9es gu\u00e9ries s\u2019est \u00e9lev\u00e9, jusqu\u2019\u00e0 mardi \u00e0 18H00, \u00e0 4.881 avec 107 nouvelles r\u00e9missions, alors que le nombre des morts est pass\u00e9 \u00e0 202, apr\u00e8s l\u2019enregistrement de deux nouveau d\u00e9c\u00e8s durant ces derni\u00e8res 24 heures, a pr\u00e9cis\u00e9 la m\u00eame source.<\/p>\n<p>Auteur: Soufiane ELAHMAR<br \/>\n<a href=\"http:\/\/www.mapoujda.ma\/fr\/berkane-sans-coronavirus-reste-un-seul-patient-sous-traitement-a-nador\/\">Cliquez ici pour lire l&rsquo;article depuis sa source.<\/a><\/p>\n","protected":false},"excerpt":{"rendered":"<p>Cinq nouveaux cas de r\u00e9mission du nouveau coronavirus (Covid-19) ont \u00e9t\u00e9 confirm\u00e9s au niveau de la r\u00e9gion de l\u2019Oriental, portant \u00e0 177 le nombre de gu\u00e9rison \u00e0 la date du 26 mai \u00e0 18H00 sur un total de 186 cas d\u2019infection, dont huit d\u00e9c\u00e8s. Ces cinq nouveaux cas ont \u00e9t\u00e9 d\u00e9clar\u00e9s ces derni\u00e8res 24 heures [&hellip;]<\/p>\n","protected":false},"author":1788,"featured_media":0,"comment_status":"closed","ping_status":"closed","sticky":false,"template":"","format":"standard","meta":{"fifu_image_url":"","fifu_image_alt":"","footnotes":""},"categories":[54,76],"tags":[],"class_list":["post-86817","post","type-post","status-publish","format-standard","hentry","category-maroc","category-regions"],"_links":{"self":[{"href":"https:\/\/linitiative.ca\/International\/wp-json\/wp\/v2\/posts\/86817","targetHints":{"allow":["GET"]}}],"collection":[{"href":"https:\/\/linitiative.ca\/International\/wp-json\/wp\/v2\/posts"}],"about":[{"href":"https:\/\/linitiative.ca\/International\/wp-json\/wp\/v2\/types\/post"}],"author":[{"embeddable":true,"href":"https:\/\/linitiative.ca\/International\/wp-json\/wp\/v2\/users\/1788"}],"replies":[{"embeddable":true,"href":"https:\/\/linitiative.ca\/International\/wp-json\/wp\/v2\/comments?post=86817"}],"version-history":[{"count":0,"href":"https:\/\/linitiative.ca\/International\/wp-json\/wp\/v2\/posts\/86817\/revisions"}],"wp:attachment":[{"href":"https:\/\/linitiative.ca\/International\/wp-json\/wp\/v2\/media?parent=86817"}],"wp:term":[{"taxonomy":"category","embeddable":true,"href":"https:\/\/linitiative.ca\/International\/wp-json\/wp\/v2\/categories?post=86817"},{"taxonomy":"post_tag","embeddable":true,"href":"https:\/\/linitiative.ca\/International\/wp-json\/wp\/v2\/tags?post=86817"}],"curies":[{"name":"wp","href":"https:\/\/api.w.org\/{rel}","templated":true}]}}