{"id":86818,"date":"2020-05-26T14:31:21","date_gmt":"2020-05-26T18:31:21","guid":{"rendered":"https:\/\/linitiative.ca\/International\/consultations-directes-entre-avocats-et-detenus-des-le-1er-juin\/"},"modified":"2020-05-26T14:31:21","modified_gmt":"2020-05-26T18:31:21","slug":"consultations-directes-entre-avocats-et-detenus-des-le-1er-juin","status":"publish","type":"post","link":"https:\/\/linitiative.ca\/International\/consultations-directes-entre-avocats-et-detenus-des-le-1er-juin\/","title":{"rendered":"Consultations directes entre avocats et d\u00e9tenus d\u00e8s le 1er juin"},"content":{"rendered":"<div class=\"body\">\n<div class=\"field field-name-body field-type-text-with-summary field-label-hidden\">\n<div class=\"field-items\" readability=\"8.5\">\n<div class=\"field-item even\" property=\"content:encoded\" readability=\"12\">\n<p class=\"rtejustify\">Les consultations entre les personnes incarc\u00e9r\u00e9es et leurs avocats seront possibles \u00e0 partir du 1er juin. L\u2019administration p\u00e9nitentiaire va ouvrir ses portes aux repr\u00e9sentants de la d\u00e9fense. \u00abLes avocats ne seront soumis \u00e0 aucun contr\u00f4le physique lors de leur acc\u00e8s aux \u00e9tablissements p\u00e9nitenciers\u00bb, annonce Omar Ouidra, pr\u00e9sident de l\u2019Association des barreaux du Maroc. Les \u00e9changes entre les avocats et leurs clients pourront se faire \u00e9galement par t\u00e9l\u00e9phone.<br \/><em>F.F. <\/em><\/p>\n<\/div>\n<\/div>\n<\/div>\n<\/div>\n<div class=\"eco-conseil\">\n<div class=\"view view-eco-conseil-16 view-id-eco_conseil_16 view-display-id-cookies view-dom-id-cf19899b351860632ee9c3a802307ecf\">\n<div class=\"view-content\">\n<div id=\"views-bootstrap-grid-1\" class=\"views-bootstrap-grid-plugin-style\">\n<div class=\"row\">\n<div class=\" col-xs-12 col-lg-4\">\n<div class=\"row\">\n<div class=\"col col-xs-12 col-lg-12\">\n<div class=\"field-content\"><a href=\"\/article\/1062449-l-ensam-casablanca-veut-former-des-bio-ingenieurs\"><img loading=\"lazy\" decoding=\"async\" class=\"img-responsive\" typeof=\"foaf:Image\" src=\"https:\/\/www.leconomiste.com\/sites\/default\/files\/eco7\/public\/styles\/800x400\/public\/default_images\/default_une.jpg?itok=4jZlgnIZ\" width=\"660\" height=\"330\" alt=\"\"\/><\/a><\/div>\n<\/div>\n<div class=\" title_suite_2 col col-xs-12 col-lg-12\"> <a href=\"\/article\/1062449-l-ensam-casablanca-veut-former-des-bio-ingenieurs\"\/><span class=\"field-content\">Article 1062449<\/span><\/div>\n<\/div>\n<\/div>\n<div class=\" col-xs-12 col-lg-4\">\n<div class=\"row\">\n<div class=\"col col-xs-12 col-lg-12\">\n<div class=\"field-content\"><a href=\"\/article\/1062448-banques-teletravail-prise-de-temperature-les-decisions-anti-covid-19-de-la-cndp\"><img loading=\"lazy\" decoding=\"async\" class=\"img-responsive\" typeof=\"foaf:Image\" src=\"https:\/\/www.leconomiste.com\/sites\/default\/files\/eco7\/public\/styles\/800x400\/public\/default_images\/default_une.jpg?itok=4jZlgnIZ\" width=\"660\" height=\"330\" alt=\"\"\/><\/a><\/div>\n<\/div>\n<div class=\" title_suite_2 col col-xs-12 col-lg-12\"> <a href=\"\/article\/1062448-banques-teletravail-prise-de-temperature-les-decisions-anti-covid-19-de-la-cndp\"\/><span class=\"field-content\">Banques, t\u00e9l\u00e9travail, prise de temp\u00e9rature\u2026Les d\u00e9cisions anti-covid 19 de la CNDP<\/span><\/div>\n<\/div>\n<\/div>\n<div class=\" col-xs-12 col-lg-4\">\n<div class=\"row\">\n<div class=\"col col-xs-12 col-lg-12\">\n<div class=\"field-content\"><a href=\"\/article\/1062447-couvre-feu-les-deplacements-nocturnes-controles\"><img loading=\"lazy\" decoding=\"async\" class=\"img-responsive\" typeof=\"foaf:Image\" src=\"https:\/\/www.leconomiste.com\/sites\/default\/files\/eco7\/public\/styles\/800x400\/public\/default_images\/default_une.jpg?itok=4jZlgnIZ\" width=\"660\" height=\"330\" alt=\"\"\/><\/a><\/div>\n<\/div>\n<div class=\" title_suite_2 col col-xs-12 col-lg-12\"> <a href=\"\/article\/1062447-couvre-feu-les-deplacements-nocturnes-controles\"\/><span class=\"field-content\">Couvre-feu: Les d\u00e9placements nocturnes contr\u00f4l\u00e9s<\/span><\/div>\n<\/div>\n<\/div>\n<\/div>\n<\/div>\n<\/div>\n<\/div>\n<\/div>\n<p>Auteur: hlafriqi<br \/>\n<a href=\"https:\/\/www.leconomiste.com\/article\/1062445-consultations-directes-entre-avocats-et-detenus-des-le-1er-juin\">Cliquez ici pour lire l&rsquo;article depuis sa source.<\/a><\/p>\n","protected":false},"excerpt":{"rendered":"<p>Les consultations entre les personnes incarc\u00e9r\u00e9es et leurs avocats seront possibles \u00e0 partir du 1er juin. L\u2019administration p\u00e9nitentiaire va ouvrir ses portes aux repr\u00e9sentants de la d\u00e9fense. \u00abLes avocats ne seront soumis \u00e0 aucun contr\u00f4le physique lors de leur acc\u00e8s aux \u00e9tablissements p\u00e9nitenciers\u00bb, annonce Omar Ouidra, pr\u00e9sident de l\u2019Association des barreaux du Maroc. Les \u00e9changes [&hellip;]<\/p>\n","protected":false},"author":1763,"featured_media":0,"comment_status":"closed","ping_status":"closed","sticky":false,"template":"","format":"standard","meta":{"fifu_image_url":"","fifu_image_alt":"","footnotes":""},"categories":[78,54],"tags":[],"class_list":["post-86818","post","type-post","status-publish","format-standard","hentry","category-economie","category-maroc"],"_links":{"self":[{"href":"https:\/\/linitiative.ca\/International\/wp-json\/wp\/v2\/posts\/86818","targetHints":{"allow":["GET"]}}],"collection":[{"href":"https:\/\/linitiative.ca\/International\/wp-json\/wp\/v2\/posts"}],"about":[{"href":"https:\/\/linitiative.ca\/International\/wp-json\/wp\/v2\/types\/post"}],"author":[{"embeddable":true,"href":"https:\/\/linitiative.ca\/International\/wp-json\/wp\/v2\/users\/1763"}],"replies":[{"embeddable":true,"href":"https:\/\/linitiative.ca\/International\/wp-json\/wp\/v2\/comments?post=86818"}],"version-history":[{"count":0,"href":"https:\/\/linitiative.ca\/International\/wp-json\/wp\/v2\/posts\/86818\/revisions"}],"wp:attachment":[{"href":"https:\/\/linitiative.ca\/International\/wp-json\/wp\/v2\/media?parent=86818"}],"wp:term":[{"taxonomy":"category","embeddable":true,"href":"https:\/\/linitiative.ca\/International\/wp-json\/wp\/v2\/categories?post=86818"},{"taxonomy":"post_tag","embeddable":true,"href":"https:\/\/linitiative.ca\/International\/wp-json\/wp\/v2\/tags?post=86818"}],"curies":[{"name":"wp","href":"https:\/\/api.w.org\/{rel}","templated":true}]}}