{"id":86820,"date":"2020-05-26T14:33:18","date_gmt":"2020-05-26T18:33:18","guid":{"rendered":"https:\/\/linitiative.ca\/International\/couvre-feu-les-deplacements-nocturnes-controles\/"},"modified":"2020-05-26T14:33:18","modified_gmt":"2020-05-26T18:33:18","slug":"couvre-feu-les-deplacements-nocturnes-controles","status":"publish","type":"post","link":"https:\/\/linitiative.ca\/International\/couvre-feu-les-deplacements-nocturnes-controles\/","title":{"rendered":"Couvre-feu: Les d\u00e9placements nocturnes contr\u00f4l\u00e9s"},"content":{"rendered":"<div class=\"body\">\n<div class=\"field field-name-body field-type-text-with-summary field-label-hidden\">\n<div class=\"field-items\" readability=\"10\">\n<div class=\"field-item even\" property=\"content:encoded\" readability=\"15\">\n<p class=\"rtejustify\">Depuis l\u2019annonce de la lev\u00e9e du couvre-feu nocturne au premier jour du Aid Al Fitr, un rel\u00e2chement a \u00e9t\u00e9 constat\u00e9 dans plusieurs villes. En r\u00e9alit\u00e9, cette lev\u00e9e signifie un retour \u00e0 la situation d\u2019avant ramadan. Si le couvre-feu nocturne n\u2019est plus g\u00e9n\u00e9ral, l\u2019\u00e9tat d\u2019urgence sanitaire est toujours en vigueur jusqu\u2019au 10 juin prochain. Durant cette p\u00e9riode, \u00ables d\u00e9placements au-del\u00e0 de 18 heures\u00a0 seront \u00e9troitement contr\u00f4l\u00e9s. Aucun rassemblement ne sera permis et les lieux publics resteront ferm\u00e9s\u00bb, est-il indiqu\u00e9. Seuls les d\u00e9placements professionnels ou pour des raisons m\u00e9dicales sont tol\u00e9r\u00e9s. Les personnes concern\u00e9es devront justifier des autorisations pr\u00e9vues \u00e0 cet effet.<br \/><em>\u00a0M.A.M.<\/em><\/p>\n<\/div>\n<\/div>\n<\/div>\n<\/div>\n<div class=\"eco-conseil\">\n<div class=\"view view-eco-conseil-16 view-id-eco_conseil_16 view-display-id-cookies view-dom-id-7796508fc4a587d9d747048ba79c27ed\">\n<div class=\"view-content\">\n<div id=\"views-bootstrap-grid-1\" class=\"views-bootstrap-grid-plugin-style\">\n<div class=\"row\">\n<div class=\" col-xs-12 col-lg-4\">\n<div class=\"row\">\n<div class=\"col col-xs-12 col-lg-12\">\n<div class=\"field-content\"><a href=\"\/article\/1062449-l-ensam-casablanca-veut-former-des-bio-ingenieurs\"><img loading=\"lazy\" decoding=\"async\" class=\"img-responsive\" typeof=\"foaf:Image\" src=\"https:\/\/www.leconomiste.com\/sites\/default\/files\/eco7\/public\/styles\/800x400\/public\/default_images\/default_une.jpg?itok=4jZlgnIZ\" width=\"660\" height=\"330\" alt=\"\"\/><\/a><\/div>\n<\/div>\n<div class=\" title_suite_2 col col-xs-12 col-lg-12\"> <a href=\"\/article\/1062449-l-ensam-casablanca-veut-former-des-bio-ingenieurs\"\/><span class=\"field-content\">Article 1062449<\/span><\/div>\n<\/div>\n<\/div>\n<div class=\" col-xs-12 col-lg-4\">\n<div class=\"row\">\n<div class=\"col col-xs-12 col-lg-12\">\n<div class=\"field-content\"><a href=\"\/article\/1062448-banques-teletravail-prise-de-temperature-les-decisions-anti-covid-19-de-la-cndp\"><img loading=\"lazy\" decoding=\"async\" class=\"img-responsive\" typeof=\"foaf:Image\" src=\"https:\/\/www.leconomiste.com\/sites\/default\/files\/eco7\/public\/styles\/800x400\/public\/default_images\/default_une.jpg?itok=4jZlgnIZ\" width=\"660\" height=\"330\" alt=\"\"\/><\/a><\/div>\n<\/div>\n<div class=\" title_suite_2 col col-xs-12 col-lg-12\"> <a href=\"\/article\/1062448-banques-teletravail-prise-de-temperature-les-decisions-anti-covid-19-de-la-cndp\"\/><span class=\"field-content\">Banques, t\u00e9l\u00e9travail, prise de temp\u00e9rature\u2026Les d\u00e9cisions anti-covid 19 de la CNDP<\/span><\/div>\n<\/div>\n<\/div>\n<div class=\" col-xs-12 col-lg-4\">\n<div class=\"row\">\n<div class=\"col col-xs-12 col-lg-12\">\n<div class=\"field-content\"><a href=\"\/article\/1062446-un-bureau-d-ordre-digital-pour-al-omrane\"><img loading=\"lazy\" decoding=\"async\" class=\"img-responsive\" typeof=\"foaf:Image\" src=\"https:\/\/www.leconomiste.com\/sites\/default\/files\/eco7\/public\/styles\/800x400\/public\/default_images\/default_une.jpg?itok=4jZlgnIZ\" width=\"660\" height=\"330\" alt=\"\"\/><\/a><\/div>\n<\/div>\n<div class=\" title_suite_2 col col-xs-12 col-lg-12\"> <a href=\"\/article\/1062446-un-bureau-d-ordre-digital-pour-al-omrane\"\/><span class=\"field-content\">Un bureau d\u2019ordre digital pour Al Omrane<\/span><\/div>\n<\/div>\n<\/div>\n<\/div>\n<\/div>\n<\/div>\n<\/div>\n<\/div>\n<p>Auteur: hlafriqi<br \/>\n<a href=\"https:\/\/www.leconomiste.com\/article\/1062447-couvre-feu-les-deplacements-nocturnes-controles\">Cliquez ici pour lire l&rsquo;article depuis sa source.<\/a><\/p>\n","protected":false},"excerpt":{"rendered":"<p>Depuis l\u2019annonce de la lev\u00e9e du couvre-feu nocturne au premier jour du Aid Al Fitr, un rel\u00e2chement a \u00e9t\u00e9 constat\u00e9 dans plusieurs villes. En r\u00e9alit\u00e9, cette lev\u00e9e signifie un retour \u00e0 la situation d\u2019avant ramadan. Si le couvre-feu nocturne n\u2019est plus g\u00e9n\u00e9ral, l\u2019\u00e9tat d\u2019urgence sanitaire est toujours en vigueur jusqu\u2019au 10 juin prochain. Durant cette [&hellip;]<\/p>\n","protected":false},"author":1763,"featured_media":0,"comment_status":"closed","ping_status":"closed","sticky":false,"template":"","format":"standard","meta":{"fifu_image_url":"","fifu_image_alt":"","footnotes":""},"categories":[78,54],"tags":[],"class_list":["post-86820","post","type-post","status-publish","format-standard","hentry","category-economie","category-maroc"],"_links":{"self":[{"href":"https:\/\/linitiative.ca\/International\/wp-json\/wp\/v2\/posts\/86820","targetHints":{"allow":["GET"]}}],"collection":[{"href":"https:\/\/linitiative.ca\/International\/wp-json\/wp\/v2\/posts"}],"about":[{"href":"https:\/\/linitiative.ca\/International\/wp-json\/wp\/v2\/types\/post"}],"author":[{"embeddable":true,"href":"https:\/\/linitiative.ca\/International\/wp-json\/wp\/v2\/users\/1763"}],"replies":[{"embeddable":true,"href":"https:\/\/linitiative.ca\/International\/wp-json\/wp\/v2\/comments?post=86820"}],"version-history":[{"count":0,"href":"https:\/\/linitiative.ca\/International\/wp-json\/wp\/v2\/posts\/86820\/revisions"}],"wp:attachment":[{"href":"https:\/\/linitiative.ca\/International\/wp-json\/wp\/v2\/media?parent=86820"}],"wp:term":[{"taxonomy":"category","embeddable":true,"href":"https:\/\/linitiative.ca\/International\/wp-json\/wp\/v2\/categories?post=86820"},{"taxonomy":"post_tag","embeddable":true,"href":"https:\/\/linitiative.ca\/International\/wp-json\/wp\/v2\/tags?post=86820"}],"curies":[{"name":"wp","href":"https:\/\/api.w.org\/{rel}","templated":true}]}}