{"id":86823,"date":"2020-05-27T10:00:00","date_gmt":"2020-05-27T14:00:00","guid":{"rendered":"https:\/\/linitiative.ca\/International\/la-fifa-donne-raison-au-joueur-tunisien\/"},"modified":"2020-05-27T10:00:00","modified_gmt":"2020-05-27T14:00:00","slug":"la-fifa-donne-raison-au-joueur-tunisien","status":"publish","type":"post","link":"https:\/\/linitiative.ca\/International\/la-fifa-donne-raison-au-joueur-tunisien\/","title":{"rendered":"La FIFA donne raison au  joueur tunisien"},"content":{"rendered":"<p>Tanta, a d\u00e9pos\u00e9 une plainte aupr\u00e8s de la FIFA contre Seifeddine Jaziri pour r\u00e9siliation unilat\u00e9rale du contrat qui les liait. Le club \u00e9gyptien avait demand\u00e9 \u00e0 la commission des litiges d\u2019infliger un an de suspension \u00e0 l\u2019attaquant tunisien. Selon les derni\u00e8res informations, la commission en question a rejet\u00e9 la demande des Egyptiens et consid\u00e9r\u00e9 que la r\u00e9silition du contrat \u00e9tait justifi\u00e9e.<br \/>Ag\u00e9 de 27 ans, l\u2019ancien joueur du Club Africain avait sign\u00e9 en faveur du Stade Gabesien apr\u00e8s son d\u00e9part de Tanta. Il a, ensuite, rejoint Arab Contractors.<\/p>\n<p>Auteur: letemps1<br \/>\n<a href=\"http:\/\/www.letemps.com.tn\/article\/114128\/la-fifa-donne-raison-au-joueur-tunisien\">Cliquez ici pour lire l&rsquo;article depuis sa source.<\/a><\/p>\n","protected":false},"excerpt":{"rendered":"<p>Tanta, a d\u00e9pos\u00e9 une plainte aupr\u00e8s de la FIFA contre Seifeddine Jaziri pour r\u00e9siliation unilat\u00e9rale du contrat qui les liait. Le club \u00e9gyptien avait demand\u00e9 \u00e0 la commission des litiges d\u2019infliger un an de suspension \u00e0 l\u2019attaquant tunisien. Selon les derni\u00e8res informations, la commission en question a rejet\u00e9 la demande des Egyptiens et consid\u00e9r\u00e9 que [&hellip;]<\/p>\n","protected":false},"author":1773,"featured_media":0,"comment_status":"closed","ping_status":"closed","sticky":false,"template":"","format":"standard","meta":{"fifu_image_url":"","fifu_image_alt":"","footnotes":""},"categories":[73,55],"tags":[],"class_list":["post-86823","post","type-post","status-publish","format-standard","hentry","category-actualite","category-tunisie"],"_links":{"self":[{"href":"https:\/\/linitiative.ca\/International\/wp-json\/wp\/v2\/posts\/86823","targetHints":{"allow":["GET"]}}],"collection":[{"href":"https:\/\/linitiative.ca\/International\/wp-json\/wp\/v2\/posts"}],"about":[{"href":"https:\/\/linitiative.ca\/International\/wp-json\/wp\/v2\/types\/post"}],"author":[{"embeddable":true,"href":"https:\/\/linitiative.ca\/International\/wp-json\/wp\/v2\/users\/1773"}],"replies":[{"embeddable":true,"href":"https:\/\/linitiative.ca\/International\/wp-json\/wp\/v2\/comments?post=86823"}],"version-history":[{"count":0,"href":"https:\/\/linitiative.ca\/International\/wp-json\/wp\/v2\/posts\/86823\/revisions"}],"wp:attachment":[{"href":"https:\/\/linitiative.ca\/International\/wp-json\/wp\/v2\/media?parent=86823"}],"wp:term":[{"taxonomy":"category","embeddable":true,"href":"https:\/\/linitiative.ca\/International\/wp-json\/wp\/v2\/categories?post=86823"},{"taxonomy":"post_tag","embeddable":true,"href":"https:\/\/linitiative.ca\/International\/wp-json\/wp\/v2\/tags?post=86823"}],"curies":[{"name":"wp","href":"https:\/\/api.w.org\/{rel}","templated":true}]}}