{"id":86825,"date":"2020-05-27T10:00:00","date_gmt":"2020-05-27T14:00:00","guid":{"rendered":"https:\/\/linitiative.ca\/International\/chaalali-resilie-son-contrat-avec-son-club-turc\/"},"modified":"2020-05-27T10:00:00","modified_gmt":"2020-05-27T14:00:00","slug":"chaalali-resilie-son-contrat-avec-son-club-turc","status":"publish","type":"post","link":"https:\/\/linitiative.ca\/International\/chaalali-resilie-son-contrat-avec-son-club-turc\/","title":{"rendered":"Cha\u00e2lali r\u00e9silie son contrat avec son club turc"},"content":{"rendered":"<p>L\u2019international tunisien Ghailene Chaalali a demand\u00e9 officiellement la r\u00e9siliation du contrat qui le liait \u00e0 sa formation turque.<br \/>Tr\u00e8s en vue lors la CAN 2019 o\u00f9 il a disput\u00e9 six rencontres avec la s\u00e9lection de Tunisie, le milieu de terrain de 25 ans, en fin de contrat \u00e0 l\u2019Esp\u00e9rance de Tunis, avait l\u2019embarras du choix pour sa future destination, notamment en France. Il a finalement sign\u00e9 pour trois ans avec le club turc de Malatyaspor qualifi\u00e9 en Ligue Europa.<br \/>Chaalali qui avait rejoint le championnat turc l\u2019\u00e9t\u00e9 dernier pour \u00e9voluer sous le maillot du Yeni Malatyaspor, n\u2019a pas \u00e9t\u00e9 pay\u00e9 depuis plus de trois mois. Face \u00e0 cette situation, il a d\u00e9cid\u00e9 de r\u00e9silier son contrat et en a inform\u00e9 la FIFA et son club. Cette saison, Ghailene Chaalali a disput\u00e9 onze matches avec le Yeni Malatyaspor.<br \/>Ch\u00e2alai sera r-ol de retour au Parc Hass\u00e8ne Belkhoja.C\u2019est ce qu\u2019esp\u00e8re ardemment les fans \u00ab\u00a0sang et or\u00a0\u00bb.<\/p>\n<p class=\"c2\"><strong>R.B.A<\/strong><\/p>\n<p>Auteur: letemps1<br \/>\n<a href=\"http:\/\/www.letemps.com.tn\/article\/114130\/cha%C3%A2lali-r%C3%A9silie-son-contrat-avec-son-club-turc\">Cliquez ici pour lire l&rsquo;article depuis sa source.<\/a><\/p>\n","protected":false},"excerpt":{"rendered":"<p>L\u2019international tunisien Ghailene Chaalali a demand\u00e9 officiellement la r\u00e9siliation du contrat qui le liait \u00e0 sa formation turque.Tr\u00e8s en vue lors la CAN 2019 o\u00f9 il a disput\u00e9 six rencontres avec la s\u00e9lection de Tunisie, le milieu de terrain de 25 ans, en fin de contrat \u00e0 l\u2019Esp\u00e9rance de Tunis, avait l\u2019embarras du choix pour [&hellip;]<\/p>\n","protected":false},"author":1773,"featured_media":0,"comment_status":"closed","ping_status":"closed","sticky":false,"template":"","format":"standard","meta":{"fifu_image_url":"","fifu_image_alt":"","footnotes":""},"categories":[73,55],"tags":[],"class_list":["post-86825","post","type-post","status-publish","format-standard","hentry","category-actualite","category-tunisie"],"_links":{"self":[{"href":"https:\/\/linitiative.ca\/International\/wp-json\/wp\/v2\/posts\/86825","targetHints":{"allow":["GET"]}}],"collection":[{"href":"https:\/\/linitiative.ca\/International\/wp-json\/wp\/v2\/posts"}],"about":[{"href":"https:\/\/linitiative.ca\/International\/wp-json\/wp\/v2\/types\/post"}],"author":[{"embeddable":true,"href":"https:\/\/linitiative.ca\/International\/wp-json\/wp\/v2\/users\/1773"}],"replies":[{"embeddable":true,"href":"https:\/\/linitiative.ca\/International\/wp-json\/wp\/v2\/comments?post=86825"}],"version-history":[{"count":0,"href":"https:\/\/linitiative.ca\/International\/wp-json\/wp\/v2\/posts\/86825\/revisions"}],"wp:attachment":[{"href":"https:\/\/linitiative.ca\/International\/wp-json\/wp\/v2\/media?parent=86825"}],"wp:term":[{"taxonomy":"category","embeddable":true,"href":"https:\/\/linitiative.ca\/International\/wp-json\/wp\/v2\/categories?post=86825"},{"taxonomy":"post_tag","embeddable":true,"href":"https:\/\/linitiative.ca\/International\/wp-json\/wp\/v2\/tags?post=86825"}],"curies":[{"name":"wp","href":"https:\/\/api.w.org\/{rel}","templated":true}]}}