{"id":86827,"date":"2020-05-27T10:00:00","date_gmt":"2020-05-27T14:00:00","guid":{"rendered":"https:\/\/linitiative.ca\/International\/un-programme-de-preparation-en-deux-phases\/"},"modified":"2020-05-27T10:00:00","modified_gmt":"2020-05-27T14:00:00","slug":"un-programme-de-preparation-en-deux-phases","status":"publish","type":"post","link":"https:\/\/linitiative.ca\/International\/un-programme-de-preparation-en-deux-phases\/","title":{"rendered":"Un programme de pr\u00e9paration en deux phases"},"content":{"rendered":"<p>L\u2019ES Metlaoui compte encore parmi les \u00e9quipes s\u00e9rieusement menac\u00e9es par la rel\u00e9gation en Ligue 2. Lanterne rouge apr\u00e8s la 16\u00e8me journ\u00e9e disput\u00e9e au mois de mars, l\u2019ESM n\u2019a pas encore dit son dernier mot, et sa qualification en coupe aux d\u00e9pens de l\u2019ESS sera sans aucun doute un important stimulant \u00e0 la reprise.<br \/>Cette qualification ne sera pas le seul stimulant pour les co\u00e9quipiers d\u2019Imed Miniaoui qui ont re\u00e7u la veille de l\u2019A\u00efd leurs salaires. Une op\u00e9ration tr\u00e8s bien per\u00e7ue par les joueurs qui savent que leur club se d\u00e9bat dans de gros probl\u00e8mes financiers \u00e0 l\u2019instar de pratiquement toutes les \u00e9quipes de la Ligue 1.<br \/>A la baisse<br \/>Les difficult\u00e9s financi\u00e8res du club vont obliger les responsables \u00e0 revoir \u00e0 la baisse des salaires de joueurs selon les directives de la FTF et les modalit\u00e9s arr\u00eat\u00e9es par cette instance pour venir en aide aux clubs et pr\u00e9server les droits des joueurs. Une proc\u00e9dure que les joueurs ont accept\u00e9 surtout apr\u00e8s l\u2019effort accompli par le comit\u00e9 directeur pour faire b\u00e9n\u00e9ficier les joueurs du salaire d\u2019un mois.<br \/>Reprise<br \/>Mohamed Kouki revenu sur le banc de l\u2019\u00e9quipe a con\u00e7u un programme de pr\u00e9paration en deux \u00e9tapes. La premi\u00e8re d\u00e9butera \u00e0 partir d\u2019aujourd\u2019hui avec des s\u00e9ances d\u2019entra\u00eenements sur la pelouse du stade de Metlaoui en groupe pendant deux \u00e0 trois semaines selon les recommandations de la FTF. La seconde phase pr\u00e9paratoire aura lieu en dehors de la ville. L\u2019\u00e9quipe se d\u00e9placera \u00e0 Sousse pour effectuer un stage de pr\u00e9paration dont la dur\u00e9e n\u2019a pas \u00e9t\u00e9 d\u00e9termin\u00e9e.<br \/>Les joueurs seront soumis \u00e0 un travail physique d\u2019envergure avant de passer aux rencontres amicales.<\/p>\n<p>Objectif\u00a0<br \/>La situation de l\u2019\u00e9quipe est loin d\u2019\u00eatre rassurante, mais le retour de Mohamed Kouki \u00e0 la t\u00eate du staff technique qui avait d\u00e9clar\u00e9 auparavant que le maintien est possible ont jet\u00e9 un air d\u2019optimisme aupr\u00e8s des supporters mais \u00e9galement aupr\u00e8s des responsables qui veulent mettre tout en \u0153uvre pour assurer les conditions id\u00e9ales aux joueurs afin de r\u00e9aliser l\u2019objectif principal, celui du maintien.<br \/>Examens<br \/>\u00a0Brahim Mouchili bless\u00e9 lors de la rencontre de coupe face \u00e0 l\u2019ESS souffre encore d\u2019une l\u00e9sion musculaire qui n\u00e9cessite des examens approfondis. Il devrait subir dans les prochains jours IRM afin de d\u00e9terminer exactement la nature de la blessure.<br \/>Dridi veut r\u00e9cup\u00e9rer tous ses joueurs avant la double confrontation avec l\u2019OB afin de mettre tous les atouts de son c\u00f4t\u00e9 et garder ses chances intactes pour parvenir \u00e0 atteindre l\u2019objectif trac\u00e9 depuis le d\u00e9but de la saison, soit le retour en Ligue 1.<\/p>\n<p class=\"c2\"><strong>\u00a0Hichem<\/strong><\/p>\n<p>Auteur: letemps1<br \/>\n<a href=\"http:\/\/www.letemps.com.tn\/article\/114132\/un-programme-de-pr%C3%A9paration-en-deux-phases\">Cliquez ici pour lire l&rsquo;article depuis sa source.<\/a><\/p>\n","protected":false},"excerpt":{"rendered":"<p>L\u2019ES Metlaoui compte encore parmi les \u00e9quipes s\u00e9rieusement menac\u00e9es par la rel\u00e9gation en Ligue 2. Lanterne rouge apr\u00e8s la 16\u00e8me journ\u00e9e disput\u00e9e au mois de mars, l\u2019ESM n\u2019a pas encore dit son dernier mot, et sa qualification en coupe aux d\u00e9pens de l\u2019ESS sera sans aucun doute un important stimulant \u00e0 la reprise.Cette qualification ne [&hellip;]<\/p>\n","protected":false},"author":1773,"featured_media":0,"comment_status":"closed","ping_status":"closed","sticky":false,"template":"","format":"standard","meta":{"fifu_image_url":"","fifu_image_alt":"","footnotes":""},"categories":[73,55],"tags":[],"class_list":["post-86827","post","type-post","status-publish","format-standard","hentry","category-actualite","category-tunisie"],"_links":{"self":[{"href":"https:\/\/linitiative.ca\/International\/wp-json\/wp\/v2\/posts\/86827","targetHints":{"allow":["GET"]}}],"collection":[{"href":"https:\/\/linitiative.ca\/International\/wp-json\/wp\/v2\/posts"}],"about":[{"href":"https:\/\/linitiative.ca\/International\/wp-json\/wp\/v2\/types\/post"}],"author":[{"embeddable":true,"href":"https:\/\/linitiative.ca\/International\/wp-json\/wp\/v2\/users\/1773"}],"replies":[{"embeddable":true,"href":"https:\/\/linitiative.ca\/International\/wp-json\/wp\/v2\/comments?post=86827"}],"version-history":[{"count":0,"href":"https:\/\/linitiative.ca\/International\/wp-json\/wp\/v2\/posts\/86827\/revisions"}],"wp:attachment":[{"href":"https:\/\/linitiative.ca\/International\/wp-json\/wp\/v2\/media?parent=86827"}],"wp:term":[{"taxonomy":"category","embeddable":true,"href":"https:\/\/linitiative.ca\/International\/wp-json\/wp\/v2\/categories?post=86827"},{"taxonomy":"post_tag","embeddable":true,"href":"https:\/\/linitiative.ca\/International\/wp-json\/wp\/v2\/tags?post=86827"}],"curies":[{"name":"wp","href":"https:\/\/api.w.org\/{rel}","templated":true}]}}