{"id":86841,"date":"2020-05-27T15:18:21","date_gmt":"2020-05-27T19:18:21","guid":{"rendered":"https:\/\/linitiative.ca\/International\/documentaire-sur-le-hirak-diffuse-par-des-chaines-de-television-francaises-un-produit-provocateur-aux-relents-de-la-france-nostalgique\/"},"modified":"2020-05-27T15:18:21","modified_gmt":"2020-05-27T19:18:21","slug":"documentaire-sur-le-hirak-diffuse-par-des-chaines-de-television-francaises-un-produit-provocateur-aux-relents-de-la-france-nostalgique","status":"publish","type":"post","link":"https:\/\/linitiative.ca\/International\/documentaire-sur-le-hirak-diffuse-par-des-chaines-de-television-francaises-un-produit-provocateur-aux-relents-de-la-france-nostalgique\/","title":{"rendered":"Documentaire sur le Hirak diffus\u00e9 par des cha\u00eenes de t\u00e9l\u00e9vision fran\u00e7aises  : Un \u00abproduit\u00bb provocateur aux relents de la France nostalgique"},"content":{"rendered":"<p><strong>Le documentaire intitul\u00e9 Alg\u00e9rie, mon amour, diffus\u00e9 mardi soir sur une cha\u00eene fran\u00e7aise, rev\u00eat un caract\u00e8re \u00abprovocateur\u00bb et des relents de la \u00abFrance nostalgique\u00bb, ont estim\u00e9 hier des universitaires et des experts qui mettent en garde contre \u00ables dessous\u00bb non avou\u00e9s de cette production.<\/strong><\/p>\n<p>\u00abForce est de reconna\u00eetre que les Fran\u00e7ais nostalgiques ne font jamais les choses \u00e0 moiti\u00e9. Ils sont parfaits comme le n\u00e9ant et le vide. Hier, ils avaient excell\u00e9 dans la d\u00e9formation et le travestissement de nos r\u00e9alit\u00e9s, pourtant claires et limpides comme l\u2019eau de roche\u00bb, a r\u00e9agi, dans une d\u00e9claration \u00e0 l\u2019APS, Chabane Zerrouk, cadre sup\u00e9rieur de l\u2019Etat \u00e0 la retraite.<br \/>Qualifiant le film r\u00e9alis\u00e9 par Mustapha Kessous et d\u00e9di\u00e9 au Hirak de \u00abnavet\u00bb et de \u00abratage parfaitement r\u00e9ussi\u00bb, il a estim\u00e9 que celui-ci \u00abproc\u00e8de de la mentalit\u00e9 bien ancr\u00e9e dans l\u2019inconscient des r\u00e9sidus de la France coloniale et d\u2019un pass\u00e9 \u00e0 jamais r\u00e9volu\u00bb.<br \/>Faisant rappeler le film documentaire l\u2019Alg\u00e9rie vue du ciel, diffus\u00e9 en 2015, l\u2019intervenant a relev\u00e9 la \u00abco\u00efncidence\u00bb de celui-ci suivi mardi soir par de nombreux Alg\u00e9riens avec un autre d\u00e9bat sur l\u2019Alg\u00e9rie, programm\u00e9 au m\u00eame moment sur l\u2019autre cha\u00eene fran\u00e7aise LCP. Ce qui l\u2019am\u00e8nera \u00e0 ajouter : \u00abces p\u00eacheurs en eau trouble cherchent \u00e0 biaiser et \u00e0 d\u00e9former l\u2019image d\u00e9rangeante de l\u2019Alg\u00e9rie, terre d\u2019Islam, de l\u2019intelligence, de la noblesse, de la bravoure et de l\u2019h\u00e9ro\u00efsme\u00bb, avant de d\u00e9plorer un documentaire \u00abminable, maudit et de basse extraction qui jette du discr\u00e9dit sur son r\u00e9alisateur et ses sponsors et les disqualifient devant l\u2019Histoire\u00bb.<br \/>A propos des clich\u00e9s que le film a tent\u00e9 de mettre en avant, M. Zerrouk dira : \u00ables gothiques, les partisans de l\u2019Alg\u00e9rie de papa, de l\u2019Alg\u00e9rie des marginaux et des gays, de l\u2019Alg\u00e9rie des veuves, doivent savoir qu\u2019ils n\u2019auront jamais de place dans l\u2019Alg\u00e9rie du preux peuple alg\u00e9rien. Ils ne font que glisser sur la pente savonneuse de notre indiff\u00e9rence la plus totale\u00bb.<br \/>Et de poursuivre : \u00abQu\u2019ils sachent que le train-Alg\u00e9rie avance \u00e0 grande vitesse, celui qui le rate ne pourra pr\u00e9tendre au statut piteux d\u2019un d\u00e9class\u00e9 de l\u2019histoire\u00bb, avant de conclure en \u00e9voquant la c\u00e9l\u00e8bre d\u00e9clamation du G\u00e9n\u00e9ral Giap : \u00abl\u2019imp\u00e9rialisme est un mauvais \u00e9l\u00e8ve\u00bb.<br \/>Pour le chercheur Ahmed Mizab, il s\u2019agit d\u2019un \u00abcadeau empoisonn\u00e9\u00bb concoct\u00e9 par \u00abune France qui n\u2019a jamais voulu du bien \u00e0 l\u2019Alg\u00e9rie et dont les cons\u00e9quences se feront ressentir au moyen terme\u00bb. Ceci, explique-t-il, \u00abdans le sens o\u00f9 le Hirak risquera de perdre son caract\u00e8re pacifiste car des manifestants seront remont\u00e9s contre d\u2019autres et pouss\u00e9s \u00e0 la confrontation\u00bb.<br \/>Tout en consid\u00e9rant que \u00able timing de la diffusion vise \u00e0 cr\u00e9er un troisi\u00e8me souffle au mouvement qui ne soit pas pacifique\u00bb, le chercheur appr\u00e9hende que le documentaire n\u2019ait pour effet de \u00abprovoquer des sensibilit\u00e9s id\u00e9ologiques et de susciter de forts discours discriminatoires\u00bb.<br \/>A ses yeux, le film \u00aba mis \u00e0 nu une face cach\u00e9e qui a choqu\u00e9 plus d\u2019un, \u00e0 leur t\u00eate ceux qui revendiquent le projet d\u2019un Etat civil, rendant ainsi justice \u00e0 l\u2019Arm\u00e9e nationale populaire (ANP), qui n\u2019a eu de cesse de mettre en garde contre les risques d\u2019infiltration du Hirak et contre les man\u0153uvres visant \u00e0 porter atteinte \u00e0 l\u2019Alg\u00e9rie, \u00e0 travers certains slogans qui y sont brandis\u00bb.<br \/>Aussi, l\u2019analyste plaide-t-il pour \u00abla vigilance face aux dessous\u00bb de cette production, avant de souligner que le Hirak \u00abqui avait, le 22 f\u00e9vrier 2019, suscit\u00e9 l\u2019adh\u00e9sion populaire pour le changement, n\u2019est pas le Hirak que d\u2019aucuns ont transform\u00e9 en tribune pour faire valoir leurs projets destructeurs\u00bb.<br \/>Docteur en Sociologie politique, Fatma Kebour tient \u00e0 pr\u00e9ciser, citant le sociologue Pierre Bourdieu, que \u00abtoute production t\u00e9l\u00e9visuelle est une construction d\u2019une r\u00e9alit\u00e9 sociale et politique vue par son \u00e9metteur, et ne repr\u00e9sente qu\u2019une vision parmi d\u2019autres de la vraie r\u00e9alit\u00e9\u00bb.<\/p>\n<p><strong>Le Hirak, un signe de \u00abbonne sant\u00e9\u00bb<\/strong><\/p>\n<p>De son point de vue, le souci aujourd\u2019hui \u00abn\u2019est pas l\u2019investissement de la rue par le peuple alg\u00e9rien, bien au contraire, le Hirak a permis \u00e0 ce dernier de retrouver son unit\u00e9 et une r\u00e9conciliation r\u00e9elle avec lui-m\u00eame !\u00bb.<br \/>Et d\u2019estimer que \u00abce mouvement populaire ne doit pas \u00eatre consid\u00e9r\u00e9 comme \u00e9tant une crise sociale ou politique mais plut\u00f4t comme un \u00abcontinuum\u00bb de la participation politique de l\u2019individu, un signe de bonne sant\u00e9 et un sursaut populaire\u00bb.<br \/>A travers le Hirak, les Alg\u00e9riens ont \u00abr\u00e9investi la chose politique\u00bb, poursuit-elle, notant que ce mouvement est repr\u00e9sent\u00e9 par une diversit\u00e9 sociale, politique et id\u00e9ologique (intellectuels, d\u00e9mocrates, islamistes) mais aussi par les marginaux \u00abqui font partie de notre soci\u00e9t\u00e9 et partageant les m\u00eames combat et objectif pour une nouvelle Alg\u00e9rie avec une jeunesse se projetant dans un avenir meilleur\u2008!\u00bb. Un aspect sciemment occult\u00e9 par le r\u00e9alisateur du tr\u00e8s controvers\u00e9 documentaire, regrette-t-on.<\/p>\n<p>&#8212;&#8212;&#8212;&#8212;&#8212;&#8212;&#8212;&#8212;&#8212;<\/p>\n<p><strong>Le film Largement d\u00e9cri\u00e9 en Alg\u00e9rie<\/strong><\/p>\n<p>Le documentaire sur le Hirak, mouvement d&rsquo;aspiration au meilleur d\u00e9mocratique en Alg\u00e9rie, diffus\u00e9 mardi dernier par des cha\u00eenes de t\u00e9l\u00e9vision publiques fran\u00e7aises, a suscit\u00e9 un vaste mouvement de r\u00e9probation et d&rsquo;indignation des Alg\u00e9riens sur les r\u00e9seaux sociaux, au point o\u00f9 des professionnels des m\u00e9dias ont assimil\u00e9 la campagne m\u00e9diatique annon\u00e7ant sa diffusion \u00e0 \u00abune montagne qui a finalement accouch\u00e9 d&rsquo;une souris\u00bb. Con\u00e7ue en deux s\u00e9quences concomitantes sur deux cha\u00eenes de t\u00e9l\u00e9visions publiques, France 5 TV et La Cha\u00eene Parlementaire (LCP), relay\u00e9es par France 24, cette orchestration politique, bas\u00e9e sur la diffusion de deux documentaires et de deux d\u00e9bats subs\u00e9quents, avait \u00e9t\u00e9 pr\u00e9c\u00e9d\u00e9e d\u2019une vaste campagne d\u2019annonce, durant deux semaines, \u00e0 travers l\u2019ensemble de la presse hexagonale sur papier, en ligne et audiovisuelle, g\u00e9n\u00e9raliste et sp\u00e9cialis\u00e9e, toutes sensibilit\u00e9s confondues. Cette campagne m\u00e9diatique en est d\u2019autant plus une vraie campagne de presse que les deux documentaires seront rediffus\u00e9s plusieurs fois jusqu\u2019\u00e0 presque la fin du mois de juin. \u00abL\u2019\u00e9chec en tous points de vue est aussi \u00e9tendu que la lame de r\u00e9probation des Alg\u00e9riens du pays et de la diaspora\u00bb, a-t-on encore estim\u00e9.<br \/>Cette campagne de presse publique lanc\u00e9e en dehors de toute justification par l\u2019actualit\u00e9 br\u00fblante ou m\u00eame d\u00e9cal\u00e9e, a fait tomber les masques et traduis des desseins malveillants. Ceux d\u2019une France officielle qui s\u2019implique officieusement, de mani\u00e8re cyclique, dans l\u2019anti-Alg\u00e9rie. Pour mieux encourager en sous-main le mouvement des plaques tectoniques de la subversion port\u00e9e par des forces marginales, a-t-on mis en avant dans les r\u00e9seaux sociaux.<br \/>Les documentaires des deux cha\u00eenes de t\u00e9l\u00e9vision publiques en question, notamment celui de France 5 TV, ont \u00e9t\u00e9 donc per\u00e7us, comme une insulte au g\u00e9nie des Alg\u00e9riens et \u00e0 leur profond patriotisme qui s\u2019est exprim\u00e9 sur une vaste \u00e9chelle de la protestation et de la condamnation depuis mardi soir.<br \/>Ils constituent \u00e9galement une \u00abinsulte profonde\u00bb au Hirak r\u00e9duit \u00e0 un \u00abd\u00e9risoire mouvement de frustration\u00bb de jeunes en mal de vivre mais si peu repr\u00e9sentatifs de la jeunesse alg\u00e9rienne et de leur soci\u00e9t\u00e9.<br \/>Par son contenu, son montage, les choix d\u2019images et leur orientation, ainsi que les commentaires consubstantiels, le documentaire de France 5 TV, a-t-on encore soutenu, a \u00e9t\u00e9 encore \u00abplus offensant\u00bb pour le mouvement populaire Hirak rabaiss\u00e9 au rang de mouvement d\u2019aspiration \u00ab\u00e0 la consommation bachique et \u00e0 un mieux-\u00eatre sexuel affranchi de tous les codes de la morale publique et de l\u2019\u00e9thique individuelle\u00bb. Ce qui a amen\u00e9 ces observateurs \u00e0 consid\u00e9rer ce documentaire comme \u00abun affront et un outrage \u00e0 un mouvement b\u00e9ni qui a sauv\u00e9 l\u2019Alg\u00e9rie, pr\u00e9serv\u00e9 la R\u00e9publique et ses institutions et permis de neutraliser des r\u00e9seaux transversaux d\u2019agents d\u2019influence mobilis\u00e9s pour la d\u00e9fense des int\u00e9r\u00eats fran\u00e7ais et qui ont m\u00eame financ\u00e9 la campagne \u00e9lectorale d\u2019un candidat \u00e0 l\u2019\u00e9lection pr\u00e9sidentielle du 12 d\u00e9cembre 2019\u00bb.<br \/>C&rsquo;est ainsi qu&rsquo;on a estim\u00e9 que cette campagne cathodique a consid\u00e9rablement nui au formidable mouvement d\u2019aspiration d\u00e9mocratique, d\u2019esp\u00e9rance sociale et d\u2019exigence ardente de plus de dignit\u00e9.<br \/>Cette campagne a montr\u00e9, d\u2019une certaine mani\u00e8re, que les ennemis strat\u00e9giques du Hirak sont ceux-l\u00e0 m\u00eames \u00e0 l\u2019\u00e9tranger qui trouvent des points d\u2019appui en diff\u00e9rents groupes d\u2019int\u00e9r\u00eats h\u00e9t\u00e9roclites en Alg\u00e9rie pour les utiliser comme des chevaux de bataille pour d\u00e9stabiliser l\u2019Etat-national. Or, l\u2019exp\u00e9rience d\u2019une ann\u00e9e d\u2019expression pacifique du Hirak a r\u00e9v\u00e9l\u00e9 au grand jour que c\u2019est justement l\u2019Etat-national, repr\u00e9sent\u00e9 par les forces patriotiques et l\u2019Arm\u00e9e nationale populaire (ANP), qui ont assur\u00e9 au mouvement sa vitalit\u00e9 et sa p\u00e9rennit\u00e9. Il y a une certitude largement partag\u00e9e aujourd&rsquo;hui qui fait que \u00abc\u2019est l\u2019Etat-national qui a prot\u00e9g\u00e9 et accompagn\u00e9 le Hirak, dans le sens o\u00f9 il lui a permis de sauvegarder ce qu\u2019il a de plus sain en son sein comme forces patriotiques et populaires. Celles-l\u00e0 m\u00eame qui lui ont permis de survivre en d\u00e9pit des alliances contre-nature de certaines forces politiques et du choc des int\u00e9r\u00eats cat\u00e9goriels parfois inconciliables. Et qui ont aid\u00e9 l\u2019Etat-national a sortir renforc\u00e9 des ann\u00e9es de la d\u00e9perdition et du d\u00e9litement d\u2019avant le 12 d\u00e9cembre 2019\u00bb.<br \/>Consacr\u00e9 \u00abJourn\u00e9e nationale de la fraternit\u00e9 et de la coh\u00e9sion entre le peuple et son arm\u00e9e pour la d\u00e9mocratie\u00bb par le pr\u00e9sident de la R\u00e9publique, Abdelmadjid Tebboune, et appel\u00e9 \u00e0 \u00eatre inscrit dans le marbre constitutionnel, le mouvement du 22 f\u00e9vrier culmina avec l\u2019\u00e9lection pr\u00e9sidentielle du 12 d\u00e9cembre 2019.<br \/>La date est charni\u00e8re car elle distingue deux protagonistes : ceux qui nourrissent des r\u00eaves coloniaux sous couvert d\u2019apprentissage d\u00e9mocratique par la voie transitionnelle, \u00e9galement appel\u00e9e constituante, d\u2019une part, ceux qui aspirent au changement syst\u00e9mique par la voie pacifique et institutionnelle, d\u2019autre part.<br \/>Pour la majorit\u00e9 des internautes ayant fustig\u00e9 le documentaire en question, le n\u00e9o-Hirak que les m\u00e9dias fran\u00e7ais s\u2019efforcent de r\u00e9g\u00e9n\u00e9rer co\u00fbte que co\u00fbte s\u2019inscrit franchement dans le prolongement de \u00abbouleversements pr\u00e9fabriqu\u00e9s\u00bb contre-r\u00e9volutionnaires foment\u00e9s par des m\u00e9dias relayant des ONG ayant pignon sur rue \u00e0 Paris.<br \/>En esp\u00e9rant un divorce entre le peuple et la r\u00e9volution nationale qu\u2019il a enfant\u00e9e et port\u00e9e \u00e0 son terme, les commanditaires du n\u00e9o-Hirak restent ainsi fid\u00e8les \u00e0 une vieille litanie n\u00e9ocoloniale qui stipule \u00abqu\u2019avant, c\u2019\u00e9tait mieux\u00bb et que l\u2019Ind\u00e9pendance n\u2019a pas \u00e9t\u00e9 au niveau des \u00abbienfaits de la colonisation\u00bb.<\/p>\n<p>Auteur: elmoudjahid<br \/>\n<a href=\"http:\/\/www.elmoudjahid.com\/fr\/actualites\/153989\">Cliquez ici pour lire l&rsquo;article depuis sa source.<\/a><\/p>\n","protected":false},"excerpt":{"rendered":"<p>Le documentaire intitul\u00e9 Alg\u00e9rie, mon amour, diffus\u00e9 mardi soir sur une cha\u00eene fran\u00e7aise, rev\u00eat un caract\u00e8re \u00abprovocateur\u00bb et des relents de la \u00abFrance nostalgique\u00bb, ont estim\u00e9 hier des universitaires et des experts qui mettent en garde contre \u00ables dessous\u00bb non avou\u00e9s de cette production. \u00abForce est de reconna\u00eetre que les Fran\u00e7ais nostalgiques ne font jamais [&hellip;]<\/p>\n","protected":false},"author":1744,"featured_media":0,"comment_status":"closed","ping_status":"closed","sticky":false,"template":"","format":"standard","meta":{"fifu_image_url":"","fifu_image_alt":"","footnotes":""},"categories":[73,53],"tags":[],"class_list":["post-86841","post","type-post","status-publish","format-standard","hentry","category-actualite","category-algerie"],"_links":{"self":[{"href":"https:\/\/linitiative.ca\/International\/wp-json\/wp\/v2\/posts\/86841","targetHints":{"allow":["GET"]}}],"collection":[{"href":"https:\/\/linitiative.ca\/International\/wp-json\/wp\/v2\/posts"}],"about":[{"href":"https:\/\/linitiative.ca\/International\/wp-json\/wp\/v2\/types\/post"}],"author":[{"embeddable":true,"href":"https:\/\/linitiative.ca\/International\/wp-json\/wp\/v2\/users\/1744"}],"replies":[{"embeddable":true,"href":"https:\/\/linitiative.ca\/International\/wp-json\/wp\/v2\/comments?post=86841"}],"version-history":[{"count":0,"href":"https:\/\/linitiative.ca\/International\/wp-json\/wp\/v2\/posts\/86841\/revisions"}],"wp:attachment":[{"href":"https:\/\/linitiative.ca\/International\/wp-json\/wp\/v2\/media?parent=86841"}],"wp:term":[{"taxonomy":"category","embeddable":true,"href":"https:\/\/linitiative.ca\/International\/wp-json\/wp\/v2\/categories?post=86841"},{"taxonomy":"post_tag","embeddable":true,"href":"https:\/\/linitiative.ca\/International\/wp-json\/wp\/v2\/tags?post=86841"}],"curies":[{"name":"wp","href":"https:\/\/api.w.org\/{rel}","templated":true}]}}