{"id":86842,"date":"2020-05-27T15:18:23","date_gmt":"2020-05-27T19:18:23","guid":{"rendered":"https:\/\/linitiative.ca\/International\/djilali-sofiane-le-boycott-du-referendum-sur-la-constitution-fera-disparaitre-lopportunite-dun-changement\/"},"modified":"2020-05-27T15:18:23","modified_gmt":"2020-05-27T19:18:23","slug":"djilali-sofiane-le-boycott-du-referendum-sur-la-constitution-fera-disparaitre-lopportunite-dun-changement","status":"publish","type":"post","link":"https:\/\/linitiative.ca\/International\/djilali-sofiane-le-boycott-du-referendum-sur-la-constitution-fera-disparaitre-lopportunite-dun-changement\/","title":{"rendered":"Djilali Sofiane : \u00abLe boycott du r\u00e9f\u00e9rendum sur la Constitution fera dispara\u00eetre l\u2019opportunit\u00e9 d\u2019un changement\u00bb"},"content":{"rendered":"<p>Le pr\u00e9sident du parti Jil Jadid, Djilali Sofiane a estim\u00e9 hier\u00a0 que le boycott du r\u00e9f\u00e9rendum sur le projet d\u2019amendement de la Constitution \u00abest \u00e0 m\u00eame de faire dispara\u00eetre l\u2019opportunit\u00e9 d\u2019un r\u00e9el changement\u00bb.<br \/>Dans un entretien accord\u00e9 au quotidien El Khabar,\u00a0 il a critiqu\u00e9 les voix qui appellent au boycott du r\u00e9f\u00e9rendum sur la Constitution, en leur disant que le boycott fera disparaitre \u00abl\u2019opportunit\u00e9 de r\u00e9aliser un r\u00e9el changement\u00bb. Le pr\u00e9sident de Djil Jadid a mis en garde contre le vide que pourrait g\u00e9n\u00e9rer ce boycott, ce qui am\u00e8nera le Pouvoir \u00e0 reconduire les vieux partis, et il sera alors trop tard pour regretter quoi que ce soit. Il s\u2019est interrog\u00e9 sur les objectifs des parties qui appellent \u00e0 une Assembl\u00e9e constituante ou un r\u00e9gime parlementaire, alors qu\u2019elles ne donnent pas de r\u00e9elles propositions concernant les volets juridique et politique\u00bb, ajoutant que \u00abs&rsquo;il s&rsquo;agit de pousser les choses vers le pourrissement dans l\u2019objectif de faire tomber le pouvoir actuel, les choses sont alors claires\u00bb.<br \/>\u00abLe probl\u00e8me ne r\u00e9side pas en la Constitution\u00bb, a estim\u00e9 le m\u00eame responsable, ajoutant que \u00able rejet de son d\u00e9bat r\u00e9pond \u00e0 un agenda politique\u00bb.<\/p>\n<p>Auteur: elmoudjahid<br \/>\n<a href=\"http:\/\/www.elmoudjahid.com\/fr\/actualites\/153990\">Cliquez ici pour lire l&rsquo;article depuis sa source.<\/a><\/p>\n","protected":false},"excerpt":{"rendered":"<p>Le pr\u00e9sident du parti Jil Jadid, Djilali Sofiane a estim\u00e9 hier\u00a0 que le boycott du r\u00e9f\u00e9rendum sur le projet d\u2019amendement de la Constitution \u00abest \u00e0 m\u00eame de faire dispara\u00eetre l\u2019opportunit\u00e9 d\u2019un r\u00e9el changement\u00bb.Dans un entretien accord\u00e9 au quotidien El Khabar,\u00a0 il a critiqu\u00e9 les voix qui appellent au boycott du r\u00e9f\u00e9rendum sur la Constitution, en [&hellip;]<\/p>\n","protected":false},"author":1744,"featured_media":0,"comment_status":"closed","ping_status":"closed","sticky":false,"template":"","format":"standard","meta":{"fifu_image_url":"","fifu_image_alt":"","footnotes":""},"categories":[73,53],"tags":[],"class_list":["post-86842","post","type-post","status-publish","format-standard","hentry","category-actualite","category-algerie"],"_links":{"self":[{"href":"https:\/\/linitiative.ca\/International\/wp-json\/wp\/v2\/posts\/86842","targetHints":{"allow":["GET"]}}],"collection":[{"href":"https:\/\/linitiative.ca\/International\/wp-json\/wp\/v2\/posts"}],"about":[{"href":"https:\/\/linitiative.ca\/International\/wp-json\/wp\/v2\/types\/post"}],"author":[{"embeddable":true,"href":"https:\/\/linitiative.ca\/International\/wp-json\/wp\/v2\/users\/1744"}],"replies":[{"embeddable":true,"href":"https:\/\/linitiative.ca\/International\/wp-json\/wp\/v2\/comments?post=86842"}],"version-history":[{"count":0,"href":"https:\/\/linitiative.ca\/International\/wp-json\/wp\/v2\/posts\/86842\/revisions"}],"wp:attachment":[{"href":"https:\/\/linitiative.ca\/International\/wp-json\/wp\/v2\/media?parent=86842"}],"wp:term":[{"taxonomy":"category","embeddable":true,"href":"https:\/\/linitiative.ca\/International\/wp-json\/wp\/v2\/categories?post=86842"},{"taxonomy":"post_tag","embeddable":true,"href":"https:\/\/linitiative.ca\/International\/wp-json\/wp\/v2\/tags?post=86842"}],"curies":[{"name":"wp","href":"https:\/\/api.w.org\/{rel}","templated":true}]}}