{"id":86853,"date":"2020-05-27T05:40:00","date_gmt":"2020-05-27T09:40:00","guid":{"rendered":"https:\/\/linitiative.ca\/International\/habib-fekih-cap-sur-carthage\/"},"modified":"2020-05-27T05:40:00","modified_gmt":"2020-05-27T09:40:00","slug":"habib-fekih-cap-sur-carthage","status":"publish","type":"post","link":"https:\/\/linitiative.ca\/International\/habib-fekih-cap-sur-carthage\/","title":{"rendered":"Habib Fekih \u2013 Cap sur Carthage"},"content":{"rendered":"<p>La crise du Corona virus s\u00e9vit depuis plus de trois mois, en ravageant l\u2019\u00e9conomie, d\u2019une mani\u00e8re que tous les experts s\u2019accordent \u00e0 d\u00e9crire comme la plus d\u00e9vastatrice, depuis la crise de 1929.<\/p>\n<p>En Tunisie, les diff\u00e9rents indicateurs montrent, du moins jusqu\u2019\u00e0 maintenant, que la crise sanitaire, ne serait pas aussi grave que celle s\u00e9vissant en Europe et aux \u00c9tats Unis. Par contre, on s&rsquo;accorde \u00e0 dire que la crise \u00e9conomique serait, elle, plus dure et plus difficile \u00e0 juguler. Mais si on s&rsquo;attend \u00e0 une r\u00e9cession forte avec des cons\u00e9quences \u00e9conomiques, financi\u00e8res et sociales incommensurables, il y a d\u00e9bat sur la forme (L, U ou V) et sur la dur\u00e9e (quelques mois, un an ou deux, plusieurs ann\u00e9es) de la crise.<\/p>\n<p>Ajout\u00e9e, aux probl\u00e8mes d\u00e9j\u00e0 accumul\u00e9s, depuis la r\u00e9volution, la crise du coronavirus, pourrait \u00eatre la goutte d\u2019eau qui ferait d\u00e9border le vase&#8230;<\/p>\n<p>Durant les dix derni\u00e8res ann\u00e9es, les diff\u00e9rents gouvernements qui se sont succ\u00e9d\u00e9 avaient parl\u00e9 de programmes de r\u00e9formes et de d\u00e9veloppement, pour r\u00e9sorber le ch\u00f4mage, \u00e9quilibrer la distribution des richesses entre les diff\u00e9rentes r\u00e9gions et am\u00e9liorer le niveau de vie des Tunisiens.Malheureusement, rien n\u2019a \u00e9t\u00e9 r\u00e9alis\u00e9, car tous ces programmes manquaient, d\u2019abord, de volont\u00e9 politique et ensuite de coh\u00e9rence globale, faute de vision \u00e0 long terme.<\/p>\n<p>Quand on parle de digitalisation, de sant\u00e9, d\u2019\u00e9ducation, d\u2019\u00e9nergie, d\u2019agriculture, de d\u00e9veloppement r\u00e9gional, de recherche scientifique, de justice, de corruption, de dette, de culture, de la jeunesse et d\u2019autres domaines, on attaque le vif du sujet.<\/p>\n<p>C\u2019est \u00e0 travers des r\u00e9formes et des am\u00e9liorations apport\u00e9es \u00e0 ces diff\u00e9rents secteurs que l\u2019\u00e9tat serait capable d\u2019am\u00e9liorer la situation \u00e9conomique et sociale des tunisiens, tout en respectant les acquis fondamentaux de d\u00e9mocratie, de libert\u00e9, de justice et d\u2019\u00e9galit\u00e9 des chances.<\/p>\n<p>Mais sommes-nous s\u00fbrs que toutes ces r\u00e9formes appliqu\u00e9es, chacune de son c\u00f4t\u00e9, donneraient un ensemble coh\u00e9rent et efficace. La r\u00e9ponse est non, en l\u2019absence d&rsquo;une vision pour notre pays.<\/p>\n<p>Que voulons-nous pour nous-m\u00eames et pour notre Tunisie dans un horizon de 30, 40 ou m\u00eame 50 ans ?<\/p>\n<p>Un grand homme politique a dit un jour qu\u2019une vision est un r\u00eave qui se r\u00e9alise gr\u00e2ce \u00e0 la volont\u00e9 des hommes.<\/p>\n<p>Des pays comme le Japon, la Cor\u00e9e du Sud o\u00f9 Singapour avaient os\u00e9 d\u00e9finir des visions \u00e0 des \u00e9ch\u00e9ances de plusieurs dizaines d\u2019ann\u00e9es (apr\u00e8s la guerre le Japon parlait de l\u2019an 2000 et des priorit\u00e9s du pays en mati\u00e8re industrielle et nouvelles technologies, la Cor\u00e9e avait fait pareil apr\u00e8s la guerre de Cor\u00e9e et Singapour avait d\u00e9fini, juste apr\u00e8s sa s\u00e9paration de la Malaisie, l\u2019an 2000 comme l\u2019horizon pour \u00eatre ce qu\u2019elle est aujourd\u2019hui).<\/p>\n<p>J\u2019avais eu, personnellement, l\u2019opportunit\u00e9 d\u2019assister, en direct, au milieu des ann\u00e9es 90, lors d\u2019un d\u00e9jeuner d\u00e9bat, \u00e0 une explication de Lee Kuan Yew ancien premier ministre de Singapour des causes du succ\u00e8s de son pays.<\/p>\n<p>Lee Kuan Yew fut premier ministre de 1965 \u00e0 1990 et il est consid\u00e9r\u00e9 comme le b\u00e2tisseur de ce pays qu\u2019il avait fait passer d\u2019un pays sous d\u00e9velopp\u00e9, corrompu et sans ressources naturelles \u00e0 l\u2019une des premi\u00e8res puissances \u00e9conomiques mondiales. Il a expliqu\u00e9 un jour\u00a0 que, lors de la secession avec la Malaisie en 1965, il avait paniqu\u00e9, car son pays d\u00e9pendait beaucoup de son voisin du nord (m\u00eame pour l\u2019approvisionnement en eau potable). Il a eu des moments d\u2019angoisse, mais tr\u00e8s vite, encourag\u00e9 par son \u00e9quipe, il a d\u00e9cid\u00e9 d\u2019aller de l\u2019avant et donner un objectif \u00e0 Singapour de devenir une vraie nation ind\u00e9pendante, souveraine et d\u00e9mocratique. Fond\u00e9e sur les principes de libert\u00e9 et de justice, de tol\u00e9rance et d\u2019\u00e9galit\u00e9 des chances. Un pays carrefour de l\u2019Asie et centre d\u2019excellence dans les domaines de la logistique, de l\u2019a\u00e9ronautique et les nouvelles technologies. Cette vision devait se concr\u00e9tiser dans un horizon d\u2019une trentaine d\u2019ann\u00e9es. L\u2019an 2000 fut choisi comme horizon raisonnable.<\/p>\n<p>Pour pouvoir atteindre ces objectifs, tout un programme coh\u00e9rent de r\u00e9formes fut mis en place.<\/p>\n<p>Cela couvrait tous les domaines, dont en particulier l\u2019\u00e9ducation et la lutte contre la corruption qui \u00e9taient pour lui des piliers fondamentaux. Il fallait avoir une soci\u00e9t\u00e9 ouverte et bien \u00e9duqu\u00e9e, une \u00e9conomie bas\u00e9e sur le savoir et des dirigeants propres, gr\u00e2ce \u00e0 des salaires corrects et des mesures draconiennes de contr\u00f4le.<\/p>\n<p>Au sujet de l\u2019\u00e9ducation, il a\u00a0 d\u00e9cid\u00e9 que pour chaque d\u00e9cennie, l\u2019Etat devait d\u00e9finir les fili\u00e8res prioritaires de formation, afin de s\u2019adapter aux besoins r\u00e9els du pays. Pour les Ann\u00e9es 90, les priorit\u00e9s \u00e9taient l\u2019a\u00e9ronautique et l\u2019informatique.<\/p>\n<p>Donc osons avoir une VISION motivante pour notre ch\u00e8re Tunisie.<\/p>\n<p>Mettons-nous d\u2019accord sur un cap \u00e0 suivre pour que notre pays reprenne son r\u00f4le historique.<\/p>\n<p>Nous avons tendance \u00e0 oublier que sur pr\u00e8s de 3000 ans d\u2019histoire, la Tunisie avait jou\u00e9\u00a0 un r\u00f4le central dans la l\u2019\u00e9poque de Carthage.<\/p>\n<p>D\u2019ailleurs ce leadership fut perdu, \u00e0 plusieurs reprises et la Tunisie a d\u00fb subir plusieurs \u00e9pisodes de crises et de catastrophes, on peut en citer les principales:<\/p>\n<p class=\"c3\"><span class=\"c2\"><strong>\u2022<\/strong><\/span> La guerre des mercenaires qui a failli emporter la r\u00e9publique de Carthage.<\/p>\n<p class=\"c3\"><span class=\"c2\"><strong>\u2022<\/strong><\/span> La destruction de Carthage par Rome.<\/p>\n<p class=\"c3\"><span class=\"c2\"><strong>\u2022<\/strong><\/span> L\u2019invasion Vandale<\/p>\n<p class=\"c3\"><span class=\"c2\"><strong>\u2022<\/strong><\/span> Les guerres multiples et qui ont dur\u00e9, plus de soixante-dix ans, lors de l\u2019arriv\u00e9e des arabes.<\/p>\n<p class=\"c3\"><span class=\"c2\"><strong>\u2022<\/strong><\/span> La chute des Aghlabides<\/p>\n<p class=\"c3\"><span class=\"c2\"><strong>\u2022<\/strong><\/span> L\u2019invasion des B\u00e9ni Hilal<\/p>\n<p class=\"c3\"><span class=\"c2\"><strong>\u2022<\/strong><\/span> La croisade de St Louis et l\u2019\u00e9pid\u00e9mie de peste ou de typhus (les historiens divergent).<\/p>\n<p class=\"c3\"><span class=\"c2\"><strong>\u2022<\/strong><\/span> Les invasions successives de diff\u00e9rentes puissances m\u00e9diterran\u00e9ennes et leurs lots de destructions et de d\u00e9solations.<\/p>\n<p class=\"c3\"><span class=\"c2\"><strong>\u2022<\/strong><\/span> Diff\u00e9rents \u00e9pisodes d\u2019\u00e9pid\u00e9mies, allant de l\u2019\u00e9poque romaine, jusqu\u2019au d\u00e9but du 20\u00e8me si\u00e8cle.<\/p>\n<p class=\"c3\"><span class=\"c2\"><strong>\u2022<\/strong><\/span> La colonisation<\/p>\n<p class=\"c3\"><span class=\"c2\"><strong>\u2022<\/strong><\/span> La 2<sup>\u00e8me<\/sup> guerre mondiale qui a caus\u00e9 la destruction de plusieurs villes tunisiennes.<\/p>\n<p>Or, \u00e0 chaque fois le pays se relevait de ses cendres, tel le ph\u0153nix, pour reprendre son r\u00f4le de Carrefour de la M\u00e9diterran\u00e9e et m\u00eame, souvent de leader.<br \/>A chaque fois le pays avait pu compter sur:<\/p>\n<p class=\"c3\"><span class=\"c2\"><strong>\u2022<\/strong><\/span> Un leadership visionnaire, charismatique et fort.<\/p>\n<p class=\"c3\"><span class=\"c2\"><strong>\u2022\u00a0<\/strong><\/span>Une coh\u00e9sion populaire, ciment\u00e9e par une fiert\u00e9 nationale ancr\u00e9e, m\u00eame chez les populations nouvellement arriv\u00e9es.<\/p>\n<p class=\"c3\"><span class=\"c2\"><strong>\u2022<\/strong><\/span> Une ambition forte soutenue par une vision motivante<\/p>\n<p class=\"c3\"><span class=\"c2\"><strong>\u2022<\/strong><\/span> La conviction qu\u2019il ne fallait pas avoir de choix (il fallait vaincre ou mourir)<\/p>\n<p>Le peuple tunisien \u00e9tait et est encore souvent critiqu\u00e9 pour \u00eatre capable du meilleur et du pire, car il se laisse souvent aller dans des travers d\u2019indiscipline, de manque de loyaut\u00e9 et de respect des gouvernants, de nonchalance, de d\u00e9sir de gains rapides, etc.<\/p>\n<p>Il suffit de lire, pour cela, ce qu\u2019en disait notre sociologue et savant national Ibn Khaldoun.<\/p>\n<p>Mais, c\u2019est ce m\u00eame peuple tunisien, avec ses \u00e9volutions successives, qui a permis de b\u00e2tir la Tunisie que nous connaissons et qui a accept\u00e9 les sacrifices et les souffrances pour sauver le pays, \u00e0 chaque fois que c\u2019\u00e9tait n\u00e9cessaire.<\/p>\n<p>Donc ce peuple sait \u00eatre courageux, altruiste, g\u00e9n\u00e9reux, disciplin\u00e9 et ambitieux, quand on lui indique un chemin clair et qu\u2019on l\u2019encadre bien, dans le respect des lois et des libert\u00e9s et quand on lui donne le bon exemple de probit\u00e9, d\u2019honn\u00eatet\u00e9 morale et de bonne gouvernance.<br \/>Il faut aussi veiller \u00e0 l\u2019\u00e9duquer et \u00e0 bien le former et l\u2019informer.<\/p>\n<p>Malgr\u00e9 une taille, relativement petite, m\u00eame si cela ne fut, toujours, pas le cas, la Tunisie laissa son empreinte partout autour de la M\u00e9diterran\u00e9e.<br \/>Aristote louait la constitution de Carthage et la consid\u00e9rait comme la meilleure du monde.<\/p>\n<p>Carthage \u00e9tait une r\u00e9publique bien avant Rome et avait r\u00e9ussi \u00e0 \u00e9tablir une d\u00e9mocratie r\u00e9elle et \u00e0 garantir des libert\u00e9s qui n\u2019existaient nulle part ailleurs.<br \/>Par ailleurs La Tunisie, \u00e0 travers les si\u00e8cles, a fa\u00e7onn\u00e9 une large partie de la M\u00e9diterran\u00e9e, en construisant des villes et des monuments, en donnant leurs noms \u00e0 plusieurs r\u00e9gions, en impr\u00e9gnant des traditions et des dialectes, en fa\u00e7onnant la cuisine locale (Alg\u00e9rie, Bal\u00e9ares, Espagne, \u00c9gypte, Libye, Malte, Maroc Sardaigne, Sicile, Turquie&#8230;)\u00a0 Et m\u00eame en inspirant des d\u00e9cisions politiques qui persistent, jusqu\u2019\u00e0 aujourd\u2019hui, dans plusieurs pays, dont certains aussi lointains que les \u00e9tats unis (d\u00e9cision de cr\u00e9er la Navy, abolition de l\u2019esclavage).<\/p>\n<p>Donc les h\u00e9sitations pour avoir des ambitions m\u00e9diterran\u00e9ennes et d\u00e9finir une vision, en cons\u00e9quence, n\u2019ont pas lieu d\u2019\u00eatre.<\/p>\n<p>Ceci est d\u2019autant plus vrai, que la crise du Coronavirus est en train d\u2019imposer le besoin de r\u00e9fl\u00e9chir \u00e0 un nouveau mod\u00e8le de d\u00e9veloppement \u00e9conomique mondial.<\/p>\n<p>En effet cette crise, a montr\u00e9 les limites de la d\u00e9localisation et la fragilit\u00e9 de la globalisation, \u00e0 cause de l\u2019hyper concentration des activit\u00e9s industrielles et de sous traitance dans un seul pays. Le mot cluster a \u00e9t\u00e9 beaucoup utilis\u00e9, dans le cadre de l\u2019\u00e9pid\u00e9mie, pour parler de la concentration du virus, osons utiliser ce m\u00eame mot, dans un autre contexte, dans le cadre d\u2019un nouveau mod\u00e8le \u00e9conomique.<\/p>\n<p>Il faut que le monde ait plusieurs clusters \u00e9conomiques quasi-ind\u00e9pendants, mais entretenant des \u00e9changes \u00e9quilibr\u00e9s.<\/p>\n<p>Il ne s\u2019agit pas de casser les \u00e9changes \u00e9conomiques entre les pays, mais, il faut les rendre plus intelligents et plus responsables. Un minimum d\u2019autosuffisance r\u00e9gionale est devenu n\u00e9cessaire.<\/p>\n<p>Il ne sera jamais possible, pour un pays d\u2019\u00eatre autosuffisant pour tout, mais une quasi- autosuffisance r\u00e9gionale est possible.<\/p>\n<p>Dans ce contexte, un cluster m\u00e9diterran\u00e9en devrait voir le jour et il pourrait jouer le r\u00f4le de passerelle entre l\u2019Afrique et l\u2019Europe.<\/p>\n<p>Il ne faut pas oublier que l\u2019Europe va chercher, encore plus qu\u2019avant, un hinterland sud, pour limiter sa d\u00e9pendance vis \u00e0 vis de la Chine et pour supplier au manque de forces vives dont elle soufre, sans rentrer dans un dilemme migratoire complexe et que l\u2019Afrique va avoir, elle aussi, besoin d\u2019une passerelle avec l\u2019Europe, sur tous les plans, sans cr\u00e9er un probl\u00e8me migratoire.<\/p>\n<p>Donc trouver, un carrefour d\u2019\u00e9changes pourrait convenir \u00e0 toutes les parties.<\/p>\n<p>En particulier le Maghreb pourrait donner \u00e0 l\u2019Europe ce dont elle a besoin en mati\u00e8res premiers (y compris les terres rares) et la soulager ainsi d\u2019une d\u00e9pendance de la Chine et d\u2019autres pays qui pourraient, en cas de crises graves, perturber la cha\u00eene d\u2019approvisionnement.<\/p>\n<p>C\u2019est pour cette raison que la vision de la Tunisie devrait aussi comporter un volet maghr\u00e9bin.<\/p>\n<p>Donc, nous avons une opportunit\u00e9 et une l\u00e9gitimit\u00e9 historiques, pour devenir \u00e0 nouveau le carrefour d\u2019\u00e9changes de la M\u00e9diterran\u00e9e.<\/p>\n<p>Mais qui dit carrefour, dit ouverture sur le monde, maitrise, de plusieurs m\u00e9tiers dans des domaines aussi vari\u00e9s que le droit, les finances, la logistique, le transport, la communication, les services.<\/p>\n<p>Il faut donc r\u00e9former :<\/p>\n<p class=\"c3\"><span class=\"c2\"><strong>\u2022<\/strong><\/span> <span class=\"c2\"><strong>L\u2019\u00e9ducation,<\/strong><\/span> pour renforcer l\u2019enseignement de l\u2019expression orale et \u00e9crite, de l\u2019histoire et de la g\u00e9ographie, des langues \u00e9trang\u00e8res, de la culture et inculquer le civisme et l\u2019esprit d\u2019ouverture.<\/p>\n<p class=\"c3\">De plus le syst\u00e8me \u00e9ducatif doit \u00eatre capable de former des juristes, des financiers, des ing\u00e9nieurs, des pilotes, des logisticiens, des m\u00e9decins, et des informaticiens de haut niveau, pour que le carrefour puisse bien fonctionner.<\/p>\n<p class=\"c3\">De plus, comme un carrefour est un lieu de rencontre regroupant des citoyens du monde entier, il faut qu\u2019il soit capable d\u2019assurer des services de qualit\u00e9s dans les domaines de la sant\u00e9, de l\u2019h\u00e9bergement, de l\u2019alimentation, des loisirs. Ce qui exige \u00e0 son tour la disponibilit\u00e9 de personnel hautement qualifi\u00e9.<\/p>\n<p class=\"c3\">L\u2019\u00e9ducation devient ainsi, un pivot important de tout le processus de d\u00e9veloppement, d\u2019autant plus que nous devons nous diriger vers la soci\u00e9t\u00e9 du savoir garante d\u2019une \u00e9conomie du savoir.<\/p>\n<p class=\"c3\"><span class=\"c2\"><strong>\u2022<\/strong><\/span> <span class=\"c2\"><strong>La gouvernance,<\/strong><\/span> pour moderniser les proc\u00e9dures administratives et enlever tous les verrous inutiles accumul\u00e9s, depuis l\u2019\u00e9poque beylicale. Le mal est connu et le rem\u00e8de aussi, il ne manque que la volont\u00e9 de l\u2019administrer.<\/p>\n<p class=\"c3\">Aucun carrefour international ne peut fonctionner avec des r\u00e8gles archa\u00efques et chronophages.<\/p>\n<p class=\"c3\">Pour cela l\u2019une des solutions consiste \u00e0 acc\u00e9l\u00e8re la digitalisation de l\u2019administration.<\/p>\n<p class=\"c3\">Un carrefour est un lieu o\u00f9 les hommes \u00e9changent des id\u00e9es, des cr\u00e9ations artistiques, des biens, des services et de l\u2019argent. Les mots clefs \u00e9tant qualit\u00e9, c\u00e9l\u00e9rit\u00e9, ponctualit\u00e9, s\u00e9curit\u00e9, transparence et tra\u00e7abilit\u00e9. Ceci exige des lois et des r\u00e8gles claires, sans risque de mauvaise interpr\u00e9tation et des fonctionnaires hautement qualifi\u00e9s et au-dessus de tout soup\u00e7on.<\/p>\n<p class=\"c3\"><span class=\"c2\"><strong>\u2022<\/strong><\/span> <span class=\"c2\"><strong>La justice,<\/strong><\/span> pour la rendre plus facile d\u2019acc\u00e8s, plus rapide dans le processus de traitement des dossiers et plus efficace dans l\u2019ex\u00e9cution des sentences. A la vitesse de l\u2019Internet, des d\u00e9lais de plusieurs ann\u00e9es, pour rendre un verdict, sont tout simplement prohibitifs et font fuir tout op\u00e9rateur \u00e9conomique qui se respecte.<\/p>\n<p class=\"c3\"><span class=\"c2\"><strong>\u2022<\/strong><\/span> <span class=\"c2\"><strong>L\u2019infrastructure,<\/strong><\/span> pour la rendre performante et compatible avec le r\u00f4le de carrefour( les zones industrielles, les zones franches, les zones commerciales, les ports , les a\u00e9roports, le r\u00e9seau routier, le r\u00e9seau de chemin de fer, les taxis, le syst\u00e8me de communication, le r\u00e9seau internet, les h\u00f4pitaux, les \u00e9coles, les zones r\u00e9sidentielles, les h\u00f4tels, les restaurants, les r\u00e9seaux de distribution d\u2019\u00e9lectricit\u00e9, d\u2019eau et de gaz, le syst\u00e8me d\u2019\u00e9vacuation des eaux us\u00e9es, les moyens de traitement des d\u00e9chets, les centres de loisirs&#8230;).<\/p>\n<p class=\"c3\"><span class=\"c2\"><strong>\u2022<\/strong><\/span> <span class=\"c2\"><strong>Le syst\u00e8me alimentaire pour assurer un minimum d\u2019autosuffisance,<\/strong><\/span> avec de la qualit\u00e9 et de la tra\u00e7abilit\u00e9 de la production \u00e0 la consommation.<\/p>\n<p class=\"c3\">L\u2019agriculture tunisienne devrait s\u2019adapter aux nouvelles exigences des consommateurs tout en respectant les contraintes \u00e9cologiques et sanitaires, de plus en plus strictes.<\/p>\n<p class=\"c3\">Il faudrait r\u00e9former le syst\u00e8me de production pour arr\u00eater le morcellement, revoir le syst\u00e8me des aides pour \u00e9viter les g\u00e2chis, raccourcir et assainir les circuits de distribution pour supprimer les sp\u00e9culateurs parasites.<\/p>\n<p class=\"c3\">Il faudrait aussi red\u00e9finir la notion d\u2019autosuffisance alimentaire, pour trouver le juste \u00e9quilibre entre importations excessives et gaspillage interne.<\/p>\n<p class=\"c3\"><span class=\"c2\"><strong>\u2022<\/strong><\/span> <span class=\"c2\"><strong>Le syst\u00e8me de sant\u00e9,<\/strong><\/span> pour garantir un acc\u00e8s g\u00e9n\u00e9ralis\u00e9 \u00e0 tous les r\u00e9sidents (citoyens ou immigr\u00e9s), avec des soins de qualit\u00e9 et \u00e0 des co\u00fbts raisonnables.<br \/>Il y a lieu, \u00e0 ce sujet, de retenir les le\u00e7ons de la crise du COVID19 et engager toutes les r\u00e9formes qui sont devenues, d\u00e9sormais, vitales.<\/p>\n<p class=\"c3\"><span class=\"c2\"><strong>\u2022<\/strong><\/span> <span class=\"c2\"><strong>L\u2019\u00c9nergie,<\/strong><\/span> pour avoir un programme ambitieux de transition \u00e9nerg\u00e9tique, afin de renforcer la part des \u00e9nergies renouvelables et b\u00e2tir un \u00e9cosyst\u00e8me complet couvrant toutes les r\u00e9gions.<\/p>\n<p class=\"c3\"><span class=\"c2\"><strong>\u2022<\/strong><\/span> <span class=\"c2\"><strong>La modernisation et simplification des codes des investissements et des imp\u00f4ts,<\/strong><\/span> pour simplifier les proc\u00e9dures et d\u00e9marches pour investissement, clarifier les tranches et les modes de calcul et r\u00e9duire les taux des imp\u00f4ts. Ces r\u00e9formes sont g\u00e9n\u00e9ratrices de revenus suppl\u00e9mentaires et de croissance forte et soutenue, dans les pays carrefours, sans ali\u00e9ner les capacit\u00e9s de contr\u00f4le de l\u2019\u00e9tat.<br \/>Cela contredit, d\u2019une mani\u00e8re flagrante, les d\u00e9fenseurs du statu quo qui font agiter une perte de contr\u00f4le et une chute des recettes.<\/p>\n<p class=\"c3\"><span class=\"c2\"><strong>\u2022<\/strong><\/span> <span class=\"c2\"><strong>Les finances publiques,<\/strong><\/span> pour limiter le niveau d\u2019endettement et assainir les d\u00e9penses de l\u2019\u00e9tat.<br \/>Il n\u2019est pas ridicule d\u2019envisager, constitutionnellement, une limite sup\u00e9rieure d\u2019endettement (50, 55 ou 60% du PIB), qu\u2019aucun gouvernement ne peut d\u00e9passer. Ceci \u00e9viterait d\u2019hypoth\u00e9quer l\u2019avenir des g\u00e9n\u00e9rations futures.<\/p>\n<p class=\"c3\"><span class=\"c2\"><strong>\u2022<\/strong><\/span> <span class=\"c2\"><strong>La digitalisation,<\/strong><\/span> pour moderniser tous les rouages de l\u2019\u00e9tat et am\u00e9liorer les relations entre l\u2019administration et le citoyen ou le r\u00e9sident.<br \/>Il est inutile d\u2019insister sur la priorit\u00e9 qui doit \u00eatre donn\u00e9e \u00e0 la num\u00e9risation. La crise sanitaire a d\u00e9montr\u00e9 l\u2019importance de la ma\u00eetrise des technologies nouvelles (intelligence artificielle, communications multiformes, fiables et de tr\u00e8s bonne qualit\u00e9, gestion rapide d\u2019importantes bases de donn\u00e9es, validation tr\u00e8s rapide par block Chain\u2026).<\/p>\n<p>Notre pays ne pourrait jouer le r\u00f4le de carrefour que s\u2019il pouvait ma\u00eetriser ces nouvelles technologies et les utiliser d\u2019une mani\u00e8re efficace et \u00e0 bon escient.<br \/>Nous avons la chance d\u2019avoir les comp\u00e9tences, ayons la volont\u00e9 et les moyens de nous engager, s\u00e9rieusement, dans cette voie.<\/p>\n<p>Il ne s\u2019agit pas de d\u00e9cliner un programme complet de r\u00e9formes avec tous les d\u00e9tails. Il y a des experts qui ont d\u00e9j\u00e0 planch\u00e9 sur ces diff\u00e9rents domaines et qui pourraient \u00e9laborer un programme complet et coh\u00e9rent, bas\u00e9 sur la vision.<\/p>\n<p>Le plus dur c\u2019est de d\u00e9finir la vision et d\u2019indiquer o\u00f9 nous voulons aller, \u00e0 quel terme et dans quelles conditions, en ayant des indicateurs de progression (KPIs) dans tous les domaines.<\/p>\n<p>Il serait plus facile de motiver le peuple et de l\u2019engager dans les actions de r\u00e9formes et de d\u00e9veloppement, s\u2019il connaissait le but ultime et les \u00e9tapes pour y arriver.<\/p>\n<p>Il nous faut aussi motiver les comp\u00e9tences de l\u2019int\u00e9rieur et de l\u2019ext\u00e9rieur, par des conditions de travail et des r\u00e9mun\u00e9rations ad\u00e9quates.<\/p>\n<p>Pour concr\u00e9tiser une vision, il faut que le r\u00eave qu\u2019elle repr\u00e9sente pour le peuple, devienne une obsession g\u00e9n\u00e9ratrice de cauchemars pour tous ceux qui sont responsables de la r\u00e9aliser. Le peuple doit y adh\u00e9rer et doit \u00eatre aussi l\u2019acteur principal, remplissant sa part du contrat, en ayant une visibilit\u00e9 des diff\u00e9rentes \u00e9tapes \u00e0 franchir. Le peuple ne peut pas \u00eatre un simple spectateur passif. C\u2019est l\u00e0 o\u00f9 r\u00e9side le secret de la r\u00e9ussite.<\/p>\n<p>Arr\u00eatons de nous poser des questions existentialistes et \u00e9vitons de tomber dans les d\u00e9bats st\u00e9riles de basse politique, nous avons la chance d\u2019avoir une nation mature et indivisible qui puise sa force dans ses r\u00e9f\u00e9rentiels historiques et qui doit revendiquer toutes ses racines sans exceptions.<\/p>\n<p>Il y en a une qui est tr\u00e8s importante et qui a plac\u00e9 la Tunisie dans l\u2019histoire du monde, c\u2019est Carthage, alors mettons le cap sur Carthage pour retrouver notre place centrale.<\/p>\n<p>Mettre le cap sur Carthage est un acte int\u00e9grateur et protecteur.<\/p>\n<p>Carthage est la r\u00e9f\u00e9rence en mati\u00e8re de r\u00e9publique d\u00e9mocratique et constitutionnelle.<\/p>\n<p>Donc aller vers Carthage consolide les acquis de la r\u00e9volution.<\/p>\n<p>Carthage la punique est un m\u00e9lange r\u00e9ussi de la culture amazigh et de la culture ph\u00e9nicienne qui a ouvert la route \u00e0 la culture arabe. N\u2019oublions pas que l\u2019Arabe et le ph\u00e9nicien sont deux langues tr\u00e8s proches.<\/p>\n<p>Donc aller vers Carthage ne remet pas en cause nos racines et notre culture.<\/p>\n<p>Carthage \u00e9t\u00e9 le promoteur des rapprochements entre les peuples d\u2019Afrique du Nord, dans un concept f\u00e9d\u00e9rateur et non colonisateur.<\/p>\n<p>Donc aller vers Carthage encourage la r\u00e9gionalisation et favorise une r\u00e9partition plus \u00e9quitable des richesses.<\/p>\n<p>Carthage a \u00e9t\u00e9 le centre qui a dynamis\u00e9 les \u00e9changes en M\u00e9diterran\u00e9e, en rapprochant les peuples du pourtour de cette mer qui est plus carthaginoise\/ tunisienne que romaine.<\/p>\n<p>Carthage a \u00e9t\u00e9 le pr\u00e9curseur du commerce international moderne, avec les lettres de change, les lettres de cr\u00e9dit, les transactions boursi\u00e8res, &#8230;<\/p>\n<p>Carthage a \u00e9t\u00e9 lib\u00e9rale en mati\u00e8re de diffusion des connaissances et a \u00e9t\u00e9 connue pour sa tol\u00e9rance religieuse. Plusieurs peuples vivaient sur ses territoires et chacun \u00e9tait libre de pratiquer sa religion (le premier refuge des juifs, hors du moyen orient \u00e9tait l\u2019actuelle Tunisie, du temps de Carthage, au milieu du sixi\u00e8me si\u00e8cle avant J\u00e9sus).<\/p>\n<p>C\u2019est notre destin\u00e9e et notre fiert\u00e9 que d\u2019avoir une vision aussi ambitieuse et motivante : revenir \u00e0 la splendeur de Carthage.<\/p>\n<p>C\u2019est peut-\u00eatre un r\u00eave, mais nous pouvons le r\u00e9aliser si nous avons la volont\u00e9 de le faire.<\/p>\n<p>N\u2019oublions pas : une vision est un r\u00eave qui se r\u00e9alise, gr\u00e2ce, \u00e0 la volont\u00e9 des hommes.<\/p>\n<p class=\"c4\"><strong>Habib Fekih<\/strong><\/p>\n<p>\u00a0\u00a0\u00a0\u00a0\u00a0\u00a0\u00a0\u00a0\u00a0\u00a0\u00a0\u00a0\u00a0\u00a0\u00a0\u00a0\u00a0\u00a0\u00a0\u00a0\u00a0\u00a0\u00a0\u00a0\u00a0\u00a0\u00a0\u00a0\u00a0\u00a0\u00a0\u00a0\u00a0\u00a0\u00a0\u00a0\u00a0\u00a0\u00a0<br \/>\u00a0<\/p>\n<p>Auteur:<br \/>\n<a href=\"https:\/\/www.leaders.com.tn\/article\/30006-habib-fekih-cap-sur-carthage\">Cliquez ici pour lire l&rsquo;article depuis sa source.<\/a><\/p>\n","protected":false},"excerpt":{"rendered":"<p>La crise du Corona virus s\u00e9vit depuis plus de trois mois, en ravageant l\u2019\u00e9conomie, d\u2019une mani\u00e8re que tous les experts s\u2019accordent \u00e0 d\u00e9crire comme la plus d\u00e9vastatrice, depuis la crise de 1929. En Tunisie, les diff\u00e9rents indicateurs montrent, du moins jusqu\u2019\u00e0 maintenant, que la crise sanitaire, ne serait pas aussi grave que celle s\u00e9vissant en [&hellip;]<\/p>\n","protected":false},"author":1772,"featured_media":0,"comment_status":"closed","ping_status":"closed","sticky":false,"template":"","format":"standard","meta":{"fifu_image_url":"","fifu_image_alt":"","footnotes":""},"categories":[73,55],"tags":[],"class_list":["post-86853","post","type-post","status-publish","format-standard","hentry","category-actualite","category-tunisie"],"_links":{"self":[{"href":"https:\/\/linitiative.ca\/International\/wp-json\/wp\/v2\/posts\/86853","targetHints":{"allow":["GET"]}}],"collection":[{"href":"https:\/\/linitiative.ca\/International\/wp-json\/wp\/v2\/posts"}],"about":[{"href":"https:\/\/linitiative.ca\/International\/wp-json\/wp\/v2\/types\/post"}],"author":[{"embeddable":true,"href":"https:\/\/linitiative.ca\/International\/wp-json\/wp\/v2\/users\/1772"}],"replies":[{"embeddable":true,"href":"https:\/\/linitiative.ca\/International\/wp-json\/wp\/v2\/comments?post=86853"}],"version-history":[{"count":0,"href":"https:\/\/linitiative.ca\/International\/wp-json\/wp\/v2\/posts\/86853\/revisions"}],"wp:attachment":[{"href":"https:\/\/linitiative.ca\/International\/wp-json\/wp\/v2\/media?parent=86853"}],"wp:term":[{"taxonomy":"category","embeddable":true,"href":"https:\/\/linitiative.ca\/International\/wp-json\/wp\/v2\/categories?post=86853"},{"taxonomy":"post_tag","embeddable":true,"href":"https:\/\/linitiative.ca\/International\/wp-json\/wp\/v2\/tags?post=86853"}],"curies":[{"name":"wp","href":"https:\/\/api.w.org\/{rel}","templated":true}]}}