{"id":86854,"date":"2020-05-27T06:21:00","date_gmt":"2020-05-27T10:21:00","guid":{"rendered":"https:\/\/linitiative.ca\/International\/un-pont-aerien-pour-rapatrier-les-francais-de-passage-en-tunisie-algerie-et-au-maroc\/"},"modified":"2020-05-27T06:21:00","modified_gmt":"2020-05-27T10:21:00","slug":"un-pont-aerien-pour-rapatrier-les-francais-de-passage-en-tunisie-algerie-et-au-maroc","status":"publish","type":"post","link":"https:\/\/linitiative.ca\/International\/un-pont-aerien-pour-rapatrier-les-francais-de-passage-en-tunisie-algerie-et-au-maroc\/","title":{"rendered":"Un pont a\u00e9rien pour rapatrier les Fran\u00e7ais de passage en Tunisie, Alg\u00e9rie et au Maroc"},"content":{"rendered":"<p>Le ministre fran\u00e7ais des Affaires \u00e9trang\u00e8res, Jean-Yves Le Drian a indiqu\u00e9\u00a0 ce mercredi 27 mai que les efforts d\u00e9ploy\u00e9s depuis la mi-mars par son pays ont d\u00e9j\u00e0 permis le rapatriement de tr\u00e8s nombreux Fran\u00e7ais de passage au Maroc, en Tunisie et en Alg\u00e9rie malgr\u00e9 \u00ab\u00a0un contexte exceptionnel et totalement in\u00e9dit de fermetures de fronti\u00e8res, d&rsquo;a\u00e9roports, de trafic a\u00e9rien, de circulation, d\u00e9cid\u00e9es par ces pays en raison de la pand\u00e9mie\u00a0\u00bb. \u00ab\u00a0Nous avons agi sans rel\u00e2che pour r\u00e9aliser ces op\u00e9rations en coordination avec les autorit\u00e9s de ces pays, les compagnies a\u00e9riennes et maritimes et gr\u00e2ce \u00e0 la mobilisation exceptionnelle de nos ambassades et consulats\u00a0\u00bb, a-t-il ajout\u00e9.<\/p>\n<p>Au Maroc, 200 vols ont permis \u00e0 plus de 30 000 Fran\u00e7ais de revenir. 2 400 camping-caristes ont pu rentrer via trois ferries de Tanger Med et par Ceuta, depuis le 13 mars.<\/p>\n<p>En Alg\u00e9rie, 46 vols ont pu partir depuis la fermeture des liaisons a\u00e9riennes, permettant \u00e0 plus de 8 000 personnes de rentrer en France depuis le 17 mars.<br \/>En Tunisie, 105 vols ont permis le retour de plus de 18 000 Fran\u00e7ais et un ferry a permis \u00e0 460 personnes de revenir en France.<\/p>\n<p>Il a indiqu\u00e9 que son pays \u00e9tait toujours mobilis\u00e9 pour trouver une solution de retour qui concerne d&rsquo;autres citoyens fran\u00e7ais r\u00e9sidents notamment, au Maroc, ayant manifest\u00e9 le souhait de rentrer en France depuis quelques semaines : \u00ab\u00a0Nous avons donc encore accentu\u00e9 nos efforts pour ces Fran\u00e7ais qui sont parfois dans une situation difficile\u00a0\u00bb.<\/p>\n<p>\u00ab\u00a0En Alg\u00e9rie, nous avons travaill\u00e9 avec Air France pour un triplement des vols de la compagnie a\u00e9rienne au d\u00e9part d&rsquo;Alger, soit trois vols quotidiens, d\u00e8s le 27 mai, outre son vol hebdomadaire depuis Oran. En \u00e9troite coop\u00e9ration avec les autorit\u00e9s fran\u00e7aises et alg\u00e9riennes, ASL Airlines France organise un vol sp\u00e9cial de retour au d\u00e9part d&rsquo;Alger vers Paris les 27, 28, 29, 30 et 31 mai 2020. En lien avec les autorit\u00e9s alg\u00e9riennes, nous travaillons \u00e0 d&rsquo;autres liaisons, notamment \u00e0 destination de villes de province en France. Une liaison maritime Corsica Linea entre Alger et Marseille est pr\u00e9vue le 1er juin, avec un bateau de forte capacit\u00e9 (travers\u00e9e pour plus de 1000 passagers et plusieurs centaines de v\u00e9hicules). D&rsquo;autres liaisons maritimes sont envisag\u00e9es dans la premi\u00e8re quinzaine de juin\u00a0\u00bb.<\/p>\n<p>\u00ab\u00a0Au Maroc, une dizaine de liaisons maritimes seront organis\u00e9es dans les 15 prochains jours. Ce soir 26 mai, un bateau part pour S\u00e8te avec 462 Fran\u00e7ais \u00e0 bord, demain un autre pour Marseille avec 509 Fran\u00e7ais. La semaine prochaine des travers\u00e9es sont pr\u00e9vues pour Malaga, S\u00e8te et Marseille. Les travers\u00e9es qui aboutiront \u00e0 Malaga permettront, avec l&rsquo;autorisation des autorit\u00e9s espagnoles, pour les camping-caristes en particulier s&rsquo;ils restent sur l&rsquo;autoroute, de rentrer en France sans effectuer de quatorzaine. En lien avec les autorit\u00e9s marocaines, nous travaillons \u00e9galement \u00e0 augmenter les vols au d\u00e9part du Maroc, au rythme de 8 par semaine actuellement, contre 2 par semaine d\u00e9but avril.<\/p>\n<p>\u00ab\u00a0En Tunisie, un vol hebdomadaire entre Tunis et Paris est assur\u00e9 et nous travaillons avec les autorit\u00e9s locales \u00e0 l&rsquo;ouverture de liaisons a\u00e9riennes suppl\u00e9mentaires. Par ailleurs, une travers\u00e9e maritime entre Tunis et Marseille est pr\u00e9vue le 3 juin. Nous travaillons en lien avec les op\u00e9rateurs et les autorit\u00e9s locales \u00e0 la mise en place d&rsquo;autres travers\u00e9es dans la premi\u00e8re quinzaine du mois de juin\u00a0\u00bb.<\/p>\n<p>Le ministre estime\u00a0 que dans les quinze jours \u00e0 venir, ce seront donc des solutions de retour pour plus de 15 000 personnes qui seront disponibles au d\u00e9part de ces 3 pays du Maghreb :\u00a0\u00bb Alg\u00e9rie, Maroc et Tunisie, avec l&rsquo;appui des autorit\u00e9s de ces pays, que nous remercions. Des possibilit\u00e9s de retours par voie a\u00e9rienne et maritime continueront \u00e0 \u00eatre disponibles au-del\u00e0\u00a0\u00bb. \/.<\/p>\n<p><strong>Lire aussi<\/strong><\/p>\n<p><a href=\"https:\/\/www.leaders.com.tn\/article\/29951-que-faisait-l-ambassadeur-de-france-olivier-poivre-d-arvor-dimanche-au-port-de-la-goulette-operation-retour-en-france-de-tunisiens-bloques-par-le-confinement-video-et-photos\" target=\"_blank\" rel=\"noopener noreferrer\">Que faisait l\u2019ambassadeur de France, Olivier Poivre d\u2019Arvor, dimanche au port de La Goulette : Op\u00e9ration retour en France de Tunisiens bloqu\u00e9s par le confinement (Vid\u00e9o et Photos)<\/a><\/p>\n<p>Auteur:<br \/>\n<a href=\"https:\/\/www.leaders.com.tn\/article\/30002-un-pont-aerien-pour-rapatrier-les-francais-de-passage-en-tunisie-algerie-et-au-maroc\">Cliquez ici pour lire l&rsquo;article depuis sa source.<\/a><\/p>\n","protected":false},"excerpt":{"rendered":"<p>Le ministre fran\u00e7ais des Affaires \u00e9trang\u00e8res, Jean-Yves Le Drian a indiqu\u00e9\u00a0 ce mercredi 27 mai que les efforts d\u00e9ploy\u00e9s depuis la mi-mars par son pays ont d\u00e9j\u00e0 permis le rapatriement de tr\u00e8s nombreux Fran\u00e7ais de passage au Maroc, en Tunisie et en Alg\u00e9rie malgr\u00e9 \u00ab\u00a0un contexte exceptionnel et totalement in\u00e9dit de fermetures de fronti\u00e8res, d&rsquo;a\u00e9roports, [&hellip;]<\/p>\n","protected":false},"author":1772,"featured_media":0,"comment_status":"closed","ping_status":"closed","sticky":false,"template":"","format":"standard","meta":{"fifu_image_url":"","fifu_image_alt":"","footnotes":""},"categories":[73,55],"tags":[],"class_list":["post-86854","post","type-post","status-publish","format-standard","hentry","category-actualite","category-tunisie"],"_links":{"self":[{"href":"https:\/\/linitiative.ca\/International\/wp-json\/wp\/v2\/posts\/86854","targetHints":{"allow":["GET"]}}],"collection":[{"href":"https:\/\/linitiative.ca\/International\/wp-json\/wp\/v2\/posts"}],"about":[{"href":"https:\/\/linitiative.ca\/International\/wp-json\/wp\/v2\/types\/post"}],"author":[{"embeddable":true,"href":"https:\/\/linitiative.ca\/International\/wp-json\/wp\/v2\/users\/1772"}],"replies":[{"embeddable":true,"href":"https:\/\/linitiative.ca\/International\/wp-json\/wp\/v2\/comments?post=86854"}],"version-history":[{"count":0,"href":"https:\/\/linitiative.ca\/International\/wp-json\/wp\/v2\/posts\/86854\/revisions"}],"wp:attachment":[{"href":"https:\/\/linitiative.ca\/International\/wp-json\/wp\/v2\/media?parent=86854"}],"wp:term":[{"taxonomy":"category","embeddable":true,"href":"https:\/\/linitiative.ca\/International\/wp-json\/wp\/v2\/categories?post=86854"},{"taxonomy":"post_tag","embeddable":true,"href":"https:\/\/linitiative.ca\/International\/wp-json\/wp\/v2\/tags?post=86854"}],"curies":[{"name":"wp","href":"https:\/\/api.w.org\/{rel}","templated":true}]}}