{"id":86855,"date":"2020-05-27T06:40:00","date_gmt":"2020-05-27T10:40:00","guid":{"rendered":"https:\/\/linitiative.ca\/International\/le-conflit-israelo-palestinien-est-il-condamne-a-seterniser\/"},"modified":"2020-05-27T06:40:00","modified_gmt":"2020-05-27T10:40:00","slug":"le-conflit-israelo-palestinien-est-il-condamne-a-seterniser","status":"publish","type":"post","link":"https:\/\/linitiative.ca\/International\/le-conflit-israelo-palestinien-est-il-condamne-a-seterniser\/","title":{"rendered":"Le conflit isra\u00e9lo-palestinien est-il condamn\u00e9 \u00e0 s\u2019\u00e9terniser ?"},"content":{"rendered":"<p><span class=\"c2\"><em><strong><img decoding=\"async\" src=\"\/uploads\/FCK_files\/Samir-Gharbi(11).jpg\" alt=\"\" width=\"30%\" vspace=\"5\" hspace=\"5\" align=\"right\"\/>Par Samir Gharbi &#8211;<\/strong><\/em><\/span> Ce conflit end\u00e9mique \u2014depuis plus d\u2019un si\u00e8cle\u2014 a \u00e9t\u00e9 banalis\u00e9 par la guerre contre le terrorisme et les multiples guerres qui ont \u00e9clat\u00e9 dans la r\u00e9gion du Moyen-Orient depuis la fin de la Seconde Guerre mondiale, les plus r\u00e9centes \u00e9tant celles du Y\u00e9men, de la Syrie\u2026<\/p>\n<p>Or, le conflit isra\u00e9lo-palestinien est dramatique parce qu\u2019il semble sans fin\u2026 Et qu\u2019il attise les passions d\u00e8s qu\u2019on l\u2019\u00e9voque sous l\u2019angle des faits alors que les Isra\u00e9liens (sionistes) et leurs alli\u00e9s le ram\u00e8nent uniquement au plan divin : c\u2019est Dieu qui a donn\u00e9, selon la Bible h\u00e9bra\u00efque, cette terre (du Nil \u00e0 l\u2019Euphrate au sens le plus large) aux descendants d\u2019Abraham il y a de cela plus de 5 000 ans\u2026<\/p>\n<p>Aujourd\u2019hui, il y a un mouvement de Juifs antisionistes et de gens de paix qui, sans nier le droit d\u2019Isra\u00ebl \u00e0 exister comme un Etat avec des fronti\u00e8res reconnues, protestent contre la colonisation non-stop des terres appartenant aux Palestiniens.<\/p>\n<p>Pour expliquer, sans a priori id\u00e9ologique ou religieux, les faits qui ont produit cet encha\u00eenement diabolique, il est n\u00e9cessaire de remonter aux sources du conflit. Un conflit qui a vu un peuple revenir apr\u00e8s 2 000 ans d\u2019exil pour chasser le peuple qui avait pris sa place\u2026 L\u2019adage disant \u00ab qui part \u00e0 la chasse (ou ailleurs) perd sa place \u00bb ne s\u2019applique pas aux sionistes (adeptes d\u2019une id\u00e9ologie politico-religieuse, similaire \u00e0 l\u2019islamisme). Les sionistes ne doivent pas \u00eatre confondus avec les H\u00e9breux, tout comme les islamistes ne doivent pas l\u2019\u00eatre avec les musulmans.<br \/>\u00a0<\/p>\n<p class=\"c3\"><strong>Samir Gharbi<\/strong><\/p>\n<p class=\"c4\"><strong>Lire aussi<\/strong><\/p>\n<p class=\"c4\"><strong>\u2022 <a href=\"https:\/\/www.leaders.com.tn\/article\/29999-aux-origines-etaient-les-philistins\" target=\"_blank\" rel=\"noopener noreferrer\">Palestine : aux origines \u00e9taient les Philistins<\/a><\/strong><\/p>\n<p class=\"c4\"><strong>\u2022 <a href=\"https:\/\/www.leaders.com.tn\/article\/29977-les-populations-a-la-loupe-celles-des-palestiniens-et-des-israeliens\" target=\"_blank\" rel=\"noopener noreferrer\">Une population \u00e0 la loupe&#8230; celles des Palestiniens et des Isra\u00e9liens<\/a><\/strong><a href=\"https:\/\/www.leaders.com.tn\/article\/29977-les-populations-a-la-loupe-celles-des-palestiniens-et-des-israeliens\" target=\"_blank\" rel=\"noopener noreferrer\"><br \/><\/a><\/p>\n<p class=\"c4\"><strong>\u2022 <a href=\"https:\/\/www.leaders.com.tn\/article\/29975-palestine-israel-un-conflit-de-100-ans\" target=\"_blank\" rel=\"noopener noreferrer\">Dossier \u2022 Palestine &#8211; Isra\u00ebl: Un conflit de 100 ans<\/a><br \/><\/strong><\/p>\n<p><strong>\u2022<\/strong> <a href=\"https:\/\/www.leaders.com.tn\/article\/29983-jerusalem-mutilee-par-les-guerres\" target=\"_blank\" rel=\"noopener noreferrer\"><strong>J\u00e9rusalem mutil\u00e9e par les guerres\u2026<\/strong><\/a><\/p>\n<p><strong>\u2022 <a href=\"https:\/\/www.leaders.com.tn\/article\/29985-tom-segev-en-fait-nous-sommes-une-mosaique-composee-d-identites-disparates\" target=\"_blank\" rel=\"noopener noreferrer\">Le journaliste isra\u00e9lien Tom Segev : nous sommes une mosa\u00efque compos\u00e9e d\u2019identit\u00e9s disparates<\/a><\/strong><\/p>\n<p>Auteur:<br \/>\n<a href=\"https:\/\/www.leaders.com.tn\/article\/30003-le-conflit-israelo-palestinien-est-il-condamne-a-s-eterniser\">Cliquez ici pour lire l&rsquo;article depuis sa source.<\/a><\/p>\n","protected":false},"excerpt":{"rendered":"<p>Par Samir Gharbi &#8211; Ce conflit end\u00e9mique \u2014depuis plus d\u2019un si\u00e8cle\u2014 a \u00e9t\u00e9 banalis\u00e9 par la guerre contre le terrorisme et les multiples guerres qui ont \u00e9clat\u00e9 dans la r\u00e9gion du Moyen-Orient depuis la fin de la Seconde Guerre mondiale, les plus r\u00e9centes \u00e9tant celles du Y\u00e9men, de la Syrie\u2026 Or, le conflit isra\u00e9lo-palestinien est [&hellip;]<\/p>\n","protected":false},"author":1772,"featured_media":86856,"comment_status":"closed","ping_status":"closed","sticky":false,"template":"","format":"standard","meta":{"fifu_image_url":"","fifu_image_alt":"","footnotes":""},"categories":[73,55],"tags":[],"class_list":["post-86855","post","type-post","status-publish","format-standard","has-post-thumbnail","hentry","category-actualite","category-tunisie"],"_links":{"self":[{"href":"https:\/\/linitiative.ca\/International\/wp-json\/wp\/v2\/posts\/86855","targetHints":{"allow":["GET"]}}],"collection":[{"href":"https:\/\/linitiative.ca\/International\/wp-json\/wp\/v2\/posts"}],"about":[{"href":"https:\/\/linitiative.ca\/International\/wp-json\/wp\/v2\/types\/post"}],"author":[{"embeddable":true,"href":"https:\/\/linitiative.ca\/International\/wp-json\/wp\/v2\/users\/1772"}],"replies":[{"embeddable":true,"href":"https:\/\/linitiative.ca\/International\/wp-json\/wp\/v2\/comments?post=86855"}],"version-history":[{"count":0,"href":"https:\/\/linitiative.ca\/International\/wp-json\/wp\/v2\/posts\/86855\/revisions"}],"wp:featuredmedia":[{"embeddable":true,"href":"https:\/\/linitiative.ca\/International\/wp-json\/"}],"wp:attachment":[{"href":"https:\/\/linitiative.ca\/International\/wp-json\/wp\/v2\/media?parent=86855"}],"wp:term":[{"taxonomy":"category","embeddable":true,"href":"https:\/\/linitiative.ca\/International\/wp-json\/wp\/v2\/categories?post=86855"},{"taxonomy":"post_tag","embeddable":true,"href":"https:\/\/linitiative.ca\/International\/wp-json\/wp\/v2\/tags?post=86855"}],"curies":[{"name":"wp","href":"https:\/\/api.w.org\/{rel}","templated":true}]}}