{"id":86858,"date":"2020-05-27T08:31:00","date_gmt":"2020-05-27T12:31:00","guid":{"rendered":"https:\/\/linitiative.ca\/International\/lassociation-nous-tous-prepare-un-programme-de-celebration-de-loeuvre-dalbert-memmi\/"},"modified":"2020-05-27T08:31:00","modified_gmt":"2020-05-27T12:31:00","slug":"lassociation-nous-tous-prepare-un-programme-de-celebration-de-loeuvre-dalbert-memmi","status":"publish","type":"post","link":"https:\/\/linitiative.ca\/International\/lassociation-nous-tous-prepare-un-programme-de-celebration-de-loeuvre-dalbert-memmi\/","title":{"rendered":"L\u2019association \u00ab\u00a0Nous Tous\u00a0\u00bb pr\u00e9pare un programme de c\u00e9l\u00e9bration de l\u2019\u0153uvre d\u2019Albert Memmi"},"content":{"rendered":"<p>L\u2019association \u00ab\u00a0Nous Tous\u00a0\u00bb a annonc\u00e9 mettre au programme de ses prochaines activit\u00e9s une manifestation litt\u00e9raire et culturelle pour rendre compte des diff\u00e9rentes facettes d\u2019Albert Memmi qui vient de d\u00e9c\u00e9der. Dans un communiqu\u00e9 sign\u00e9 par Rabaa Ben Achour, l&rsquo;association entend c\u00e9l\u00e9brer \u00ab\u00a0l\u2019homme (journaliste, enseignant, sociologue, \u00e9crivain) et revenir sur une \u0153uvre qui t\u00e9moigne d\u2019un regard aigu et tourment\u00e9 sur une \u00e9poque de conflits et de transformations. Sa r\u00e9ception marginale par les intellectuels maghr\u00e9bins, dont il fait naturellement partie, est l\u2019une des ambigu\u00eft\u00e9s \u00e0 interroger.\u00a0\u00bb<\/p>\n<p>Albert Memmi \u00e9crit \u00ab\u00a0Nous Tous\u00a0\u00bb a alli\u00e9 une r\u00e9flexion sur la colonisation et la condition de juif, avec une connaissance intime de la Tunisie et une expression litt\u00e9raire impr\u00e9gn\u00e9e des d\u00e9chirures qu\u2019il a v\u00e9cues.<\/p>\n<p>Son premier roman, La statue de sel publi\u00e9 en 1953 est pr\u00e9fac\u00e9 par Albert Camus et son premier essai Portrait du colonis\u00e9 pr\u00e9c\u00e9d\u00e9 du portrait du colonisateur datant de 1957 (pr\u00e9fac\u00e9 par Jean-Paul Sartre) est devenu un classique. Ces deux ouvrages inaugurent une \u0153uvre prolifique &#8211; faite de romans, d\u2019essais, de journaux- qui abordent les th\u00e8mes du racisme, de l\u2019ali\u00e9nation et de l\u2019identit\u00e9.\u00a0<\/p>\n<p><strong>Lire aussi<\/strong><\/p>\n<p><a href=\"https:\/\/www.leaders.com.tn\/article\/29991-hedi-bouraoui-albert-memmi-un-fondateur-d-une-francophonie-plurielle\" target=\"_blank\" rel=\"noopener noreferrer\">H\u00e9di Bouraoui &#8211; Albert Memmi : un fondateur d\u2019une francophonie plurielle<\/a><br \/><a href=\"https:\/\/www.leaders.com.tn\/article\/29986-albert-memmi-est-decede-la-tunisie-perd-en-lui-l-un-de-ses-illustres-ecrivains\" target=\"_blank\" rel=\"noopener noreferrer\">Albert Memmi est d\u00e9c\u00e9d\u00e9 : la Tunisie perd en lui l\u2019un de ses illustres \u00e9crivains<\/a><br \/><a href=\"https:\/\/www.leaders.com.tn\/article\/29987-samir-marzouki-mort-d-albert-memmi-le-tunisien-tourmente\" target=\"_blank\" rel=\"noopener noreferrer\">Samir Marzouki &#8211; Mort d\u2019Albert Memmi, le Tunisien tourment\u00e9<\/a><br \/>\u00a0<\/p>\n<p>Auteur:<br \/>\n<a href=\"https:\/\/www.leaders.com.tn\/article\/30005-l-association-nous-tous-prepare-un-programme-de-celebration-de-l-oeuvre-d-albert-memmi\">Cliquez ici pour lire l&rsquo;article depuis sa source.<\/a><\/p>\n","protected":false},"excerpt":{"rendered":"<p>L\u2019association \u00ab\u00a0Nous Tous\u00a0\u00bb a annonc\u00e9 mettre au programme de ses prochaines activit\u00e9s une manifestation litt\u00e9raire et culturelle pour rendre compte des diff\u00e9rentes facettes d\u2019Albert Memmi qui vient de d\u00e9c\u00e9der. Dans un communiqu\u00e9 sign\u00e9 par Rabaa Ben Achour, l&rsquo;association entend c\u00e9l\u00e9brer \u00ab\u00a0l\u2019homme (journaliste, enseignant, sociologue, \u00e9crivain) et revenir sur une \u0153uvre qui t\u00e9moigne d\u2019un regard aigu [&hellip;]<\/p>\n","protected":false},"author":1772,"featured_media":0,"comment_status":"closed","ping_status":"closed","sticky":false,"template":"","format":"standard","meta":{"fifu_image_url":"","fifu_image_alt":"","footnotes":""},"categories":[73,55],"tags":[],"class_list":["post-86858","post","type-post","status-publish","format-standard","hentry","category-actualite","category-tunisie"],"_links":{"self":[{"href":"https:\/\/linitiative.ca\/International\/wp-json\/wp\/v2\/posts\/86858","targetHints":{"allow":["GET"]}}],"collection":[{"href":"https:\/\/linitiative.ca\/International\/wp-json\/wp\/v2\/posts"}],"about":[{"href":"https:\/\/linitiative.ca\/International\/wp-json\/wp\/v2\/types\/post"}],"author":[{"embeddable":true,"href":"https:\/\/linitiative.ca\/International\/wp-json\/wp\/v2\/users\/1772"}],"replies":[{"embeddable":true,"href":"https:\/\/linitiative.ca\/International\/wp-json\/wp\/v2\/comments?post=86858"}],"version-history":[{"count":0,"href":"https:\/\/linitiative.ca\/International\/wp-json\/wp\/v2\/posts\/86858\/revisions"}],"wp:attachment":[{"href":"https:\/\/linitiative.ca\/International\/wp-json\/wp\/v2\/media?parent=86858"}],"wp:term":[{"taxonomy":"category","embeddable":true,"href":"https:\/\/linitiative.ca\/International\/wp-json\/wp\/v2\/categories?post=86858"},{"taxonomy":"post_tag","embeddable":true,"href":"https:\/\/linitiative.ca\/International\/wp-json\/wp\/v2\/tags?post=86858"}],"curies":[{"name":"wp","href":"https:\/\/api.w.org\/{rel}","templated":true}]}}