{"id":86862,"date":"2020-05-27T15:39:10","date_gmt":"2020-05-27T19:39:10","guid":{"rendered":"https:\/\/linitiative.ca\/International\/coronavirus-une-nouvelle-tranche-daides-aux-menages-de-linformel\/"},"modified":"2020-05-27T15:39:10","modified_gmt":"2020-05-27T19:39:10","slug":"coronavirus-une-nouvelle-tranche-daides-aux-menages-de-linformel","status":"publish","type":"post","link":"https:\/\/linitiative.ca\/International\/coronavirus-une-nouvelle-tranche-daides-aux-menages-de-linformel\/","title":{"rendered":"Coronavirus:  Une nouvelle tranche d\u2019aides aux m\u00e9nages de l\u2019informel"},"content":{"rendered":"<p><strong>A partir du jeudi 28 mai 2020, les m\u00e9nages de l\u2019informel, dont les r\u00e9clamations (effectu\u00e9es via la plateforme www.tadamoncovid.ma) ont \u00e9t\u00e9 accept\u00e9es, commenceront \u00e0 toucher les aides n\u00e9cessaires.<\/strong><\/p>\n<div class=\"c10\"\/>\n<p>Bonne nouvelle pour les m\u00e9nages de l\u2019informel. En effet, les r\u00e9centes r\u00e9clamations effectu\u00e9es par ces m\u00e9nages ont \u00e9t\u00e9 prises en consid\u00e9ration par le <strong>Comit\u00e9 de veille \u00e9conomique<\/strong> (CVE). On apprend que pr\u00e8s de deux millions de r\u00e9clamations de la part des m\u00e9nages du secteur de \u00a0l\u2019informel ont \u00e9t\u00e9 enregistr\u00e9es via la plateforme www.tadamoncovid.ma et que ces requ\u00eates ont fait l\u2019objet d\u2019un <strong>traitement<\/strong> diligent tenant compte des nouveaux \u00e9l\u00e9ments de justification apport\u00e9s par les r\u00e9clamants.<\/p>\n<p>Lire aussi: <a href=\"https:\/\/www.challenge.ma\/le-sud-africain-pic-prend-une-participation-de-13-dans-aradei-capital-141918\/\">Le sud-africain PIC prend une participation dans Aradei Capital<\/a><\/p>\n<p>On note \u00e9galement qu\u2019au 27 mai, 800 000 demandes ont \u00e9t\u00e9 accept\u00e9es, 400000 ont \u00e9t\u00e9 rejet\u00e9es et 800 000 sont actuellement \u00e0 l\u2019\u00e9tude. Ainsi, pour les dossiers accept\u00e9s, des messages de retrait de l\u2019aide provisoire\u00a0 seront transmis sur les t\u00e9l\u00e9phones portables des chefs de m\u00e9nages \u00e0 partir du jeudi 28 mai.<\/p>\n<div class=\"c17\">\n<fieldset class=\"c16\">\n<legend><strong><span class=\"c11\">Challenge<\/span><span class=\"c12\">news<\/span><\/strong><\/legend>\n<div class=\"c15\">Le meilleur de Challenge s\u00e9lectionn\u00e9 par la r\u00e9daction :<\/p>\n<\/div>\n<\/fieldset>\n<\/div>\n<p>Auteur: challenge<br \/>\n<a href=\"https:\/\/www.challenge.ma\/coronavirus-une-nouvelle-tranche-daides-aux-menages-de-linformel-141970\/\">Cliquez ici pour lire l&rsquo;article depuis sa source.<\/a><\/p>\n","protected":false},"excerpt":{"rendered":"<p>A partir du jeudi 28 mai 2020, les m\u00e9nages de l\u2019informel, dont les r\u00e9clamations (effectu\u00e9es via la plateforme www.tadamoncovid.ma) ont \u00e9t\u00e9 accept\u00e9es, commenceront \u00e0 toucher les aides n\u00e9cessaires. Bonne nouvelle pour les m\u00e9nages de l\u2019informel. En effet, les r\u00e9centes r\u00e9clamations effectu\u00e9es par ces m\u00e9nages ont \u00e9t\u00e9 prises en consid\u00e9ration par le Comit\u00e9 de veille \u00e9conomique [&hellip;]<\/p>\n","protected":false},"author":1787,"featured_media":0,"comment_status":"closed","ping_status":"closed","sticky":false,"template":"","format":"standard","meta":{"fifu_image_url":"","fifu_image_alt":"","footnotes":""},"categories":[78,54],"tags":[],"class_list":["post-86862","post","type-post","status-publish","format-standard","hentry","category-economie","category-maroc"],"_links":{"self":[{"href":"https:\/\/linitiative.ca\/International\/wp-json\/wp\/v2\/posts\/86862","targetHints":{"allow":["GET"]}}],"collection":[{"href":"https:\/\/linitiative.ca\/International\/wp-json\/wp\/v2\/posts"}],"about":[{"href":"https:\/\/linitiative.ca\/International\/wp-json\/wp\/v2\/types\/post"}],"author":[{"embeddable":true,"href":"https:\/\/linitiative.ca\/International\/wp-json\/wp\/v2\/users\/1787"}],"replies":[{"embeddable":true,"href":"https:\/\/linitiative.ca\/International\/wp-json\/wp\/v2\/comments?post=86862"}],"version-history":[{"count":0,"href":"https:\/\/linitiative.ca\/International\/wp-json\/wp\/v2\/posts\/86862\/revisions"}],"wp:attachment":[{"href":"https:\/\/linitiative.ca\/International\/wp-json\/wp\/v2\/media?parent=86862"}],"wp:term":[{"taxonomy":"category","embeddable":true,"href":"https:\/\/linitiative.ca\/International\/wp-json\/wp\/v2\/categories?post=86862"},{"taxonomy":"post_tag","embeddable":true,"href":"https:\/\/linitiative.ca\/International\/wp-json\/wp\/v2\/tags?post=86862"}],"curies":[{"name":"wp","href":"https:\/\/api.w.org\/{rel}","templated":true}]}}