{"id":86868,"date":"2020-05-27T16:57:27","date_gmt":"2020-05-27T20:57:27","guid":{"rendered":"https:\/\/linitiative.ca\/International\/il-se-rend-compte-grace-au-confinement-quil-avait-un-enfant-de-plus\/"},"modified":"2020-05-27T16:57:27","modified_gmt":"2020-05-27T20:57:27","slug":"il-se-rend-compte-grace-au-confinement-quil-avait-un-enfant-de-plus","status":"publish","type":"post","link":"https:\/\/linitiative.ca\/International\/il-se-rend-compte-grace-au-confinement-quil-avait-un-enfant-de-plus\/","title":{"rendered":"Il se rend compte gr\u00e2ce au confinement qu\u2019il avait un enfant de plus"},"content":{"rendered":"<div class=\"post-cont-in left relative\">\n<p>Le chanteur saoudien, Mohamed Abdou, a parl\u00e9, lors d\u2019une soir\u00e9e virtuelle, diffus\u00e9e par une t\u00e9l\u00e9 saoudienne, \u00e0 l\u2019occasion de l\u2019Aid, du confinement et de sa fa\u00e7on de l\u2019avoir v\u00e9cu.<\/p>\n<div class=\"code-block code-block-1 c3\"><ins class=\"adsbygoogle c2\" data-ad-layout=\"in-article\" data-ad-format=\"fluid\" data-ad-client=\"ca-pub-2102118777505746\" data-ad-slot=\"7301775417\"\/> <\/div>\n<p>Il a assur\u00e9, plaisantant, qu\u2019il n\u2019a pas laiss\u00e9 un pyjama, ni un habit qu\u2019il n\u2019ait pas mis, et que le confinement et le fit de rester \u00e0 la maison, lui a permis de se rendre compte qu\u2019il avait dix enfants et non pas neuf comme il le croyait. Et il s\u2019en est rendu en ayant pris l\u2019habitude de compter les siens, tous les jours pendant le confinement, pour voir si tout le monde \u00e9tait l\u00e0.<\/p>\n<div class=\"swp_social_panel swp_horizontal_panel swp_flat_fresh swp_default_full_color swp_individual_full_color swp_other_full_color scale-100 scale-\" data-min-width=\"1100\" data-float-color=\"#ffffff\" data-float=\"bottom\" data-float-mobile=\"bottom\" data-transition=\"slide\">\n<div class=\"nc_tweetContainer swp_share_button total_shares total_sharesalt\"><span class=\"swp_count\">1 <span class=\"swp_label\">Partages<\/span><\/span><\/div>\n<\/div>\n<p><strong>Que se passe-t-il en Tunisie?<\/strong><br \/>Nous expliquons sur notre <a href=\"https:\/\/www.youtube.com\/channel\/UCRzypVq0B_yBad5eGrwBx0Q?sub_confirmation=1\" target=\"_blank\" rel=\"noopener noreferrer\">cha\u00eene YouTube<\/a> . <a href=\"https:\/\/www.youtube.com\/channel\/UCRzypVq0B_yBad5eGrwBx0Q?sub_confirmation=1\" target=\"_blank\" rel=\"noopener noreferrer\">Abonnez-vous!<\/a><\/p>\n<div class=\"mvp-org-wrap mvp-org-logo\" itemprop=\"publisher\" itemscope=\"\" itemtype=\"https:\/\/schema.org\/Organization\"><img decoding=\"async\" src=\"https:\/\/www.tunisienumerique.com\/wp-content\/uploads\/2017\/02\/logo_tunisie_numerique.png\"\/><\/div>\n<div class=\"mvp-related-posts left relative\">\n<h4 class=\"post-header\"><span class=\"post-header\">Lire aussi<\/span><\/h4>\n<\/div>\n<div id=\"article-ad\"><ins class=\"adsbygoogle c4\" data-ad-client=\"ca-pub-2102118777505746\" data-ad-slot=\"6513972734\" data-ad-format=\"auto\" data-full-width-responsive=\"true\"\/> <\/div>\n<\/div>\n<div id=\"post-sidebar-wrap\"><ins class=\"adsbygoogle c4\" data-ad-client=\"ca-pub-2102118777505746\" data-ad-slot=\"6168283410\" data-ad-format=\"auto\" data-full-width-responsive=\"true\"\/> <\/div>\n<p>Auteur: LM<br \/>\n<a href=\"https:\/\/www.tunisienumerique.com\/il-se-rend-compte-grace-au-confinement-quil-avait-un-enfant-de-plus\/\">Cliquez ici pour lire l&rsquo;article depuis sa source.<\/a><\/p>\n","protected":false},"excerpt":{"rendered":"<p>Le chanteur saoudien, Mohamed Abdou, a parl\u00e9, lors d\u2019une soir\u00e9e virtuelle, diffus\u00e9e par une t\u00e9l\u00e9 saoudienne, \u00e0 l\u2019occasion de l\u2019Aid, du confinement et de sa fa\u00e7on de l\u2019avoir v\u00e9cu. Il a assur\u00e9, plaisantant, qu\u2019il n\u2019a pas laiss\u00e9 un pyjama, ni un habit qu\u2019il n\u2019ait pas mis, et que le confinement et le fit de rester [&hellip;]<\/p>\n","protected":false},"author":1789,"featured_media":86869,"comment_status":"closed","ping_status":"closed","sticky":false,"template":"","format":"standard","meta":{"fifu_image_url":"","fifu_image_alt":"","footnotes":""},"categories":[73,55],"tags":[],"class_list":["post-86868","post","type-post","status-publish","format-standard","has-post-thumbnail","hentry","category-actualite","category-tunisie"],"_links":{"self":[{"href":"https:\/\/linitiative.ca\/International\/wp-json\/wp\/v2\/posts\/86868","targetHints":{"allow":["GET"]}}],"collection":[{"href":"https:\/\/linitiative.ca\/International\/wp-json\/wp\/v2\/posts"}],"about":[{"href":"https:\/\/linitiative.ca\/International\/wp-json\/wp\/v2\/types\/post"}],"author":[{"embeddable":true,"href":"https:\/\/linitiative.ca\/International\/wp-json\/wp\/v2\/users\/1789"}],"replies":[{"embeddable":true,"href":"https:\/\/linitiative.ca\/International\/wp-json\/wp\/v2\/comments?post=86868"}],"version-history":[{"count":0,"href":"https:\/\/linitiative.ca\/International\/wp-json\/wp\/v2\/posts\/86868\/revisions"}],"wp:featuredmedia":[{"embeddable":true,"href":"https:\/\/linitiative.ca\/International\/wp-json\/"}],"wp:attachment":[{"href":"https:\/\/linitiative.ca\/International\/wp-json\/wp\/v2\/media?parent=86868"}],"wp:term":[{"taxonomy":"category","embeddable":true,"href":"https:\/\/linitiative.ca\/International\/wp-json\/wp\/v2\/categories?post=86868"},{"taxonomy":"post_tag","embeddable":true,"href":"https:\/\/linitiative.ca\/International\/wp-json\/wp\/v2\/tags?post=86868"}],"curies":[{"name":"wp","href":"https:\/\/api.w.org\/{rel}","templated":true}]}}