{"id":86870,"date":"2020-05-27T17:10:06","date_gmt":"2020-05-27T21:10:06","guid":{"rendered":"https:\/\/linitiative.ca\/International\/tunisie-les-proprietaires-des-voitures-de-louage-protestent-devant-larp\/"},"modified":"2020-05-27T17:10:06","modified_gmt":"2020-05-27T21:10:06","slug":"tunisie-les-proprietaires-des-voitures-de-louage-protestent-devant-larp","status":"publish","type":"post","link":"https:\/\/linitiative.ca\/International\/tunisie-les-proprietaires-des-voitures-de-louage-protestent-devant-larp\/","title":{"rendered":"Tunisie \u2013 Les propri\u00e9taires des voitures de louage protestent devant l\u2019ARP"},"content":{"rendered":"<div class=\"post-cont-in left relative\">\n<p>Les propri\u00e9taires des voitures louage vont organiser, demain, jeudi, un sit-in devant le si\u00e8ge de l\u2019ARP, pour protester contre la d\u00e9t\u00e9rioration de leur situation financi\u00e8re des suites de l\u2019\u00e9pid\u00e9mie du covid, et ce qu\u2019il en est suivi comme mesures de confinement.<\/p>\n<div class=\"code-block code-block-1 c3\"><ins class=\"adsbygoogle c2\" data-ad-layout=\"in-article\" data-ad-format=\"fluid\" data-ad-client=\"ca-pub-2102118777505746\" data-ad-slot=\"7301775417\"\/> <\/div>\n<p>Pour rappelles propri\u00e9taires de louages ont refus\u00e9 de reprendre le travail pour permettre le d\u00e9placement des \u00e9l\u00e8ves et des enseignants \u00e0 l\u2019occasion de la reprise des cours, alors qu\u2019ils en avaient donn\u00e9 l\u2019accord, dans un premier temps.<\/p>\n<p>Ils revendiquent l\u2019obtention d\u2019aides sociales comme tous les professionnels impact\u00e9s par la crise, et l\u2019exon\u00e9ration de payer l\u2019assurance de leurs v\u00e9hicules pour la p\u00e9riode durant laquelle ils \u00e9taient immobilis\u00e9s.<\/p>\n<div class=\"swp_social_panel swp_horizontal_panel swp_flat_fresh swp_default_full_color swp_individual_full_color swp_other_full_color scale-100 scale-\" data-min-width=\"1100\" data-float-color=\"#ffffff\" data-float=\"bottom\" data-float-mobile=\"bottom\" data-transition=\"slide\">\n<div class=\"nc_tweetContainer swp_share_button total_shares total_sharesalt\"><span class=\"swp_count\">0 <span class=\"swp_label\">Partages<\/span><\/span><\/div>\n<\/div>\n<p><strong>Que se passe-t-il en Tunisie?<\/strong><br \/>Nous expliquons sur notre <a href=\"https:\/\/www.youtube.com\/channel\/UCRzypVq0B_yBad5eGrwBx0Q?sub_confirmation=1\" target=\"_blank\" rel=\"noopener noreferrer\">cha\u00eene YouTube<\/a> . <a href=\"https:\/\/www.youtube.com\/channel\/UCRzypVq0B_yBad5eGrwBx0Q?sub_confirmation=1\" target=\"_blank\" rel=\"noopener noreferrer\">Abonnez-vous!<\/a><\/p>\n<div class=\"mvp-org-wrap mvp-org-logo\" itemprop=\"publisher\" itemscope=\"\" itemtype=\"https:\/\/schema.org\/Organization\"><img decoding=\"async\" src=\"https:\/\/www.tunisienumerique.com\/wp-content\/uploads\/2017\/02\/logo_tunisie_numerique.png\"\/><\/div>\n<div class=\"mvp-related-posts left relative\">\n<h4 class=\"post-header\"><span class=\"post-header\">Lire aussi<\/span><\/h4>\n<\/div>\n<div id=\"article-ad\"><ins class=\"adsbygoogle c4\" data-ad-client=\"ca-pub-2102118777505746\" data-ad-slot=\"6513972734\" data-ad-format=\"auto\" data-full-width-responsive=\"true\"\/> <\/div>\n<\/div>\n<div id=\"post-sidebar-wrap\"><ins class=\"adsbygoogle c4\" data-ad-client=\"ca-pub-2102118777505746\" data-ad-slot=\"6168283410\" data-ad-format=\"auto\" data-full-width-responsive=\"true\"\/> <\/div>\n<p>Auteur: LM<br \/>\n<a href=\"https:\/\/www.tunisienumerique.com\/tunisie-les-proprietaires-des-voitures-de-louage-protestent-devant-larp\/\">Cliquez ici pour lire l&rsquo;article depuis sa source.<\/a><\/p>\n","protected":false},"excerpt":{"rendered":"<p>Les propri\u00e9taires des voitures louage vont organiser, demain, jeudi, un sit-in devant le si\u00e8ge de l\u2019ARP, pour protester contre la d\u00e9t\u00e9rioration de leur situation financi\u00e8re des suites de l\u2019\u00e9pid\u00e9mie du covid, et ce qu\u2019il en est suivi comme mesures de confinement. Pour rappelles propri\u00e9taires de louages ont refus\u00e9 de reprendre le travail pour permettre le [&hellip;]<\/p>\n","protected":false},"author":1789,"featured_media":86871,"comment_status":"closed","ping_status":"closed","sticky":false,"template":"","format":"standard","meta":{"fifu_image_url":"","fifu_image_alt":"","footnotes":""},"categories":[73,55],"tags":[],"class_list":["post-86870","post","type-post","status-publish","format-standard","has-post-thumbnail","hentry","category-actualite","category-tunisie"],"_links":{"self":[{"href":"https:\/\/linitiative.ca\/International\/wp-json\/wp\/v2\/posts\/86870","targetHints":{"allow":["GET"]}}],"collection":[{"href":"https:\/\/linitiative.ca\/International\/wp-json\/wp\/v2\/posts"}],"about":[{"href":"https:\/\/linitiative.ca\/International\/wp-json\/wp\/v2\/types\/post"}],"author":[{"embeddable":true,"href":"https:\/\/linitiative.ca\/International\/wp-json\/wp\/v2\/users\/1789"}],"replies":[{"embeddable":true,"href":"https:\/\/linitiative.ca\/International\/wp-json\/wp\/v2\/comments?post=86870"}],"version-history":[{"count":0,"href":"https:\/\/linitiative.ca\/International\/wp-json\/wp\/v2\/posts\/86870\/revisions"}],"wp:featuredmedia":[{"embeddable":true,"href":"https:\/\/linitiative.ca\/International\/wp-json\/"}],"wp:attachment":[{"href":"https:\/\/linitiative.ca\/International\/wp-json\/wp\/v2\/media?parent=86870"}],"wp:term":[{"taxonomy":"category","embeddable":true,"href":"https:\/\/linitiative.ca\/International\/wp-json\/wp\/v2\/categories?post=86870"},{"taxonomy":"post_tag","embeddable":true,"href":"https:\/\/linitiative.ca\/International\/wp-json\/wp\/v2\/tags?post=86870"}],"curies":[{"name":"wp","href":"https:\/\/api.w.org\/{rel}","templated":true}]}}