{"id":86875,"date":"2020-05-27T15:18:48","date_gmt":"2020-05-27T19:18:48","guid":{"rendered":"https:\/\/linitiative.ca\/International\/deces-du-juge-presidant-le-proces-kamerhe-et-compagnie\/"},"modified":"2020-05-27T15:18:48","modified_gmt":"2020-05-27T19:18:48","slug":"deces-du-juge-presidant-le-proces-kamerhe-et-compagnie","status":"publish","type":"post","link":"https:\/\/linitiative.ca\/International\/deces-du-juge-presidant-le-proces-kamerhe-et-compagnie\/","title":{"rendered":"DECES DU JUGE PRESIDANT LE PROCES KAMERHE ET COMPAGNIE"},"content":{"rendered":"<div class=\"featured-area featured-area-inner\"><img loading=\"lazy\" decoding=\"async\" width=\"592\" height=\"296\" src=\"http:\/\/lepays.bf\/wp-content\/uploads\/2020\/05\/RDC.jpg\" class=\"attachment-jannah-image-post size-jannah-image-post wp-post-image\" alt=\"\" srcset=\"http:\/\/lepays.bf\/wp-content\/uploads\/2020\/05\/RDC.jpg 592w, http:\/\/lepays.bf\/wp-content\/uploads\/2020\/05\/RDC-300x150.jpg 300w\" sizes=\"auto, (max-width: 592px) 100vw, 592px\"\/><\/div>\n<div class=\"entry-content entry clearfix\" readability=\"67\">\n<div class=\"stream-item stream-item-above-post-content\">\n<p><noscript><\/p>\n<p><a href=\"\/\/www3.smartadserver.com\/ac?jump=1&amp;nwid=2136&amp;siteid=240610&amp;pgname=rg&amp;fmtid=49046&amp;visit=m&amp;tmstp=[timestamp]&amp;out=nonrich\" target=\"_blank\" rel=\"noopener noreferrer\"><img decoding=\"async\" src=\"http:\/\/www3.smartadserver.com\/ac?out=nonrich&amp;nwid=2136&amp;siteid=240610&amp;pgname=rg&amp;fmtid=49046&amp;visit=m&amp;tmstp=[timestamp]\" border=\"0\" alt=\"\"\/><\/a><\/p>\n<p><\/noscript><\/div>\n<p class=\"c3\"><em>Il s\u2019appelait Rapha\u00ebl Yanyi Ovungu. Il \u00e9tait le pr\u00e9sident du Tribunal de grande instance de Kinshasa\/Gombe, pr\u00e9sidant la commission si\u00e9geant dans l\u2019affaire du Directeur de cabinet de la pr\u00e9sidence congolaise, Vital Kamerhe. Il a rendu l\u2019\u00e2me dans la nuit du 26 au 27 mai 2020. \u00ab\u00a0Il a eu des malaises et on l\u2019a conduit au Centre hospitalier Nganda. Il a succomb\u00e9 des suites d\u2019une crise cardiaque\u00a0\u00bb, a d\u00e9clar\u00e9 le charg\u00e9 des op\u00e9rations de la Police nationale congolaise, Miguel Bagaya. Ag\u00e9 d\u2019une cinquantaine d\u2019ann\u00e9es, le d\u00e9funt magistrat venait de pr\u00e9sider la deuxi\u00e8me audience du proc\u00e8s Kamerhe, qu\u2019il avait finalement renvoy\u00e9 au 3 juin\u00a0; la d\u00e9fense ayant demand\u00e9 au tribunal d\u2019inviter plusieurs t\u00e9moins \u00e0 la barre. Certes, officiellement, Rapha\u00ebl Yanyi Ovungu est d\u00e9c\u00e9d\u00e9 des suites d\u2019une crise cardiaque. Mais quand on sait le r\u00f4le central qu\u2019il jouait dans le proc\u00e8s historique d\u2019une haute personnalit\u00e9 qu\u2019est Vital Kamerhe, on peut \u00e9mettre des doutes. Rien ne dit, en effet, que le magistrat n\u2019a pas \u00e9t\u00e9 victime d\u2019un empoisonnement, tant il donnait l\u2019impression d\u2019en savoir trop sur ce scandale de gros sous qui implique des hi\u00e9rarques de l\u2019Etat congolais. Ce n\u2019est pas impossible.<\/em><\/p>\n<p class=\"c3\"><strong><em>Quel impact le d\u00e9c\u00e8s de ce magistrat peut-il avoir sur le proc\u00e8s embl\u00e9matique en cours\u00a0?<\/em><\/strong><\/p>\n<p class=\"c3\"><em>Car, les hommes politiques sont ainsi faits qu\u2019ils sont pr\u00eats \u00e0 tout, surtout quand leurs int\u00e9r\u00eats sont menac\u00e9s. En tout cas, en attendant qu\u2019une enqu\u00eate s\u00e9rieuse vienne \u00e9lucider les circonstances du d\u00e9c\u00e8s du pr\u00e9sident du TGI de la Gombe, aucune piste n\u2019est \u00e0 \u00e9carter, y compris celle d\u2019un assassinat par voie myst\u00e9rieuse. Car, ne l\u2019oublions pas, nous sommes en Afrique o\u00f9 l\u2019on n\u2019h\u00e9site pas souvent \u00e0 jeter un mauvais sort \u00e0 quelqu\u2019un, surtout si celui-ci se montre intraitable dans certaines situations.<\/em><br \/><em>En tout cas, il est difficile de ne pas \u00e9tablir un lien de cause \u00e0 effet entre le d\u00e9c\u00e8s du juge et le proc\u00e8s du directeur de cabinet de F\u00e9lix Tshiseked\u00e9, qui cristallise beaucoup d\u2019attentions.\u00a0<\/em> <em>Cela dit, la question que tout le monde se pose actuellement est la suivante : quel impact le d\u00e9c\u00e8s de ce magistrat peut-il avoir sur le proc\u00e8s embl\u00e9matique en cours dont les Congolais attendent avec beaucoup d\u2019impatience, le d\u00e9nouement ? Difficile d\u2019y r\u00e9pondre. Pour le moins, on sait que le proc\u00e8s de Kamerhe est bien parti pour tra\u00eener en longueur. Toute chose qui ne l\u2019arrange pas ; lui dont les demandes de remise en libert\u00e9 provisoire ont maintes fois \u00e9t\u00e9 rejet\u00e9es. Il devra encore s\u2019armer de courage et de patience en attendant que soit recompos\u00e9 le tribunal.\u00a0<\/em><\/p>\n<p class=\"c3\"><strong><em>B.O<\/em><\/strong><\/p>\n<\/div>\n<p>Auteur: Le Pays<br \/>\n<a href=\"http:\/\/lepays.bf\/deces-du-juge-presidant-le-proces-kamerhe-et-compagnie\/\">Cliquez ici pour lire l&rsquo;article depuis sa source.<\/a><\/p>\n","protected":false},"excerpt":{"rendered":"<p>Il s\u2019appelait Rapha\u00ebl Yanyi Ovungu. Il \u00e9tait le pr\u00e9sident du Tribunal de grande instance de Kinshasa\/Gombe, pr\u00e9sidant la commission si\u00e9geant dans l\u2019affaire du Directeur de cabinet de la pr\u00e9sidence congolaise, Vital Kamerhe. Il a rendu l\u2019\u00e2me dans la nuit du 26 au 27 mai 2020. \u00ab\u00a0Il a eu des malaises et on l\u2019a conduit au [&hellip;]<\/p>\n","protected":false},"author":1813,"featured_media":86876,"comment_status":"closed","ping_status":"closed","sticky":false,"template":"","format":"standard","meta":{"fifu_image_url":"","fifu_image_alt":"","footnotes":""},"categories":[73,81],"tags":[],"class_list":["post-86875","post","type-post","status-publish","format-standard","has-post-thumbnail","hentry","category-actualite","category-burkina-faso"],"_links":{"self":[{"href":"https:\/\/linitiative.ca\/International\/wp-json\/wp\/v2\/posts\/86875","targetHints":{"allow":["GET"]}}],"collection":[{"href":"https:\/\/linitiative.ca\/International\/wp-json\/wp\/v2\/posts"}],"about":[{"href":"https:\/\/linitiative.ca\/International\/wp-json\/wp\/v2\/types\/post"}],"author":[{"embeddable":true,"href":"https:\/\/linitiative.ca\/International\/wp-json\/wp\/v2\/users\/1813"}],"replies":[{"embeddable":true,"href":"https:\/\/linitiative.ca\/International\/wp-json\/wp\/v2\/comments?post=86875"}],"version-history":[{"count":0,"href":"https:\/\/linitiative.ca\/International\/wp-json\/wp\/v2\/posts\/86875\/revisions"}],"wp:featuredmedia":[{"embeddable":true,"href":"https:\/\/linitiative.ca\/International\/wp-json\/"}],"wp:attachment":[{"href":"https:\/\/linitiative.ca\/International\/wp-json\/wp\/v2\/media?parent=86875"}],"wp:term":[{"taxonomy":"category","embeddable":true,"href":"https:\/\/linitiative.ca\/International\/wp-json\/wp\/v2\/categories?post=86875"},{"taxonomy":"post_tag","embeddable":true,"href":"https:\/\/linitiative.ca\/International\/wp-json\/wp\/v2\/tags?post=86875"}],"curies":[{"name":"wp","href":"https:\/\/api.w.org\/{rel}","templated":true}]}}