{"id":86886,"date":"2020-05-27T17:18:03","date_gmt":"2020-05-27T21:18:03","guid":{"rendered":"https:\/\/linitiative.ca\/International\/ibrahim-sy-savane-nomme-ambassadeur-de-la-cote-divoire-en-tunisie\/"},"modified":"2020-05-27T17:18:03","modified_gmt":"2020-05-27T21:18:03","slug":"ibrahim-sy-savane-nomme-ambassadeur-de-la-cote-divoire-en-tunisie","status":"publish","type":"post","link":"https:\/\/linitiative.ca\/International\/ibrahim-sy-savane-nomme-ambassadeur-de-la-cote-divoire-en-tunisie\/","title":{"rendered":"Ibrahim Sy Savan\u00e9 nomm\u00e9 ambassadeur de la C\u00f4te d\u2019Ivoire en Tunisie"},"content":{"rendered":"<div readability=\"32\">\n<p>Publi\u00e9 le 27.05.2020 \u00e0 22h18 par APA News<\/p>\n<\/div>\n<div readability=\"45\">\n<p>L\u2019ancien pr\u00e9sident de la Haute autorit\u00e9 de la communication audiovisuelle ( HACA), l\u2019organe de r\u00e9gulation de l\u2019audiovisuel en C\u00f4te d\u2019Ivoire, Ibrahim Sy Savan\u00e9 a \u00e9t\u00e9 nomm\u00e9, mercredi , au terme d\u2019un Conseil des ministres pr\u00e9sid\u00e9 par le pr\u00e9sident Alassane Ouattara, ambassadeur de la C\u00f4te d\u2019Ivoire en Tunisie.\u00ab Le \u00a0Conseil a donn\u00e9 son accord en vue de la nomination de Monsieur Sy Savan\u00e9 Ibrahim en qualit\u00e9 d\u2019ambassadeur extraordinaire et pl\u00e9nipotentiaire de la R\u00e9publique de C\u00f4te d\u2019Ivoire pr\u00e8s la R\u00e9publique tunisienne, avec r\u00e9sidence \u00e0 Tunis\u00bb, rapporte le communiqu\u00e9 final de cette rencontre hebdomadaire du gouvernement ivoirien transmis \u00e0 APA.\u00a0<\/p>\n<p>Le nouvel ambassadeur de la C\u00f4te d\u2019Ivoire en Tunisie a \u00e9t\u00e9 auparavant pr\u00e9sident de la HACA et ministre de la communication.<\/p>\n<\/div>\n<p>Auteur: APA News<br \/>\n<a href=\"https:\/\/www.journalducameroun.com\/ibrahim-sy-savane-nomme-ambassadeur-de-la-cote-divoire-en-tunisie\/\">Cliquez ici pour lire l&rsquo;article depuis sa source.<\/a><\/p>\n","protected":false},"excerpt":{"rendered":"<p>Publi\u00e9 le 27.05.2020 \u00e0 22h18 par APA News L\u2019ancien pr\u00e9sident de la Haute autorit\u00e9 de la communication audiovisuelle ( HACA), l\u2019organe de r\u00e9gulation de l\u2019audiovisuel en C\u00f4te d\u2019Ivoire, Ibrahim Sy Savan\u00e9 a \u00e9t\u00e9 nomm\u00e9, mercredi , au terme d\u2019un Conseil des ministres pr\u00e9sid\u00e9 par le pr\u00e9sident Alassane Ouattara, ambassadeur de la C\u00f4te d\u2019Ivoire en Tunisie.\u00ab [&hellip;]<\/p>\n","protected":false},"author":1965,"featured_media":0,"comment_status":"closed","ping_status":"closed","sticky":false,"template":"","format":"standard","meta":{"fifu_image_url":"","fifu_image_alt":"","footnotes":""},"categories":[73,82],"tags":[],"class_list":["post-86886","post","type-post","status-publish","format-standard","hentry","category-actualite","category-cameroun"],"_links":{"self":[{"href":"https:\/\/linitiative.ca\/International\/wp-json\/wp\/v2\/posts\/86886","targetHints":{"allow":["GET"]}}],"collection":[{"href":"https:\/\/linitiative.ca\/International\/wp-json\/wp\/v2\/posts"}],"about":[{"href":"https:\/\/linitiative.ca\/International\/wp-json\/wp\/v2\/types\/post"}],"author":[{"embeddable":true,"href":"https:\/\/linitiative.ca\/International\/wp-json\/wp\/v2\/users\/1965"}],"replies":[{"embeddable":true,"href":"https:\/\/linitiative.ca\/International\/wp-json\/wp\/v2\/comments?post=86886"}],"version-history":[{"count":0,"href":"https:\/\/linitiative.ca\/International\/wp-json\/wp\/v2\/posts\/86886\/revisions"}],"wp:attachment":[{"href":"https:\/\/linitiative.ca\/International\/wp-json\/wp\/v2\/media?parent=86886"}],"wp:term":[{"taxonomy":"category","embeddable":true,"href":"https:\/\/linitiative.ca\/International\/wp-json\/wp\/v2\/categories?post=86886"},{"taxonomy":"post_tag","embeddable":true,"href":"https:\/\/linitiative.ca\/International\/wp-json\/wp\/v2\/tags?post=86886"}],"curies":[{"name":"wp","href":"https:\/\/api.w.org\/{rel}","templated":true}]}}