{"id":86887,"date":"2020-05-27T17:18:06","date_gmt":"2020-05-27T21:18:06","guid":{"rendered":"https:\/\/linitiative.ca\/International\/malawi-la-presidentielle-face-a-des-defis-juridiques-et-sanitaires-majeurs\/"},"modified":"2020-05-27T17:18:06","modified_gmt":"2020-05-27T21:18:06","slug":"malawi-la-presidentielle-face-a-des-defis-juridiques-et-sanitaires-majeurs","status":"publish","type":"post","link":"https:\/\/linitiative.ca\/International\/malawi-la-presidentielle-face-a-des-defis-juridiques-et-sanitaires-majeurs\/","title":{"rendered":"Malawi : la pr\u00e9sidentielle face \u00e0 des d\u00e9fis juridiques et sanitaires majeurs"},"content":{"rendered":"<div readability=\"32\">\n<p>Publi\u00e9 le 27.05.2020 \u00e0 22h18 par APA News<\/p>\n<\/div>\n<div readability=\"100\">\n<p>La marche vers le Palais de la R\u00e9publique du Malawi s\u2019av\u00e8re difficile pour les candidats \u00e0 la pr\u00e9sidence et leurs partisans.C\u2019\u00e9tait d\u2019abord l\u2019\u00e9lection pr\u00e9sidentielle organis\u00e9e en mai 2019 dont l\u2019issue a \u00e9t\u00e9 contest\u00e9e avec succ\u00e8s par l\u2019opposition en f\u00e9vrier, ce qui a conduit la Cour constitutionnelle \u00e0 annuler la r\u00e9\u00e9lection du pr\u00e9sident Peter Mutharika et \u00e0 ordonner une nouvelle \u00e9lection dans les 150 jours.<\/p>\n<p>Ensuite est venue la plainte tr\u00e8s molle contre la d\u00e9cision de la Cour constitutionnelle par Mutharika et la Commission \u00e9lectorale du Malawi (MEC). Ce recours a cependant \u00e9t\u00e9 rejet\u00e9 par la Cour supr\u00eame au d\u00e9but du mois.<\/p>\n<p>Comme si ces obstacles juridiques ne suffisaient pas, les acteurs politiques et les responsables \u00e9lectoraux doivent faire face \u00e0 deux autres d\u00e9fis.<\/p>\n<p>L\u2019un d\u2019eux est d\u2019ordre juridique et implique la confusion entourant la date du scrutin.<\/p>\n<p>La MEC et la commission des affaires juridiques du Parlement ont annonc\u00e9 que les \u00e9lections se tiendraient le 23 juin, tandis que le Procureur g\u00e9n\u00e9ral, Kalekeni Kaphale a d\u00e9clar\u00e9 nulle et non avenue une r\u00e9solution de la commission fixant la date du scrutin.<\/p>\n<p>Dans une lettre dat\u00e9e du 22 mai, Kaphale a fait valoir que le comit\u00e9 s\u2019\u00e9tait \u00ab\u00a0mal orient\u00e9\u00a0\u00bb en se pronon\u00e7ant \u00e0 la date du scrutin et en ordonnant au MEC de faire avancer les \u00e9lections \u00e0 partir de la date ant\u00e9rieure du 2 juillet qui avait \u00e9t\u00e9 fix\u00e9e par le corps \u00e9lectoral.<\/p>\n<p>Il a d\u00e9clar\u00e9 que le comit\u00e9 juridique n\u2019a pas le pouvoir de fixer la date du scrutin.<\/p>\n<p>\u00ab\u00a0Pour commencer, votre commission n\u2019est pas du tout le Parlement. Il s\u2019agit simplement d\u2019une commission parlementaire\u00a0\u00bb, a d\u00e9clar\u00e9 Kaphale, ajoutant ainsi une couche aux obstacles entourant les prochaines \u00e9lections.<\/p>\n<p>Cependant, le d\u00e9fi le plus redoutable que devra relever la commission \u00e9lectorale et les acteurs politiques sera de savoir comment garantir que la campagne et le scrutin ne vont pas d\u00e9clencher une hausse des cas de coronavirus.<\/p>\n<p>Jusqu\u2019\u00e0 pr\u00e9sent, le Malawi a enregistr\u00e9 101 cas de Covid-19 et quatre d\u00e9c\u00e8s, et il est \u00e0 craindre que ce nombre augmente en raison du non respect de la distanciation sociale pendant la campagne en cours.<\/p>\n<p>Les politiciens font tout pour obtenir des votes, y compris pour exhorter leurs partisans \u00e0 ignorer les messages de sant\u00e9 sur la pr\u00e9vention du coronavirus.<\/p>\n<p>Le vice-pr\u00e9sident du pays, Saulos Chilima, a r\u00e9cemment d\u00e9clar\u00e9 \u00e0 ses partisans du Mouvement de transformation unifi\u00e9 lors d\u2019un rassemblement politique dans la capitale Lilongwe qu\u2019ils devraient continuer \u00e0 converger en grand nombre.<\/p>\n<p>L\u2019UTM conteste la reprise pr\u00e9sidentielle dans le cadre d\u2019une alliance \u00e9lectorale qui comprend le Parti du Congr\u00e8s du Malawi (MCP) et le Parti du peuple (PP).<\/p>\n<p>\u00ab\u00a0Quand nous marchons, si vous rencontrez quelqu\u2019un qui met des v\u00eatements MCP, serrez-le dans vos bras. Et si vous rencontrez quelqu\u2019un avec des v\u00eatements PP, serrez-le dans vos bras\u00a0\u00bb, a d\u00e9clar\u00e9 Chilima.<\/p>\n<p>Il a ajout\u00e9 que l\u2019on ne pouvait pas contracter la Covid-19 en \u00e9treignant d\u2019autres personnes.<\/p>\n<\/div>\n<p>Auteur: APA News<br \/>\n<a href=\"https:\/\/www.journalducameroun.com\/malawi-la-presidentielle-face-a-des-defis-juridiques-et-sanitaires-majeurs\/\">Cliquez ici pour lire l&rsquo;article depuis sa source.<\/a><\/p>\n","protected":false},"excerpt":{"rendered":"<p>Publi\u00e9 le 27.05.2020 \u00e0 22h18 par APA News La marche vers le Palais de la R\u00e9publique du Malawi s\u2019av\u00e8re difficile pour les candidats \u00e0 la pr\u00e9sidence et leurs partisans.C\u2019\u00e9tait d\u2019abord l\u2019\u00e9lection pr\u00e9sidentielle organis\u00e9e en mai 2019 dont l\u2019issue a \u00e9t\u00e9 contest\u00e9e avec succ\u00e8s par l\u2019opposition en f\u00e9vrier, ce qui a conduit la Cour constitutionnelle \u00e0 [&hellip;]<\/p>\n","protected":false},"author":1965,"featured_media":0,"comment_status":"closed","ping_status":"closed","sticky":false,"template":"","format":"standard","meta":{"fifu_image_url":"","fifu_image_alt":"","footnotes":""},"categories":[73,82],"tags":[],"class_list":["post-86887","post","type-post","status-publish","format-standard","hentry","category-actualite","category-cameroun"],"_links":{"self":[{"href":"https:\/\/linitiative.ca\/International\/wp-json\/wp\/v2\/posts\/86887","targetHints":{"allow":["GET"]}}],"collection":[{"href":"https:\/\/linitiative.ca\/International\/wp-json\/wp\/v2\/posts"}],"about":[{"href":"https:\/\/linitiative.ca\/International\/wp-json\/wp\/v2\/types\/post"}],"author":[{"embeddable":true,"href":"https:\/\/linitiative.ca\/International\/wp-json\/wp\/v2\/users\/1965"}],"replies":[{"embeddable":true,"href":"https:\/\/linitiative.ca\/International\/wp-json\/wp\/v2\/comments?post=86887"}],"version-history":[{"count":0,"href":"https:\/\/linitiative.ca\/International\/wp-json\/wp\/v2\/posts\/86887\/revisions"}],"wp:attachment":[{"href":"https:\/\/linitiative.ca\/International\/wp-json\/wp\/v2\/media?parent=86887"}],"wp:term":[{"taxonomy":"category","embeddable":true,"href":"https:\/\/linitiative.ca\/International\/wp-json\/wp\/v2\/categories?post=86887"},{"taxonomy":"post_tag","embeddable":true,"href":"https:\/\/linitiative.ca\/International\/wp-json\/wp\/v2\/tags?post=86887"}],"curies":[{"name":"wp","href":"https:\/\/api.w.org\/{rel}","templated":true}]}}