{"id":86888,"date":"2020-05-27T17:18:08","date_gmt":"2020-05-27T21:18:08","guid":{"rendered":"https:\/\/linitiative.ca\/International\/le-fonds-des-nations-unies-pour-la-population-equipe-le-personnel-soignant-contre-la-covid-19-en-cote-divoire\/"},"modified":"2020-05-27T17:18:08","modified_gmt":"2020-05-27T21:18:08","slug":"le-fonds-des-nations-unies-pour-la-population-equipe-le-personnel-soignant-contre-la-covid-19-en-cote-divoire","status":"publish","type":"post","link":"https:\/\/linitiative.ca\/International\/le-fonds-des-nations-unies-pour-la-population-equipe-le-personnel-soignant-contre-la-covid-19-en-cote-divoire\/","title":{"rendered":"Le Fonds des Nations unies pour la population \u00e9quipe le personnel soignant contre la Covid-19 en C\u00f4te d\u2019Ivoire"},"content":{"rendered":"<div readability=\"32\">\n<p>Publi\u00e9 le 27.05.2020 \u00e0 22h18 par APA News<\/p>\n<\/div>\n<div readability=\"107\">\n<p>Le Fonds des Nations unies pour la population (FNUAP) ou United Nations Fund for Population (UNFPA) a \u00e9quip\u00e9, mercredi, le personnel soignant de C\u00f4te d\u2019Ivoire en \u00e9quipements de protection contre la Covid-19, a constat\u00e9 APA sur place \u00e0 Abidjan, la capitale \u00e9conomique du pays.D\u2019une valeur de 88,4 millions de FCFA, ce don d\u2019\u00e9quipements de protection est compos\u00e9 notamment de combinaisons de protection, des lunettes de protection, des gangs, des thermom\u00e8tres, des bavettes, des gels hydro-alcooliques \u00ab pour le personnel soignant qui r\u00e9alise un travail remarquable \u00bb.<\/p>\n<p>\u00ab UNFPA \u00e0 l\u2019instar des autres organisations des Nations Unies a d\u00e9velopp\u00e9 une r\u00e9ponse pour accompagner le gouvernement de C\u00f4te d\u2019Ivoire \u00bb, a d\u00e9clar\u00e9 Caspar Peek, le \u00a0repr\u00e9sentant du Fonds des Nations unies pour la population en C\u00f4te d\u2019Ivoire dans une allocution lors de la remise officielle de ce don au ministre ivoirien de la Sant\u00e9 et de l\u2019hygi\u00e8ne publique, Dr Eug\u00e8ne Aka Aou\u00e9l\u00e9.<\/p>\n<p>A cette occasion, le haut fonctionnaire onusien a soulign\u00e9 que pendant cette crise sanitaire, son institution travaille pour l\u2019\u00e9quipement des agents de sant\u00e9 et l\u2019appui pour la qualit\u00e9 des soins, mais \u00e9galement pour la bonne information sur la Covid-19.<\/p>\n<p>Avec le minist\u00e8re ivoirien de la femme, de la famille et de l\u2019enfant, cette agence des Nations unies travaille sur les violences bas\u00e9es sur le Genre. Elle a \u00e9galement con\u00e7u des spots pour une campagne de sensibilisation sur \u00a0la continuit\u00e9 des soins dans les diff\u00e9rentes structures du pays. \u00a0<\/p>\n<p>\u00ab Nous r\u00e9it\u00e9rons notre engagement \u00e0 accompagner le corps m\u00e9dical \u00e0 faire face \u00e0 la maladie de Coronavirus \u00bb, a promis Caspar Peek qui intervenait dans un webinaire.<\/p>\n<p>\u00a0A son tour, le ministre ivoirien de la Sant\u00e9 et de l\u2019hygi\u00e8ne publique a salu\u00e9 cet appui de l\u2019UNFPA, un partenaire important et strat\u00e9gique pour l\u2019Etat de C\u00f4te d\u2019Ivoire.<\/p>\n<p>\u00ab C\u2019est la r\u00e9ponse de toutes les bonnes volont\u00e9s au message du Pr\u00e9sident de la R\u00e9publique qui avait demand\u00e9 que l\u2019on appuie la C\u00f4te d\u2019Ivoire pour lui permettre de r\u00e9ussir le combat que nous menons contre la Covid-19 \u00e0 travers le Plan de riposte sanitaire qui a \u00e9t\u00e9 d\u00e9cid\u00e9 \u00bb, a expliqu\u00e9 Dr Aka Aou\u00e9l\u00e9, rappelant que ce Plan a \u00e9t\u00e9 \u00e9labor\u00e9 pour un co\u00fbt d\u2019un peu plus de 95 milliards FCFA.<\/p>\n<p>\u00ab C\u2019est pour dire que la C\u00f4te d\u2019Ivoire sait d\u2019abord compter sur elle-m\u00eame et bien \u00e9videmment avant de tendre la main aux autres. La C\u00f4te d\u2019Ivoire a bien d\u00e9marr\u00e9 quelque chose par ses propres moyens. Mais ce n\u2019est pas suffisant s\u2019agissant d\u2019une maladie qui a envahi le monde entier \u00bb, a-t-il poursuivi.<\/p>\n<p>Selon lui, \u00ab c\u2019est dans la solidarit\u00e9, l\u2019union de toutes les \u00e9nergies qu\u2019on peut r\u00e9ussir \u00e0 contenir cette pand\u00e9mie \u00bb.<\/p>\n<p>\u00ab Je suis donc heureux de recevoir ces dons au nom du minist\u00e8re de la Sant\u00e9 et de l\u2019hygi\u00e8ne publique \u00bb, s\u2019est f\u00e9licit\u00e9 Dr Eug\u00e8ne Aka Aou\u00e9l\u00e9, traduisant la \u00ab reconnaissance du gouvernement \u00e0 l\u2019UNFPA \u00bb, un \u00ab bon partenaire qui manifeste toujours sa contribution dans nos actions \u00bb.<\/p>\n<p>Depuis le d\u00e9but de la pand\u00e9mie, la C\u00f4te d\u2019Ivoire enregistre \u00e0 ce jour 2556 cas confirm\u00e9s de maladie \u00e0 Covid-19 dont 1302 gu\u00e9ris et 31 d\u00e9c\u00e8s.<\/p>\n<\/div>\n<p>Auteur: APA News<br \/>\n<a href=\"https:\/\/www.journalducameroun.com\/le-fonds-des-nations-unies-pour-la-population-equipe-le-personnel-soignant-contre-la-covid-19-en-cote-divoire\/\">Cliquez ici pour lire l&rsquo;article depuis sa source.<\/a><\/p>\n","protected":false},"excerpt":{"rendered":"<p>Publi\u00e9 le 27.05.2020 \u00e0 22h18 par APA News Le Fonds des Nations unies pour la population (FNUAP) ou United Nations Fund for Population (UNFPA) a \u00e9quip\u00e9, mercredi, le personnel soignant de C\u00f4te d\u2019Ivoire en \u00e9quipements de protection contre la Covid-19, a constat\u00e9 APA sur place \u00e0 Abidjan, la capitale \u00e9conomique du pays.D\u2019une valeur de 88,4 [&hellip;]<\/p>\n","protected":false},"author":1965,"featured_media":0,"comment_status":"closed","ping_status":"closed","sticky":false,"template":"","format":"standard","meta":{"fifu_image_url":"","fifu_image_alt":"","footnotes":""},"categories":[73,82],"tags":[],"class_list":["post-86888","post","type-post","status-publish","format-standard","hentry","category-actualite","category-cameroun"],"_links":{"self":[{"href":"https:\/\/linitiative.ca\/International\/wp-json\/wp\/v2\/posts\/86888","targetHints":{"allow":["GET"]}}],"collection":[{"href":"https:\/\/linitiative.ca\/International\/wp-json\/wp\/v2\/posts"}],"about":[{"href":"https:\/\/linitiative.ca\/International\/wp-json\/wp\/v2\/types\/post"}],"author":[{"embeddable":true,"href":"https:\/\/linitiative.ca\/International\/wp-json\/wp\/v2\/users\/1965"}],"replies":[{"embeddable":true,"href":"https:\/\/linitiative.ca\/International\/wp-json\/wp\/v2\/comments?post=86888"}],"version-history":[{"count":0,"href":"https:\/\/linitiative.ca\/International\/wp-json\/wp\/v2\/posts\/86888\/revisions"}],"wp:attachment":[{"href":"https:\/\/linitiative.ca\/International\/wp-json\/wp\/v2\/media?parent=86888"}],"wp:term":[{"taxonomy":"category","embeddable":true,"href":"https:\/\/linitiative.ca\/International\/wp-json\/wp\/v2\/categories?post=86888"},{"taxonomy":"post_tag","embeddable":true,"href":"https:\/\/linitiative.ca\/International\/wp-json\/wp\/v2\/tags?post=86888"}],"curies":[{"name":"wp","href":"https:\/\/api.w.org\/{rel}","templated":true}]}}