{"id":86889,"date":"2020-05-27T17:18:10","date_gmt":"2020-05-27T21:18:10","guid":{"rendered":"https:\/\/linitiative.ca\/International\/cote-divoire-la-revision-de-la-liste-electorale-fixee-du-10-au-24-juin-prochain\/"},"modified":"2020-05-27T17:18:10","modified_gmt":"2020-05-27T21:18:10","slug":"cote-divoire-la-revision-de-la-liste-electorale-fixee-du-10-au-24-juin-prochain","status":"publish","type":"post","link":"https:\/\/linitiative.ca\/International\/cote-divoire-la-revision-de-la-liste-electorale-fixee-du-10-au-24-juin-prochain\/","title":{"rendered":"C\u00f4te d\u2019Ivoire : la r\u00e9vision de la liste \u00e9lectorale fix\u00e9e du 10 au 24 juin prochain"},"content":{"rendered":"<div readability=\"32\">\n<p>Publi\u00e9 le 27.05.2020 \u00e0 22h18 par APA News<\/p>\n<\/div>\n<div readability=\"70\">\n<p>Le gouvernement ivoirien a adopt\u00e9 mercredi un d\u00e9cret fixant la r\u00e9vision de la liste \u00e9lectorale sur la p\u00e9riode du 10 au 24 juin prochain, a appris APA de source officielle.\u00ab Conform\u00e9ment \u00e0 la l\u00e9gislation \u00e9lectorale nationale et sur proposition de la Commission Electorale Ind\u00e9pendante (CEI), ce d\u00e9cret fixe la r\u00e9vision de la liste \u00e9lectorale sur la p\u00e9riode du 10 au 24 juin 2020\u00bb, rapporte le communiqu\u00e9 du Conseil des ministres pr\u00e9sid\u00e9 par le pr\u00e9sident ivoirien Alassane Ouattara.\u00a0<\/p>\n<p>A cet effet, explique le gouvernement, \u00a0environ 11 000 centres d\u2019enr\u00f4lement seront ouverts pour permettre aux requ\u00e9rants d\u2019\u00eatre le plus proche possible de leur lieu d\u2019inscription sur la liste \u00e9lectorale.\u00a0<\/p>\n<p>Aussi, compte tenu de la pand\u00e9mie de la Covid-19, ajoute le document, \u00a0la CEI offre la possibilit\u00e9 aux \u00e9lecteurs qui souhaitent changer de lieu de vote de le faire en ligne.\u00a0<\/p>\n<p>Par ailleurs, un deuxi\u00e8me d\u00e9cret a \u00e9t\u00e9 adopt\u00e9 par l\u2019ex\u00e9cutif ivoirien et \u00a0d\u00e9termine les modalit\u00e9s relatives \u00e0 la preuve du domicile, de la r\u00e9sidence, de l\u2019inscription au r\u00f4le des contributions et de l\u2019immatriculation dans une repr\u00e9sentation diplomatique ou consulaire, en vue d\u2019un changement du lieu de vote sur la liste \u00e9lectorale.\u00a0<\/p>\n<p>\u00ab En application du Code \u00e9lectoral, ce d\u00e9cret pr\u00e9cise les modalit\u00e9s de la preuve pour un changement \u00e9ventuel de lieu de vote pour les \u00e9lecteurs int\u00e9ress\u00e9s\u00bb, \u00a0explique le communiqu\u00e9. \u00a0<\/p>\n<p>L\u2019op\u00e9ration d\u2019\u00e9tablissement de la nouvelle carte nationale d\u2019identit\u00e9 ivoirienne devant servir \u00e0 l\u2019enr\u00f4lement des \u00e9lecteurs sur la liste \u00e9lectorale a d\u00e9but\u00e9 depuis plus de trois mois. A ce jour, plus de 400 mille ivoiriens ont \u00e9t\u00e9 enr\u00f4l\u00e9s sur une population globale estim\u00e9e \u00e0 11 millions de personnes. La pr\u00e9sidentielle ivoirienne est constitutionnellement pr\u00e9vue le 31 octobre 2020.<\/p>\n<\/div>\n<p>Auteur: APA News<br \/>\n<a href=\"https:\/\/www.journalducameroun.com\/cote-divoire-la-revision-de-la-liste-electorale-fixee-du-10-au-24-juin-prochain\/\">Cliquez ici pour lire l&rsquo;article depuis sa source.<\/a><\/p>\n","protected":false},"excerpt":{"rendered":"<p>Publi\u00e9 le 27.05.2020 \u00e0 22h18 par APA News Le gouvernement ivoirien a adopt\u00e9 mercredi un d\u00e9cret fixant la r\u00e9vision de la liste \u00e9lectorale sur la p\u00e9riode du 10 au 24 juin prochain, a appris APA de source officielle.\u00ab Conform\u00e9ment \u00e0 la l\u00e9gislation \u00e9lectorale nationale et sur proposition de la Commission Electorale Ind\u00e9pendante (CEI), ce d\u00e9cret [&hellip;]<\/p>\n","protected":false},"author":1965,"featured_media":0,"comment_status":"closed","ping_status":"closed","sticky":false,"template":"","format":"standard","meta":{"fifu_image_url":"","fifu_image_alt":"","footnotes":""},"categories":[73,82],"tags":[],"class_list":["post-86889","post","type-post","status-publish","format-standard","hentry","category-actualite","category-cameroun"],"_links":{"self":[{"href":"https:\/\/linitiative.ca\/International\/wp-json\/wp\/v2\/posts\/86889","targetHints":{"allow":["GET"]}}],"collection":[{"href":"https:\/\/linitiative.ca\/International\/wp-json\/wp\/v2\/posts"}],"about":[{"href":"https:\/\/linitiative.ca\/International\/wp-json\/wp\/v2\/types\/post"}],"author":[{"embeddable":true,"href":"https:\/\/linitiative.ca\/International\/wp-json\/wp\/v2\/users\/1965"}],"replies":[{"embeddable":true,"href":"https:\/\/linitiative.ca\/International\/wp-json\/wp\/v2\/comments?post=86889"}],"version-history":[{"count":0,"href":"https:\/\/linitiative.ca\/International\/wp-json\/wp\/v2\/posts\/86889\/revisions"}],"wp:attachment":[{"href":"https:\/\/linitiative.ca\/International\/wp-json\/wp\/v2\/media?parent=86889"}],"wp:term":[{"taxonomy":"category","embeddable":true,"href":"https:\/\/linitiative.ca\/International\/wp-json\/wp\/v2\/categories?post=86889"},{"taxonomy":"post_tag","embeddable":true,"href":"https:\/\/linitiative.ca\/International\/wp-json\/wp\/v2\/tags?post=86889"}],"curies":[{"name":"wp","href":"https:\/\/api.w.org\/{rel}","templated":true}]}}