{"id":86892,"date":"2020-05-27T11:39:24","date_gmt":"2020-05-27T15:39:24","guid":{"rendered":"https:\/\/linitiative.ca\/International\/la-cosumaf-a-un-nouveau-siege-a-libreville\/"},"modified":"2020-05-27T11:39:24","modified_gmt":"2020-05-27T15:39:24","slug":"la-cosumaf-a-un-nouveau-siege-a-libreville","status":"publish","type":"post","link":"https:\/\/linitiative.ca\/International\/la-cosumaf-a-un-nouveau-siege-a-libreville\/","title":{"rendered":"La Cosumaf a un nouveau si\u00e8ge \u00e0 Libreville"},"content":{"rendered":"<div id=\"the-post\">\n<div class=\"featured-area featured-area-inner\"><img loading=\"lazy\" decoding=\"async\" width=\"780\" height=\"470\" src=\"https:\/\/ecomatin.net\/wp-content\/uploads\/2020\/05\/IMG-20200527-WA0001-780x470.jpg\" class=\"attachment-jannah-image-post size-jannah-image-post wp-post-image\" alt=\"cosumaf\" data-attachment-id=\"16179\" data-permalink=\"https:\/\/ecomatin.net\/la-cosumaf-a-un-nouveau-siege-a-libreville\/img-20200527-wa0001\/\" data-orig-file=\"https:\/\/ecomatin.net\/wp-content\/uploads\/2020\/05\/IMG-20200527-WA0001.jpg\" data-orig-size=\"1008,642\" data-comments-opened=\"0\" data-image-meta=\"{&quot;aperture&quot;:&quot;0&quot;,&quot;credit&quot;:&quot;&quot;,&quot;camera&quot;:&quot;&quot;,&quot;caption&quot;:&quot;&quot;,&quot;created_timestamp&quot;:&quot;0&quot;,&quot;copyright&quot;:&quot;&quot;,&quot;focal_length&quot;:&quot;0&quot;,&quot;iso&quot;:&quot;0&quot;,&quot;shutter_speed&quot;:&quot;0&quot;,&quot;title&quot;:&quot;&quot;,&quot;orientation&quot;:&quot;0&quot;}\" data-image-title=\"IMG-20200527-WA0001\" data-image-description=\"\" data-medium-file=\"https:\/\/ecomatin.net\/wp-content\/uploads\/2020\/05\/IMG-20200527-WA0001-300x191.jpg\" data-large-file=\"https:\/\/ecomatin.net\/wp-content\/uploads\/2020\/05\/IMG-20200527-WA0001.jpg\"\/><\/div>\n<div class=\"entry-content entry clearfix\" readability=\"51.29303599374\">\n<p>C\u2019est un b\u00e2timent flambant neuf de deux \u00e9tages, situ\u00e9 au centre-ville de la capitale gabonaise qui servira d\u00e9sormais de si\u00e8ge \u00a0\u00e0 la <strong>Commission de surveillance du march\u00e9 financier de l\u2019Afrique centrale<\/strong>(Cosumaf). La remise symbolique des cl\u00e9s s\u2019est tenu le 08 mai dernier entre un repr\u00e9sentant du ministre de l\u2019\u00e9conomie et des finances du <strong>Gabon<\/strong> et la secr\u00e9taire g\u00e9n\u00e9rale de la Cosumaf, <strong>Danielle BUNDUKU-LATHA<\/strong> repr\u00e9sentante du pr\u00e9sident de l\u2019institution.<\/p>\n<p class=\"has-background has-very-light-gray-background-color c2\"><strong>&gt;&gt;Lire aussi-<a href=\"https:\/\/ecomatin.net\/marche-financier-la-cosumaf-bientot-auditee\/\">March\u00e9 financier : La Cosumaf bient\u00f4t audit\u00e9e<\/a><\/strong><\/p>\n<p>\u00a0Avec plus d\u2019une trentaine de bureaux, des locaux techniques, salles de r\u00e9unions, un hall et un parking interne et externe la nouvelle b\u00e2tisse est le fruit \u00a0d\u2019un accord de si\u00e8ge sign\u00e9 le 25 juillet 2005 entre le Gouvernement de la R\u00e9publique gabonaise et la Cosumaf. En vertu de cet accord, \u00ab\u00a0le Gouvernement s\u2019engage \u00e0 fournir gratuitement les locaux abritant le si\u00e8ge de la <strong>Cosumaf<\/strong> dans la ville de Libreville. Le si\u00e8ge est inviolable et il est plac\u00e9 sous l\u2019autorit\u00e9 pleine et enti\u00e8re de la Cosumaf. Le Gouvernement assure gratuitement la protection des locaux de la Cosumaf et le maintien de l\u2019ordre dans leur voisinage imm\u00e9diat \u00bb pr\u00e9cise l\u2019article 3 de l\u2019accord.<\/p>\n<p class=\"has-background has-very-light-gray-background-color c2\"><strong>&gt;&gt;Lire aussi-<\/strong> <strong><a href=\"https:\/\/ecomatin.net\/zone-cemac-fusion-entre-la-cmf-et-la-cosumaf\/\">Zone Cemac: fusion entre la CMF et la Cosumaf<\/a><\/strong><\/p>\n<p>Au moment de la r\u00e9ception, Danielle BUNDUKU-LATHA a tenu \u00e0 exprimer sa reconnaissance et la gratitude de l\u2019institution qu\u2019elle repr\u00e9sente vis-\u00e0-vis des autorit\u00e9s gabonaises pour l\u2019aboutissement de ce processus. Dans un communiqu\u00e9 publi\u00e9 le 12 mai 2020, le pr\u00e9sident de la Cosumaf indique que l\u2019am\u00e9nagement vers le nouveau si\u00e8ge sera effectif dans les prochains mois.<\/p>\n<p>Rappelons que la Cosumaf est \u00e0 ce jour l\u2019autorit\u00e9 de contr\u00f4le et de tutelle du march\u00e9 \u00a0financier de la <strong>Cemac<\/strong>. Elle veille \u00e0 la protection de l\u2019\u00e9pargne investie en valeurs mobili\u00e8res et autres instruments financiers, \u00e0 l\u2019information des investisseurs et au bon fonctionnement du march\u00e9.<\/p>\n<p class=\"has-background has-very-light-gray-background-color c2\"><strong>&gt;&gt;Lire aussi-<\/strong> <strong><a href=\"https:\/\/ecomatin.net\/valeurs-mobilieres-la-cosumaf-sensibilise-les-acteurs\/\">Valeurs mobili\u00e8res: la Cosumaf sensibilise les acteurs<\/a><\/strong><\/p>\n<div class=\"awac-wrapper awac widget posts-list-widget-13\">\n<h4 class=\"widget-title\">Recent Posts<\/h4>\n<\/div>\n<\/div>\n<\/div>\n<div readability=\"31.5\">\n<div class=\"container-wrapper subscribe-widget widget-inner-wrap subscribe-widget-content\" id=\"post-newsletter\" readability=\"33\">\n<h4>With Product You Purchase<\/h4>\n<h3>Subscribe to our mailing list to get the new updates!<\/h3>\n<p>Lorem ipsum dolor sit amet, consectetur.<\/p>\n<\/div>\n<\/div>\n<p>Auteur: EcoMatin<br \/>\n<a href=\"https:\/\/ecomatin.net\/la-cosumaf-a-un-nouveau-siege-a-libreville\/\">Cliquez ici pour lire l&rsquo;article depuis sa source.<\/a><\/p>\n","protected":false},"excerpt":{"rendered":"<p>C\u2019est un b\u00e2timent flambant neuf de deux \u00e9tages, situ\u00e9 au centre-ville de la capitale gabonaise qui servira d\u00e9sormais de si\u00e8ge \u00a0\u00e0 la Commission de surveillance du march\u00e9 financier de l\u2019Afrique centrale(Cosumaf). La remise symbolique des cl\u00e9s s\u2019est tenu le 08 mai dernier entre un repr\u00e9sentant du ministre de l\u2019\u00e9conomie et des finances du Gabon et [&hellip;]<\/p>\n","protected":false},"author":1969,"featured_media":86893,"comment_status":"closed","ping_status":"closed","sticky":false,"template":"","format":"standard","meta":{"fifu_image_url":"","fifu_image_alt":"","footnotes":""},"categories":[82,78],"tags":[],"class_list":["post-86892","post","type-post","status-publish","format-standard","has-post-thumbnail","hentry","category-cameroun","category-economie"],"_links":{"self":[{"href":"https:\/\/linitiative.ca\/International\/wp-json\/wp\/v2\/posts\/86892","targetHints":{"allow":["GET"]}}],"collection":[{"href":"https:\/\/linitiative.ca\/International\/wp-json\/wp\/v2\/posts"}],"about":[{"href":"https:\/\/linitiative.ca\/International\/wp-json\/wp\/v2\/types\/post"}],"author":[{"embeddable":true,"href":"https:\/\/linitiative.ca\/International\/wp-json\/wp\/v2\/users\/1969"}],"replies":[{"embeddable":true,"href":"https:\/\/linitiative.ca\/International\/wp-json\/wp\/v2\/comments?post=86892"}],"version-history":[{"count":0,"href":"https:\/\/linitiative.ca\/International\/wp-json\/wp\/v2\/posts\/86892\/revisions"}],"wp:featuredmedia":[{"embeddable":true,"href":"https:\/\/linitiative.ca\/International\/wp-json\/"}],"wp:attachment":[{"href":"https:\/\/linitiative.ca\/International\/wp-json\/wp\/v2\/media?parent=86892"}],"wp:term":[{"taxonomy":"category","embeddable":true,"href":"https:\/\/linitiative.ca\/International\/wp-json\/wp\/v2\/categories?post=86892"},{"taxonomy":"post_tag","embeddable":true,"href":"https:\/\/linitiative.ca\/International\/wp-json\/wp\/v2\/tags?post=86892"}],"curies":[{"name":"wp","href":"https:\/\/api.w.org\/{rel}","templated":true}]}}