{"id":86894,"date":"2020-05-27T12:54:24","date_gmt":"2020-05-27T16:54:24","guid":{"rendered":"https:\/\/linitiative.ca\/International\/andre-mama-fouda-nomme-pca-du-chracerh\/"},"modified":"2020-05-27T12:54:24","modified_gmt":"2020-05-27T16:54:24","slug":"andre-mama-fouda-nomme-pca-du-chracerh","status":"publish","type":"post","link":"https:\/\/linitiative.ca\/International\/andre-mama-fouda-nomme-pca-du-chracerh\/","title":{"rendered":"Andr\u00e9 Mama Fouda nomm\u00e9 PCA du Chracerh"},"content":{"rendered":"<div id=\"the-post\">\n<div class=\"featured-area featured-area-inner\"><img loading=\"lazy\" decoding=\"async\" width=\"780\" height=\"444\" src=\"https:\/\/ecomatin.net\/wp-content\/uploads\/2020\/05\/andre_mama_fouda_conference-780x444.jpg\" class=\"attachment-jannah-image-post size-jannah-image-post wp-post-image\" alt=\"Andre MAMA\" data-attachment-id=\"16182\" data-permalink=\"https:\/\/ecomatin.net\/andre-mama-fouda-nomme-pca-du-chracerh\/andre_mama_fouda_conference\/\" data-orig-file=\"https:\/\/ecomatin.net\/wp-content\/uploads\/2020\/05\/andre_mama_fouda_conference.jpg\" data-orig-size=\"800,444\" data-comments-opened=\"0\" data-image-meta=\"{&quot;aperture&quot;:&quot;0&quot;,&quot;credit&quot;:&quot;&quot;,&quot;camera&quot;:&quot;&quot;,&quot;caption&quot;:&quot;&quot;,&quot;created_timestamp&quot;:&quot;0&quot;,&quot;copyright&quot;:&quot;&quot;,&quot;focal_length&quot;:&quot;0&quot;,&quot;iso&quot;:&quot;0&quot;,&quot;shutter_speed&quot;:&quot;0&quot;,&quot;title&quot;:&quot;&quot;,&quot;orientation&quot;:&quot;0&quot;}\" data-image-title=\"andre_mama_fouda_conference\" data-image-description=\"\" data-medium-file=\"https:\/\/ecomatin.net\/wp-content\/uploads\/2020\/05\/andre_mama_fouda_conference-300x167.jpg\" data-large-file=\"https:\/\/ecomatin.net\/wp-content\/uploads\/2020\/05\/andre_mama_fouda_conference.jpg\"\/><\/div>\n<div class=\"entry-content entry clearfix\" readability=\"47.001019887812\">\n<p>Le Centre hospitalier de recherche et d\u2019application en chirurgie endoscopique et reproduction humaine de Yaound\u00e9(Chracerh) a un nouveau Pr\u00e9sident du conseil d\u2019administration(Pca). Andr\u00e9 Mama Fouda a \u00e9t\u00e9 nomm\u00e9 ce mercredi 27 mai par un d\u00e9cret du chef de l\u2019Etat. Cet ing\u00e9nieur du g\u00e9nie civil n\u2019est pas en terrain inconnu, lui qui a c\u00f4toy\u00e9 en haut lieu le domaine sanitaire au Cameroun. De 2007 \u00e0 2019(12 ans) il occupait le poste de ministre de la sant\u00e9 public du Cameroun. Un an apr\u00e8s son \u00e9viction du gouvernement, il est appel\u00e9 \u00e0 pr\u00e9sider aux destin\u00e9es du conseil d\u2019administration de cet \u00e9tablissement sanitaire public sp\u00e9cialis\u00e9 dans la procr\u00e9ation m\u00e9dicalement assist\u00e9e.<\/p>\n<p>N\u00e9 le 24 juillet 1951 \u00e0 Yaound\u00e9 dans le d\u00e9partement du Mfoundi, Andr\u00e9 Mama Fouda a assum\u00e9, en 1990, les fonctions de Directeur g\u00e9n\u00e9ral par int\u00e9rim de la Soci\u00e9t\u00e9 immobili\u00e8re du Cameroun(Sic). De 1991 \u00e0 2007, il est DG de la MAETUR, avant d\u2019\u00eatre appel\u00e9 au gouvernement.<\/p>\n<p>Inaugur\u00e9 en 2016 par la premi\u00e8re dame du Cameroun, Chantal Biya, le Chracerh a \u00e9t\u00e9 cr\u00e9\u00e9 en 2011 par un d\u00e9cret pr\u00e9sidentiel. Il veut un espace d\u2019innovation m\u00e9dicale avec une capacit\u00e9 d\u2019accueil de 60 lits. Ses principales missions sont entre autres, garantir \u00e0 la femme les meilleures conditions de procr\u00e9ation, dans son r\u00f4le naturel de m\u00e8re, mener les activit\u00e9s de recherche en mati\u00e8re d\u2019endoscopie et de reproduction humaine, dispenser des soins de haut niveau en gyn\u00e9cologie et obst\u00e9trique.<\/p>\n<div class=\"awac-wrapper awac widget posts-list-widget-13\">\n<h4 class=\"widget-title\">Recent Posts<\/h4>\n<\/div>\n<\/div>\n<\/div>\n<div readability=\"31.5\">\n<div class=\"container-wrapper subscribe-widget widget-inner-wrap subscribe-widget-content\" id=\"post-newsletter\" readability=\"33\">\n<h4>With Product You Purchase<\/h4>\n<h3>Subscribe to our mailing list to get the new updates!<\/h3>\n<p>Lorem ipsum dolor sit amet, consectetur.<\/p>\n<\/div>\n<\/div>\n<p>Auteur: EcoMatin<br \/>\n<a href=\"https:\/\/ecomatin.net\/andre-mama-fouda-nomme-pca-du-chracerh\/\">Cliquez ici pour lire l&rsquo;article depuis sa source.<\/a><\/p>\n","protected":false},"excerpt":{"rendered":"<p>Le Centre hospitalier de recherche et d\u2019application en chirurgie endoscopique et reproduction humaine de Yaound\u00e9(Chracerh) a un nouveau Pr\u00e9sident du conseil d\u2019administration(Pca). Andr\u00e9 Mama Fouda a \u00e9t\u00e9 nomm\u00e9 ce mercredi 27 mai par un d\u00e9cret du chef de l\u2019Etat. Cet ing\u00e9nieur du g\u00e9nie civil n\u2019est pas en terrain inconnu, lui qui a c\u00f4toy\u00e9 en haut [&hellip;]<\/p>\n","protected":false},"author":1969,"featured_media":86895,"comment_status":"closed","ping_status":"closed","sticky":false,"template":"","format":"standard","meta":{"fifu_image_url":"","fifu_image_alt":"","footnotes":""},"categories":[82,78],"tags":[],"class_list":["post-86894","post","type-post","status-publish","format-standard","has-post-thumbnail","hentry","category-cameroun","category-economie"],"_links":{"self":[{"href":"https:\/\/linitiative.ca\/International\/wp-json\/wp\/v2\/posts\/86894","targetHints":{"allow":["GET"]}}],"collection":[{"href":"https:\/\/linitiative.ca\/International\/wp-json\/wp\/v2\/posts"}],"about":[{"href":"https:\/\/linitiative.ca\/International\/wp-json\/wp\/v2\/types\/post"}],"author":[{"embeddable":true,"href":"https:\/\/linitiative.ca\/International\/wp-json\/wp\/v2\/users\/1969"}],"replies":[{"embeddable":true,"href":"https:\/\/linitiative.ca\/International\/wp-json\/wp\/v2\/comments?post=86894"}],"version-history":[{"count":0,"href":"https:\/\/linitiative.ca\/International\/wp-json\/wp\/v2\/posts\/86894\/revisions"}],"wp:featuredmedia":[{"embeddable":true,"href":"https:\/\/linitiative.ca\/International\/wp-json\/"}],"wp:attachment":[{"href":"https:\/\/linitiative.ca\/International\/wp-json\/wp\/v2\/media?parent=86894"}],"wp:term":[{"taxonomy":"category","embeddable":true,"href":"https:\/\/linitiative.ca\/International\/wp-json\/wp\/v2\/categories?post=86894"},{"taxonomy":"post_tag","embeddable":true,"href":"https:\/\/linitiative.ca\/International\/wp-json\/wp\/v2\/tags?post=86894"}],"curies":[{"name":"wp","href":"https:\/\/api.w.org\/{rel}","templated":true}]}}